{"id":10517,"date":"2016-09-23T13:23:44","date_gmt":"2016-09-23T13:23:44","guid":{"rendered":"http:\/\/artout.ro\/reviste\/blog\/?p=10517"},"modified":"2016-09-27T19:50:29","modified_gmt":"2016-09-27T19:50:29","slug":"sala-omnia-va-fi-gata-in-2019","status":"publish","type":"post","link":"https:\/\/www.artout.ro\/lounge\/articole-art-out\/sala-omnia-va-fi-gata-in-2019\/","title":{"rendered":"Sala Omnia va fi gata \u00een 2019"},"content":{"rendered":"<p style=\"text-align: justify;\"><em>Centrul Na\u0163ional al Dansului Bucure\u015fti se va muta \u00een noua sa cas\u0103 \u00een anul 2019, potrivit directorului Unit\u0103\u0163ii de Management al Proiectului din Ministerul Culturii, Bogdan Tr\u00eembaciu.<\/em><\/p>\n<p><a href=\"http:\/\/artout.ro\/reviste\/blog\/wp-content\/uploads\/2016\/09\/DSC_5753.jpg\"><img fetchpriority=\"high\" decoding=\"async\" class=\" wp-image-10599 aligncenter\" src=\"http:\/\/artout.ro\/reviste\/blog\/wp-content\/uploads\/2016\/09\/DSC_5753.jpg\" alt=\"dsc_5753\" width=\"520\" height=\"347\" data-id=\"10599\" srcset=\"https:\/\/www.artout.ro\/lounge\/wp-content\/uploads\/2016\/09\/DSC_5753.jpg 1500w, https:\/\/www.artout.ro\/lounge\/wp-content\/uploads\/2016\/09\/DSC_5753-600x400.jpg 600w, https:\/\/www.artout.ro\/lounge\/wp-content\/uploads\/2016\/09\/DSC_5753-300x200.jpg 300w, https:\/\/www.artout.ro\/lounge\/wp-content\/uploads\/2016\/09\/DSC_5753-1024x682.jpg 1024w, https:\/\/www.artout.ro\/lounge\/wp-content\/uploads\/2016\/09\/DSC_5753-624x416.jpg 624w, https:\/\/www.artout.ro\/lounge\/wp-content\/uploads\/2016\/09\/DSC_5753-900x600.jpg 900w\" sizes=\"(max-width: 520px) 100vw, 520px\" \/><\/a><\/p>\n<p style=\"text-align: justify;\"><strong>Bucure<\/strong><strong>\u015f<\/strong><strong>ti\u00a0<\/strong><strong>\u2013<\/strong><strong>Corina <\/strong><strong>\u015e<\/strong><strong>uteu, ministrul Culturii, Bogdan Tr<\/strong><strong>\u00ee<\/strong><strong>mbaciu, directorul Unit<\/strong><strong>\u0103<\/strong><strong>\u0163<\/strong><strong>ii de Management al Proiectului din cadrul Ministerului Culturii, <\/strong><strong>\u015f<\/strong><strong>i Elena Seimeanu, director al Direc<\/strong>\u021b<strong>iei Achizi<\/strong>\u021b<strong>ii, Administrativ \u0219i Investi<\/strong>\u021b<strong>ii din aceea<\/strong><strong>\u015f<\/strong><strong>i institu<\/strong><strong>\u0163<\/strong><strong>ie, au participat luni, 19 septembrie 2016, la o \u00eent\u00e2lnire cu reprezentan<\/strong><strong>\u0163<\/strong><strong>i ai comunit<\/strong><strong>\u0103<\/strong><strong>\u0163<\/strong><strong>ii coregrafilor <\/strong><strong>\u015f<\/strong><strong>i arti<\/strong><strong>\u015f<\/strong><strong>tilor cu care Centrul Na<\/strong><strong>\u0163<\/strong><strong>ional al Dansului Bucure<\/strong><strong>\u015f<\/strong><strong>ti (CNDB) a colaborat de-a lungul timpului, organizat\u0103 la sala Stere Popescu din Bulevardul M\u0103r\u0103<\/strong><strong>\u015f<\/strong><strong>e<\/strong><strong>\u015f<\/strong><strong>ti 80-82.<\/strong><\/p>\n<p style=\"text-align: justify;\">\u00cen cadrul acestei \u00eent\u00e2lniri, reprezentan\u0163ii Ministerului Culturii i-au asigurat pe arti\u015ftii \u015fi coregrafii din domeniul dansului contemporan c\u0103 Sala Omnia, care a trecut \u00een administrarea CNDB prin hot\u0103r\u00e2rea adoptat\u0103 de Guvern \u00een \u0219edin\u021ba de joi, 8 septembrie 2016, \u0219i publicat\u0103 \u00een Monitorul Oficial, Partea I, nr. 722, din 19 septembrie 2016, va putea fi utilizat\u0103 <strong>\u00eencep\u00e2nd cel t\u00e2rziu din prima jum\u0103tate a anului 2019<\/strong>.<\/p>\n<p><a href=\"http:\/\/artout.ro\/reviste\/blog\/wp-content\/uploads\/2016\/09\/DSC_5754.jpg\"><img decoding=\"async\" class=\" wp-image-10600 aligncenter\" src=\"http:\/\/artout.ro\/reviste\/blog\/wp-content\/uploads\/2016\/09\/DSC_5754.jpg\" alt=\"dsc_5754\" width=\"495\" height=\"330\" data-id=\"10600\" srcset=\"https:\/\/www.artout.ro\/lounge\/wp-content\/uploads\/2016\/09\/DSC_5754.jpg 1500w, https:\/\/www.artout.ro\/lounge\/wp-content\/uploads\/2016\/09\/DSC_5754-600x400.jpg 600w, https:\/\/www.artout.ro\/lounge\/wp-content\/uploads\/2016\/09\/DSC_5754-300x200.jpg 300w, https:\/\/www.artout.ro\/lounge\/wp-content\/uploads\/2016\/09\/DSC_5754-1024x682.jpg 1024w, https:\/\/www.artout.ro\/lounge\/wp-content\/uploads\/2016\/09\/DSC_5754-624x416.jpg 624w, https:\/\/www.artout.ro\/lounge\/wp-content\/uploads\/2016\/09\/DSC_5754-900x600.jpg 900w\" sizes=\"(max-width: 495px) 100vw, 495px\" \/><\/a><\/p>\n<p style=\"text-align: justify;\">\u201e<em>Ne dorim s\u0103 existe un soi de r\u0103spundere partajat\u0103 \u00eentre administra<\/em><em>\u0163<\/em><em>ia care va r<\/em><em>\u0103<\/em><em>m<\/em><em>\u00e2<\/em><em>ne <\/em><em>\u015f<\/em><em>i purt<\/em><em>\u0103<\/em><em>torii proiectului, care sunte<\/em><em>\u0163<\/em><em>i dumneavoastr\u0103, deci s\u0103 urm\u0103ri<\/em><em>\u0163<\/em><em>i <\/em><em>\u015f<\/em><em>i dumneavoastr<\/em><em>\u0103<\/em><em> al<\/em><em>\u0103<\/em><em>turi de ei ce se va <\/em><em>\u00ee<\/em><em>nt<\/em><em>\u00e2<\/em><em>mpla cu acest Centru, care e calendarul pe care <\/em><em>\u00ee<\/em><em>l propun, cum anume vor avansa lucrurile <\/em><em>\u00ee<\/em><em>n a<\/em><em>\u015f<\/em><em>a fel <\/em><em>\u00ee<\/em><em>nc<\/em><em>\u00e2<\/em><em>t Centrul acesta s<\/em><em>\u0103<\/em><em> devin<\/em><em>\u0103 \u00ee<\/em><em>ntr-adev<\/em><em>\u0103<\/em><em>r un centru dedicat dansului<\/em>\u201d, a declarat <strong>Corina <\/strong><strong>\u015e<\/strong><strong>uteu<\/strong> \u00een deschiderea \u00eent\u00e2lnirii.<\/p>\n<p style=\"text-align: justify;\">\u201e<em>Sala Omnia este inclus\u0103 \u00een acordul-cadru de \u00eemprumut cu Banca de Dezvoltare a Consiliului Europei, prin care am f\u0103cut \u2013 Ministerul Culturii <\/em><em>\u015f<\/em><em>i Unitatea de Management al Proiectului <\/em><em>\u2013<\/em><em> Biblioteca Na<\/em><em>\u0163<\/em><em>ional<\/em><em>\u0103<\/em><em>. \u00cempreun\u0103 cu conducerea Centrului <\/em><em>\u015f<\/em><em>i cu Ministerul Culturii <\/em><em>\u015f<\/em><em>i doamna ministru, avem planuri mari<\/em>\u201d, le-a transmis <strong>Bogdan Tr\u00eembaciu<\/strong> celor prezen\u0163i. \u201e<em>Spuneam c\u0103 a<\/em><em>\u0163<\/em><em>i primit mai mult dec<\/em><em>\u00e2<\/em><em>t o cl<\/em><em>\u0103<\/em><em>dire pentru c<\/em><em>\u0103<\/em><em> a<\/em><em>\u0163<\/em><em>i primit <\/em><em>\u015f<\/em><em>i o sum<\/em><em>\u0103\u00a0<\/em><em>de bani consistent\u0103, adic\u0103 aproximativ 12 milioane de euro f\u0103r\u0103 TVA pentru restaurarea acestei cl\u0103diri. Este o sum\u0103 care ne va permite s\u0103 facem tot ceea ce dumneavoastr\u0103 ne cere<\/em><em>\u0163<\/em><em>i. Investi<\/em><em>\u0163<\/em><em>ia va fi e<\/em><em>\u015f<\/em><em>alonat<\/em><em>\u0103<\/em><em> pe maximum trei ani, sper<\/em><em>\u0103<\/em><em>m noi. Deja am demarat discu<\/em><em>\u0163<\/em><em>iile cu doamna director Vava <\/em><em>\u015e<\/em><em>tef<\/em><em>\u0103<\/em><em>nescu <\/em><em>\u015f<\/em><em>i am primit de la dumneavoastr<\/em><em>\u0103\u00a0<\/em><em>o tem\u0103 de proiectare. Care \u00eenseamn\u0103, \u00een mare, ceea ce Centrul Na<\/em><em>\u0163<\/em><em>ional al Dansului dore<\/em><em>\u015f<\/em><em>te s<\/em><em>\u0103<\/em><em> fac<\/em><em>\u0103<\/em><em> acolo, asta incluz<\/em><em>\u00e2<\/em><em>nd ce tipuri de spa<\/em><em>\u0163<\/em><em>ii, cum ar trebui s<\/em><em>\u0103<\/em><em> arate sala <\/em><em>\u00ee<\/em><em>n a<\/em><em>\u015f<\/em><em>a fel <\/em><em>\u00ee<\/em><em>nc<\/em><em>\u00e2<\/em><em>t s<\/em><em>\u0103<\/em><em> r<\/em><em>\u0103<\/em><em>spund<\/em><em>\u0103<\/em><em> cerin<\/em><em>\u0163<\/em><em>elor unui astfel de Centru, dot\u0103ri <\/em><em>\u015f<\/em><em>i absolut tot ceea ce este necesar.<\/em>\u201d<\/p>\n<p><a href=\"http:\/\/artout.ro\/reviste\/blog\/wp-content\/uploads\/2016\/09\/DSC_5762.jpg\"><img decoding=\"async\" class=\" wp-image-10601 aligncenter\" src=\"http:\/\/artout.ro\/reviste\/blog\/wp-content\/uploads\/2016\/09\/DSC_5762.jpg\" alt=\"dsc_5762\" width=\"500\" height=\"333\" data-id=\"10601\" srcset=\"https:\/\/www.artout.ro\/lounge\/wp-content\/uploads\/2016\/09\/DSC_5762.jpg 1500w, https:\/\/www.artout.ro\/lounge\/wp-content\/uploads\/2016\/09\/DSC_5762-600x400.jpg 600w, https:\/\/www.artout.ro\/lounge\/wp-content\/uploads\/2016\/09\/DSC_5762-300x200.jpg 300w, https:\/\/www.artout.ro\/lounge\/wp-content\/uploads\/2016\/09\/DSC_5762-1024x682.jpg 1024w, https:\/\/www.artout.ro\/lounge\/wp-content\/uploads\/2016\/09\/DSC_5762-624x416.jpg 624w, https:\/\/www.artout.ro\/lounge\/wp-content\/uploads\/2016\/09\/DSC_5762-900x600.jpg 900w\" sizes=\"(max-width: 500px) 100vw, 500px\" \/><\/a><\/p>\n<p style=\"text-align: justify;\">Directorul Unit\u0103\u0163ii de Management al Proiectului din Ministerul Culturii a explicat \u015fi felul \u00een care va evolua amenajarea S\u0103lii Omnia: \u201e<em>Din bugetul pe anul viitor avem deja alocate 5 milioane de euro ca s\u0103 demar\u0103m totul. Cum vom demara? Ne-am g\u00e2ndit s\u0103 facem un concurs de solu<\/em><em>\u0163<\/em><em>ii, pentru c<\/em><em>\u0103<\/em><em> fiind o cl<\/em><em>\u0103<\/em><em>dire care nu este monument istoric <\/em><em>\u015f<\/em><em>i o cl<\/em><em>\u0103<\/em><em>dire care se transform<\/em><em>\u0103\u2013<\/em><em> ea a fost sal<\/em><em>\u0103<\/em><em> de congrese, f<\/em><em>\u0103<\/em><em>cut<\/em><em>\u0103<\/em><em> de regimul de dinainte de <\/em><em>\u2019<\/em><em>89 -, aici avem nevoie de o viziune arhitectural\u0103, care s\u0103 <\/em><em>\u0163<\/em><em>in<\/em><em>\u0103<\/em><em> cont de solicit<\/em><em>\u0103<\/em><em>rile dumneavoastr<\/em><em>\u0103<\/em><em>.<\/em><\/p>\n<p style=\"text-align: justify;\">Vrem s<em>\u0103<\/em><em> facem o procedur<\/em><em>\u0103<\/em><em> c<\/em><em>\u00e2<\/em><em>t mai rapid<\/em><em>\u0103<\/em><em>, astfel <\/em><em>\u00ee<\/em><em>nc<\/em><em>\u00e2<\/em><em>t concursul de solu<\/em><em>\u0163<\/em><em>ii s<\/em><em>\u0103<\/em><em> se materializeze <\/em><em>\u015f<\/em><em>i <\/em><em>\u00ee<\/em><em>n <\/em><em>\u00ee<\/em><em>ncredin<\/em><em>\u0163<\/em><em>area proiectului pentru viitoarea Sal<\/em><em>\u0103<\/em><em> Omnia, urm<\/em><em>\u00e2<\/em><em>nd ca execu<\/em><em>\u0163<\/em><em>ia s<\/em><em>\u0103<\/em><em> se fac<\/em><em>\u0103 \u00ee<\/em><em>ntr-un maximum de 2 ani. Noi <\/em><em>\u00ee<\/em><em>ncerc<\/em><em>\u0103<\/em><em>m s<\/em><em>\u0103<\/em><em> finaliz<\/em><em>\u0103<\/em><em>m totul la sf<\/em><em>\u00e2<\/em><em>r<\/em><em>\u015f<\/em><em>itul lui 2018, dar depinde de duratele licita<\/em><em>\u0163<\/em><em>iilor, de nimic altceva. V<\/em><em>\u0103<\/em><em> putem spune de pe acum c<\/em><em>\u0103<\/em><em> la sf<\/em><em>\u00e2<\/em><em>r<\/em><em>\u015f<\/em><em>itul lui 2018, sau dac<\/em><em>\u0103<\/em><em> nu, pe parcursul primei jum<\/em><em>\u0103<\/em><em>t<\/em><em>\u0103<\/em><em>\u0163<\/em><em>i a anului 2019, Centrul Na<\/em><em>\u0163<\/em><em>ional al Dansului va fi gata de utilizare pentru dumneavoastr<\/em><em>\u0103<\/em><em>. Sunt ni<\/em><em>\u015f<\/em><em>te date fixe, banii nu se pot pierde, sunt prin<\/em><em>\u015f<\/em><em>i <\/em><em>\u00ee<\/em><em>n acordul-cadru de <\/em><em>\u00ee<\/em><em>mprumut, sunt aloca<\/em><em>\u0163<\/em><em>i Ministerului Culturii, conform limitelor pe care le avem pentru anul 2017 la Ministerul Finan<\/em><em>\u0163<\/em><em>elor, ei sunt prev<\/em><em>\u0103<\/em><em>zu<\/em><em>\u0163<\/em><em>i acolo.<\/em>\u201d<\/p>\n<p style=\"text-align: justify;\">\u201e<em>Colegii care au elaborat hot\u0103r\u00e2rea de Guvern s-au preocupat ca \u00een aceast\u0103 hot\u0103r\u00e2re s\u0103 fi<\/em><em>\u0163<\/em><em>i <\/em><em>\u015f<\/em><em>i beneficiarii finan<\/em><em>\u0163<\/em><em>\u0103<\/em><em>rii prin Unitatea de Management al Proiectului, s<\/em><em>\u0103<\/em><em> nu se piard<\/em><em>\u0103<\/em><em> banii odat<\/em><em>\u0103<\/em><em> cu acest transfer <\/em><em>\u015f<\/em><em>i s<\/em><em>\u0103<\/em><em> ave<\/em><em>\u0163<\/em><em>i beneficiul de a putea avea <\/em><em>\u00ee<\/em><em>n doi ani o cl<\/em><em>\u0103<\/em><em>dire nou<\/em><em>\u0103<\/em><em> pe care s-o pute<\/em><em>\u0163<\/em><em>i utiliza <\/em><em>\u00ee<\/em><em>n func<\/em><em>\u0163<\/em><em>ie de nevoile dumneavoastr<\/em><em>\u0103<\/em>\u201d, a ad\u0103ugat <strong>Elena Seimeanu<\/strong>, director al Direc\u021biei Achizi\u021bii, Administrativ \u0219i Investi\u021bii.<\/p>\n<p><a href=\"http:\/\/artout.ro\/reviste\/blog\/wp-content\/uploads\/2016\/09\/DSC_5767.jpg\"><img loading=\"lazy\" decoding=\"async\" class=\" wp-image-10602 aligncenter\" src=\"http:\/\/artout.ro\/reviste\/blog\/wp-content\/uploads\/2016\/09\/DSC_5767.jpg\" alt=\"dsc_5767\" width=\"523\" height=\"349\" data-id=\"10602\" srcset=\"https:\/\/www.artout.ro\/lounge\/wp-content\/uploads\/2016\/09\/DSC_5767.jpg 1500w, https:\/\/www.artout.ro\/lounge\/wp-content\/uploads\/2016\/09\/DSC_5767-600x400.jpg 600w, https:\/\/www.artout.ro\/lounge\/wp-content\/uploads\/2016\/09\/DSC_5767-300x200.jpg 300w, https:\/\/www.artout.ro\/lounge\/wp-content\/uploads\/2016\/09\/DSC_5767-1024x682.jpg 1024w, https:\/\/www.artout.ro\/lounge\/wp-content\/uploads\/2016\/09\/DSC_5767-624x416.jpg 624w, https:\/\/www.artout.ro\/lounge\/wp-content\/uploads\/2016\/09\/DSC_5767-900x600.jpg 900w\" sizes=\"(max-width: 523px) 100vw, 523px\" \/><\/a><\/p>\n<p style=\"text-align: justify;\"><strong>Centrul Na<\/strong><strong>\u0163<\/strong><strong>ional al Dansului Bucure<\/strong><strong>\u015f<\/strong><strong>ti<\/strong> este singura institu\u0163ie public\u0103 de cultur\u0103 aflat\u0103 \u00een subordinea Ministerului Culturii creat\u0103 cu scopul de a sus\u0163ine, dezvolta \u015fi promova dansul contemporan.<\/p>\n<p style=\"text-align: justify;\">Centrul sus\u0163ine \u015fi promoveaz\u0103 programe \u015fi proiecte care contribuie la dezvoltarea culturii coregrafice \u015fi care fac posibil\u0103 participarea scenei locale la un dialog extins la nivel interna\u0163ional. CNDB \u00eencurajeaz\u0103 cercetarea, experimentul \u015fi inova\u0163ia \u00een c\u00e2mpul practicilor \u015fi teoriilor din arta contemporan\u0103 \u015fi contribuie la crearea unui mediu favorabil dialogului, reflec\u0163iei \u015fi dezbaterii.<\/p>\n<p style=\"text-align: justify;\">Creat ca o interfa\u0163\u0103 dinamic\u0103 \u015fi flexibil\u0103 de rela\u0163ionare \u00eentre profesioni\u015ftii domeniului \u015fi publicul larg, CNDB prezint\u0103 anual o stagiune de spectacole \u00een care sunt invitate produc\u0163ii de dans contemporan rom\u00e2ne\u015fti \u015fi str\u0103ine, \u015fi coproduc\u0163iile interna\u0163ionale pe care Centrul le sus\u0163ine, oferind astfel publicului o palet\u0103 larg\u0103 de discursuri artistice \u015fi op\u0163iuni estetice.<\/p>\n","protected":false},"excerpt":{"rendered":"<p>Centrul Na\u0163ional al Dansului Bucure\u015fti se va muta \u00een noua sa cas\u0103 \u00een anul 2019, potrivit directorului Unit\u0103\u0163ii de Management al Proiectului din Ministerul Culturii, Bogdan Tr\u00eembaciu. Bucure\u015fti\u00a0\u2013Corina \u015euteu, ministrul Culturii, Bogdan Tr\u00eembaciu, directorul Unit\u0103\u0163ii de Management al Proiectului din cadrul Ministerului Culturii, \u015fi Elena Seimeanu, director al Direc\u021biei Achizi\u021bii, Administrativ \u0219i Investi\u021bii din aceea\u015fi [&hellip;]<\/p>\n","protected":false},"author":22,"featured_media":0,"comment_status":"open","ping_status":"open","sticky":false,"template":"","format":"standard","meta":{"ocean_post_layout":"","ocean_both_sidebars_style":"","ocean_both_sidebars_content_width":0,"ocean_both_sidebars_sidebars_width":0,"ocean_sidebar":"","ocean_second_sidebar":"","ocean_disable_margins":"enable","ocean_add_body_class":"","ocean_shortcode_before_top_bar":"","ocean_shortcode_after_top_bar":"","ocean_shortcode_before_header":"","ocean_shortcode_after_header":"","ocean_has_shortcode":"","ocean_shortcode_after_title":"","ocean_shortcode_before_footer_widgets":"","ocean_shortcode_after_footer_widgets":"","ocean_shortcode_before_footer_bottom":"","ocean_shortcode_after_footer_bottom":"","ocean_display_top_bar":"default","ocean_display_header":"default","ocean_header_style":"","ocean_center_header_left_menu":"","ocean_custom_header_template":"","ocean_custom_logo":0,"ocean_custom_retina_logo":0,"ocean_custom_logo_max_width":0,"ocean_custom_logo_tablet_max_width":0,"ocean_custom_logo_mobile_max_width":0,"ocean_custom_logo_max_height":0,"ocean_custom_logo_tablet_max_height":0,"ocean_custom_logo_mobile_max_height":0,"ocean_header_custom_menu":"","ocean_menu_typo_font_family":"","ocean_menu_typo_font_subset":"","ocean_menu_typo_font_size":0,"ocean_menu_typo_font_size_tablet":0,"ocean_menu_typo_font_size_mobile":0,"ocean_menu_typo_font_size_unit":"px","ocean_menu_typo_font_weight":"","ocean_menu_typo_font_weight_tablet":"","ocean_menu_typo_font_weight_mobile":"","ocean_menu_typo_transform":"","ocean_menu_typo_transform_tablet":"","ocean_menu_typo_transform_mobile":"","ocean_menu_typo_line_height":0,"ocean_menu_typo_line_height_tablet":0,"ocean_menu_typo_line_height_mobile":0,"ocean_menu_typo_line_height_unit":"","ocean_menu_typo_spacing":0,"ocean_menu_typo_spacing_tablet":0,"ocean_menu_typo_spacing_mobile":0,"ocean_menu_typo_spacing_unit":"","ocean_menu_link_color":"","ocean_menu_link_color_hover":"","ocean_menu_link_color_active":"","ocean_menu_link_background":"","ocean_menu_link_hover_background":"","ocean_menu_link_active_background":"","ocean_menu_social_links_bg":"","ocean_menu_social_hover_links_bg":"","ocean_menu_social_links_color":"","ocean_menu_social_hover_links_color":"","ocean_disable_title":"default","ocean_disable_heading":"default","ocean_post_title":"","ocean_post_subheading":"","ocean_post_title_style":"","ocean_post_title_background_color":"","ocean_post_title_background":0,"ocean_post_title_bg_image_position":"","ocean_post_title_bg_image_attachment":"","ocean_post_title_bg_image_repeat":"","ocean_post_title_bg_image_size":"","ocean_post_title_height":0,"ocean_post_title_bg_overlay":0.5,"ocean_post_title_bg_overlay_color":"","ocean_disable_breadcrumbs":"default","ocean_breadcrumbs_color":"","ocean_breadcrumbs_separator_color":"","ocean_breadcrumbs_links_color":"","ocean_breadcrumbs_links_hover_color":"","ocean_display_footer_widgets":"default","ocean_display_footer_bottom":"default","ocean_custom_footer_template":"","ocean_post_oembed":"","ocean_post_self_hosted_media":"","ocean_post_video_embed":"","ocean_link_format":"","ocean_link_format_target":"self","ocean_quote_format":"","ocean_quote_format_link":"post","ocean_gallery_link_images":"on","ocean_gallery_id":[],"footnotes":""},"categories":[1],"tags":[],"class_list":["post-10517","post","type-post","status-publish","format-standard","hentry","category-articole-art-out","entry","owp-thumbs-layout-horizontal","owp-btn-normal","owp-tabs-layout-horizontal","has-no-thumbnails","has-product-nav"],"yoast_head":"<!-- This site is optimized with the Yoast SEO plugin v27.5 - https:\/\/yoast.com\/product\/yoast-seo-wordpress\/ -->\n<title>Sala Omnia va fi gata \u00een 2019 - Art Out Lounge<\/title>\n<meta name=\"robots\" content=\"index, follow, max-snippet:-1, max-image-preview:large, max-video-preview:-1\" \/>\n<link rel=\"canonical\" href=\"https:\/\/www.artout.ro\/lounge\/articole-art-out\/sala-omnia-va-fi-gata-in-2019\/\" \/>\n<meta property=\"og:locale\" content=\"ro_RO\" \/>\n<meta property=\"og:type\" content=\"article\" \/>\n<meta property=\"og:title\" content=\"Sala Omnia va fi gata \u00een 2019 - Art Out Lounge\" \/>\n<meta property=\"og:description\" content=\"Centrul Na\u0163ional al Dansului Bucure\u015fti se va muta \u00een noua sa cas\u0103 \u00een anul 2019, potrivit directorului Unit\u0103\u0163ii de Management al Proiectului din Ministerul Culturii, Bogdan Tr\u00eembaciu. Bucure\u015fti\u00a0\u2013Corina \u015euteu, ministrul Culturii, Bogdan Tr\u00eembaciu, directorul Unit\u0103\u0163ii de Management al Proiectului din cadrul Ministerului Culturii, \u015fi Elena Seimeanu, director al Direc\u021biei Achizi\u021bii, Administrativ \u0219i Investi\u021bii din aceea\u015fi [&hellip;]\" \/>\n<meta property=\"og:url\" content=\"https:\/\/www.artout.ro\/lounge\/articole-art-out\/sala-omnia-va-fi-gata-in-2019\/\" \/>\n<meta property=\"og:site_name\" content=\"Art Out Lounge\" \/>\n<meta property=\"article:published_time\" content=\"2016-09-23T13:23:44+00:00\" \/>\n<meta property=\"article:modified_time\" content=\"2016-09-27T19:50:29+00:00\" \/>\n<meta property=\"og:image\" content=\"http:\/\/artout.ro\/reviste\/blog\/wp-content\/uploads\/2016\/09\/DSC_5753.jpg\" \/>\n<meta name=\"twitter:card\" content=\"summary_large_image\" \/>\n<meta name=\"twitter:label1\" content=\"Scris de\" \/>\n\t<meta name=\"twitter:data1\" content=\"\" \/>\n\t<meta name=\"twitter:label2\" content=\"Timp estimat pentru citire\" \/>\n\t<meta name=\"twitter:data2\" content=\"5 minute\" \/>\n<script type=\"application\/ld+json\" class=\"yoast-schema-graph\">{\"@context\":\"https:\\\/\\\/schema.org\",\"@graph\":[{\"@type\":\"Article\",\"@id\":\"https:\\\/\\\/www.artout.ro\\\/lounge\\\/articole-art-out\\\/sala-omnia-va-fi-gata-in-2019\\\/#article\",\"isPartOf\":{\"@id\":\"https:\\\/\\\/www.artout.ro\\\/lounge\\\/articole-art-out\\\/sala-omnia-va-fi-gata-in-2019\\\/\"},\"author\":{\"name\":\"\",\"@id\":\"\"},\"headline\":\"Sala Omnia va fi gata \u00een 2019\",\"datePublished\":\"2016-09-23T13:23:44+00:00\",\"dateModified\":\"2016-09-27T19:50:29+00:00\",\"mainEntityOfPage\":{\"@id\":\"https:\\\/\\\/www.artout.ro\\\/lounge\\\/articole-art-out\\\/sala-omnia-va-fi-gata-in-2019\\\/\"},\"wordCount\":927,\"commentCount\":0,\"publisher\":{\"@id\":\"https:\\\/\\\/www.artout.ro\\\/lounge\\\/#organization\"},\"image\":{\"@id\":\"https:\\\/\\\/www.artout.ro\\\/lounge\\\/articole-art-out\\\/sala-omnia-va-fi-gata-in-2019\\\/#primaryimage\"},\"thumbnailUrl\":\"http:\\\/\\\/artout.ro\\\/reviste\\\/blog\\\/wp-content\\\/uploads\\\/2016\\\/09\\\/DSC_5753.jpg\",\"articleSection\":[\"General\"],\"inLanguage\":\"ro-RO\",\"potentialAction\":[{\"@type\":\"CommentAction\",\"name\":\"Comment\",\"target\":[\"https:\\\/\\\/www.artout.ro\\\/lounge\\\/articole-art-out\\\/sala-omnia-va-fi-gata-in-2019\\\/#respond\"]}]},{\"@type\":\"WebPage\",\"@id\":\"https:\\\/\\\/www.artout.ro\\\/lounge\\\/articole-art-out\\\/sala-omnia-va-fi-gata-in-2019\\\/\",\"url\":\"https:\\\/\\\/www.artout.ro\\\/lounge\\\/articole-art-out\\\/sala-omnia-va-fi-gata-in-2019\\\/\",\"name\":\"Sala Omnia va fi gata \u00een 2019 - Art Out Lounge\",\"isPartOf\":{\"@id\":\"https:\\\/\\\/www.artout.ro\\\/lounge\\\/#website\"},\"primaryImageOfPage\":{\"@id\":\"https:\\\/\\\/www.artout.ro\\\/lounge\\\/articole-art-out\\\/sala-omnia-va-fi-gata-in-2019\\\/#primaryimage\"},\"image\":{\"@id\":\"https:\\\/\\\/www.artout.ro\\\/lounge\\\/articole-art-out\\\/sala-omnia-va-fi-gata-in-2019\\\/#primaryimage\"},\"thumbnailUrl\":\"http:\\\/\\\/artout.ro\\\/reviste\\\/blog\\\/wp-content\\\/uploads\\\/2016\\\/09\\\/DSC_5753.jpg\",\"datePublished\":\"2016-09-23T13:23:44+00:00\",\"dateModified\":\"2016-09-27T19:50:29+00:00\",\"breadcrumb\":{\"@id\":\"https:\\\/\\\/www.artout.ro\\\/lounge\\\/articole-art-out\\\/sala-omnia-va-fi-gata-in-2019\\\/#breadcrumb\"},\"inLanguage\":\"ro-RO\",\"potentialAction\":[{\"@type\":\"ReadAction\",\"target\":[\"https:\\\/\\\/www.artout.ro\\\/lounge\\\/articole-art-out\\\/sala-omnia-va-fi-gata-in-2019\\\/\"]}]},{\"@type\":\"ImageObject\",\"inLanguage\":\"ro-RO\",\"@id\":\"https:\\\/\\\/www.artout.ro\\\/lounge\\\/articole-art-out\\\/sala-omnia-va-fi-gata-in-2019\\\/#primaryimage\",\"url\":\"http:\\\/\\\/artout.ro\\\/reviste\\\/blog\\\/wp-content\\\/uploads\\\/2016\\\/09\\\/DSC_5753.jpg\",\"contentUrl\":\"http:\\\/\\\/artout.ro\\\/reviste\\\/blog\\\/wp-content\\\/uploads\\\/2016\\\/09\\\/DSC_5753.jpg\"},{\"@type\":\"BreadcrumbList\",\"@id\":\"https:\\\/\\\/www.artout.ro\\\/lounge\\\/articole-art-out\\\/sala-omnia-va-fi-gata-in-2019\\\/#breadcrumb\",\"itemListElement\":[{\"@type\":\"ListItem\",\"position\":1,\"name\":\"Prima pagin\u0103\",\"item\":\"https:\\\/\\\/www.artout.ro\\\/lounge\\\/\"},{\"@type\":\"ListItem\",\"position\":2,\"name\":\"Sala Omnia va fi gata \u00een 2019\"}]},{\"@type\":\"WebSite\",\"@id\":\"https:\\\/\\\/www.artout.ro\\\/lounge\\\/#website\",\"url\":\"https:\\\/\\\/www.artout.ro\\\/lounge\\\/\",\"name\":\"Art Out Lounge\",\"description\":\"Revista, Arta, Arhitectura, Patrimoniu, Restaurare\",\"publisher\":{\"@id\":\"https:\\\/\\\/www.artout.ro\\\/lounge\\\/#organization\"},\"potentialAction\":[{\"@type\":\"SearchAction\",\"target\":{\"@type\":\"EntryPoint\",\"urlTemplate\":\"https:\\\/\\\/www.artout.ro\\\/lounge\\\/?s={search_term_string}\"},\"query-input\":{\"@type\":\"PropertyValueSpecification\",\"valueRequired\":true,\"valueName\":\"search_term_string\"}}],\"inLanguage\":\"ro-RO\"},{\"@type\":\"Organization\",\"@id\":\"https:\\\/\\\/www.artout.ro\\\/lounge\\\/#organization\",\"name\":\"Art Out Lounge\",\"url\":\"https:\\\/\\\/www.artout.ro\\\/lounge\\\/\",\"logo\":{\"@type\":\"ImageObject\",\"inLanguage\":\"ro-RO\",\"@id\":\"https:\\\/\\\/www.artout.ro\\\/lounge\\\/#\\\/schema\\\/logo\\\/image\\\/\",\"url\":\"https:\\\/\\\/www.artout.ro\\\/lounge\\\/wp-content\\\/uploads\\\/2021\\\/10\\\/cropped-ART-OUT-LOGO-slogan-vectorial.png\",\"contentUrl\":\"https:\\\/\\\/www.artout.ro\\\/lounge\\\/wp-content\\\/uploads\\\/2021\\\/10\\\/cropped-ART-OUT-LOGO-slogan-vectorial.png\",\"width\":1802,\"height\":854,\"caption\":\"Art Out Lounge\"},\"image\":{\"@id\":\"https:\\\/\\\/www.artout.ro\\\/lounge\\\/#\\\/schema\\\/logo\\\/image\\\/\"}},{\"@type\":\"Person\",\"@id\":\"\"}]}<\/script>\n<!-- \/ Yoast SEO plugin. -->","yoast_head_json":{"title":"Sala Omnia va fi gata \u00een 2019 - Art Out Lounge","robots":{"index":"index","follow":"follow","max-snippet":"max-snippet:-1","max-image-preview":"max-image-preview:large","max-video-preview":"max-video-preview:-1"},"canonical":"https:\/\/www.artout.ro\/lounge\/articole-art-out\/sala-omnia-va-fi-gata-in-2019\/","og_locale":"ro_RO","og_type":"article","og_title":"Sala Omnia va fi gata \u00een 2019 - Art Out Lounge","og_description":"Centrul Na\u0163ional al Dansului Bucure\u015fti se va muta \u00een noua sa cas\u0103 \u00een anul 2019, potrivit directorului Unit\u0103\u0163ii de Management al Proiectului din Ministerul Culturii, Bogdan Tr\u00eembaciu. Bucure\u015fti\u00a0\u2013Corina \u015euteu, ministrul Culturii, Bogdan Tr\u00eembaciu, directorul Unit\u0103\u0163ii de Management al Proiectului din cadrul Ministerului Culturii, \u015fi Elena Seimeanu, director al Direc\u021biei Achizi\u021bii, Administrativ \u0219i Investi\u021bii din aceea\u015fi [&hellip;]","og_url":"https:\/\/www.artout.ro\/lounge\/articole-art-out\/sala-omnia-va-fi-gata-in-2019\/","og_site_name":"Art Out Lounge","article_published_time":"2016-09-23T13:23:44+00:00","article_modified_time":"2016-09-27T19:50:29+00:00","og_image":[{"url":"http:\/\/artout.ro\/reviste\/blog\/wp-content\/uploads\/2016\/09\/DSC_5753.jpg","type":"","width":"","height":""}],"twitter_card":"summary_large_image","twitter_misc":{"Scris de":"","Timp estimat pentru citire":"5 minute"},"schema":{"@context":"https:\/\/schema.org","@graph":[{"@type":"Article","@id":"https:\/\/www.artout.ro\/lounge\/articole-art-out\/sala-omnia-va-fi-gata-in-2019\/#article","isPartOf":{"@id":"https:\/\/www.artout.ro\/lounge\/articole-art-out\/sala-omnia-va-fi-gata-in-2019\/"},"author":{"name":"","@id":""},"headline":"Sala Omnia va fi gata \u00een 2019","datePublished":"2016-09-23T13:23:44+00:00","dateModified":"2016-09-27T19:50:29+00:00","mainEntityOfPage":{"@id":"https:\/\/www.artout.ro\/lounge\/articole-art-out\/sala-omnia-va-fi-gata-in-2019\/"},"wordCount":927,"commentCount":0,"publisher":{"@id":"https:\/\/www.artout.ro\/lounge\/#organization"},"image":{"@id":"https:\/\/www.artout.ro\/lounge\/articole-art-out\/sala-omnia-va-fi-gata-in-2019\/#primaryimage"},"thumbnailUrl":"http:\/\/artout.ro\/reviste\/blog\/wp-content\/uploads\/2016\/09\/DSC_5753.jpg","articleSection":["General"],"inLanguage":"ro-RO","potentialAction":[{"@type":"CommentAction","name":"Comment","target":["https:\/\/www.artout.ro\/lounge\/articole-art-out\/sala-omnia-va-fi-gata-in-2019\/#respond"]}]},{"@type":"WebPage","@id":"https:\/\/www.artout.ro\/lounge\/articole-art-out\/sala-omnia-va-fi-gata-in-2019\/","url":"https:\/\/www.artout.ro\/lounge\/articole-art-out\/sala-omnia-va-fi-gata-in-2019\/","name":"Sala Omnia va fi gata \u00een 2019 - Art Out Lounge","isPartOf":{"@id":"https:\/\/www.artout.ro\/lounge\/#website"},"primaryImageOfPage":{"@id":"https:\/\/www.artout.ro\/lounge\/articole-art-out\/sala-omnia-va-fi-gata-in-2019\/#primaryimage"},"image":{"@id":"https:\/\/www.artout.ro\/lounge\/articole-art-out\/sala-omnia-va-fi-gata-in-2019\/#primaryimage"},"thumbnailUrl":"http:\/\/artout.ro\/reviste\/blog\/wp-content\/uploads\/2016\/09\/DSC_5753.jpg","datePublished":"2016-09-23T13:23:44+00:00","dateModified":"2016-09-27T19:50:29+00:00","breadcrumb":{"@id":"https:\/\/www.artout.ro\/lounge\/articole-art-out\/sala-omnia-va-fi-gata-in-2019\/#breadcrumb"},"inLanguage":"ro-RO","potentialAction":[{"@type":"ReadAction","target":["https:\/\/www.artout.ro\/lounge\/articole-art-out\/sala-omnia-va-fi-gata-in-2019\/"]}]},{"@type":"ImageObject","inLanguage":"ro-RO","@id":"https:\/\/www.artout.ro\/lounge\/articole-art-out\/sala-omnia-va-fi-gata-in-2019\/#primaryimage","url":"http:\/\/artout.ro\/reviste\/blog\/wp-content\/uploads\/2016\/09\/DSC_5753.jpg","contentUrl":"http:\/\/artout.ro\/reviste\/blog\/wp-content\/uploads\/2016\/09\/DSC_5753.jpg"},{"@type":"BreadcrumbList","@id":"https:\/\/www.artout.ro\/lounge\/articole-art-out\/sala-omnia-va-fi-gata-in-2019\/#breadcrumb","itemListElement":[{"@type":"ListItem","position":1,"name":"Prima pagin\u0103","item":"https:\/\/www.artout.ro\/lounge\/"},{"@type":"ListItem","position":2,"name":"Sala Omnia va fi gata \u00een 2019"}]},{"@type":"WebSite","@id":"https:\/\/www.artout.ro\/lounge\/#website","url":"https:\/\/www.artout.ro\/lounge\/","name":"Art Out Lounge","description":"Revista, Arta, Arhitectura, Patrimoniu, Restaurare","publisher":{"@id":"https:\/\/www.artout.ro\/lounge\/#organization"},"potentialAction":[{"@type":"SearchAction","target":{"@type":"EntryPoint","urlTemplate":"https:\/\/www.artout.ro\/lounge\/?s={search_term_string}"},"query-input":{"@type":"PropertyValueSpecification","valueRequired":true,"valueName":"search_term_string"}}],"inLanguage":"ro-RO"},{"@type":"Organization","@id":"https:\/\/www.artout.ro\/lounge\/#organization","name":"Art Out Lounge","url":"https:\/\/www.artout.ro\/lounge\/","logo":{"@type":"ImageObject","inLanguage":"ro-RO","@id":"https:\/\/www.artout.ro\/lounge\/#\/schema\/logo\/image\/","url":"https:\/\/www.artout.ro\/lounge\/wp-content\/uploads\/2021\/10\/cropped-ART-OUT-LOGO-slogan-vectorial.png","contentUrl":"https:\/\/www.artout.ro\/lounge\/wp-content\/uploads\/2021\/10\/cropped-ART-OUT-LOGO-slogan-vectorial.png","width":1802,"height":854,"caption":"Art Out Lounge"},"image":{"@id":"https:\/\/www.artout.ro\/lounge\/#\/schema\/logo\/image\/"}},{"@type":"Person","@id":""}]}},"_links":{"self":[{"href":"https:\/\/www.artout.ro\/lounge\/wp-json\/wp\/v2\/posts\/10517","targetHints":{"allow":["GET"]}}],"collection":[{"href":"https:\/\/www.artout.ro\/lounge\/wp-json\/wp\/v2\/posts"}],"about":[{"href":"https:\/\/www.artout.ro\/lounge\/wp-json\/wp\/v2\/types\/post"}],"author":[{"embeddable":true,"href":"https:\/\/www.artout.ro\/lounge\/wp-json\/wp\/v2\/users\/22"}],"replies":[{"embeddable":true,"href":"https:\/\/www.artout.ro\/lounge\/wp-json\/wp\/v2\/comments?post=10517"}],"version-history":[{"count":5,"href":"https:\/\/www.artout.ro\/lounge\/wp-json\/wp\/v2\/posts\/10517\/revisions"}],"predecessor-version":[{"id":10603,"href":"https:\/\/www.artout.ro\/lounge\/wp-json\/wp\/v2\/posts\/10517\/revisions\/10603"}],"wp:attachment":[{"href":"https:\/\/www.artout.ro\/lounge\/wp-json\/wp\/v2\/media?parent=10517"}],"wp:term":[{"taxonomy":"category","embeddable":true,"href":"https:\/\/www.artout.ro\/lounge\/wp-json\/wp\/v2\/categories?post=10517"},{"taxonomy":"post_tag","embeddable":true,"href":"https:\/\/www.artout.ro\/lounge\/wp-json\/wp\/v2\/tags?post=10517"}],"curies":[{"name":"wp","href":"https:\/\/api.w.org\/{rel}","templated":true}]}}