{"id":12350,"date":"2017-07-26T08:24:04","date_gmt":"2017-07-26T08:24:04","guid":{"rendered":"http:\/\/artout.ro\/reviste\/blog\/?p=12350"},"modified":"2017-10-04T11:52:02","modified_gmt":"2017-10-04T11:52:02","slug":"wintersun-videoclip-cu-versuri-pentru-piesa-the-forest-that-weeps-summer","status":"publish","type":"post","link":"https:\/\/www.artout.ro\/lounge\/articole-art-out\/wintersun-videoclip-cu-versuri-pentru-piesa-the-forest-that-weeps-summer\/","title":{"rendered":"Wintersun \u2013 videoclip cu versuri pentru piesa \u201eThe Forest That Weeps (Summer)\u201d"},"content":{"rendered":"<p><img decoding=\"async\" src=\"http:\/\/maximumrock.ro\/wp-content\/uploads\/2017\/07\/Wintersun172-678x381.jpg\" alt=\"\" \/><\/p>\n<p style=\"color: #000000;\"><strong style=\"font-style: inherit;\">Forma\u021bia finlandez\u0103\u00a0<a style=\"font-style: inherit; color: #e64946;\" href=\"https:\/\/www.facebook.com\/wintersun\/?fref=ts\" target=\"_blank\" rel=\"noopener noreferrer\">WINTERSUN\u00a0<\/a>(foto) a lansat, dup\u0103 o lung\u0103 a\u0219teptare, primul single extras de pe viitorul material discografic, intitulat \u201eThe Forest Seasons\u201d.\u00a0Acesta a fost lansat \u00een data de 21 iulie 2017, simultan cu discul live\u00a0\u201eWintersun live @ Tuska Festival 2013\u201d,\u00a0scos \u00een edi\u021bie special\u0103, pe vinyl. Piesa \u201eThe Forest That Weeps (Summer)\u201d, \u00een varianta unui videoclip cu versuri, poate fi ascultat\u0103 mai jos.<\/strong><\/p>\n<p style=\"color: #000000;\">V\u0103 amintim c\u0103 forma\u021bia va poposi pentru prima dat\u0103 \u00een\u00a0<strong style=\"font-style: inherit;\">Rom\u00e2nia, \u00een data de 7 octombrie 2017, la Arenele Romane<\/strong>, \u00een cadrul unui\u00a0<strong style=\"font-style: inherit;\">Warm-Up-Party Maximum Rock Festival<\/strong>\u00a0(13 \u2013 14 octombrie 2017, aceea\u0219i loca\u021bie).<\/p>\n<p style=\"color: #000000;\"><iframe style=\"font-weight: inherit; font-style: inherit;\" src=\"https:\/\/www.youtube.com\/embed\/ffQ2B5qegRg?feature=oembed&amp;wmode=opaque\" width=\"678\" height=\"381\" frameborder=\"0\" allowfullscreen=\"allowfullscreen\"><\/iframe><\/p>\n<p style=\"color: #000000;\">\n<p style=\"color: #000000;\">Event:\u00a0<strong style=\"font-style: inherit;\"><a style=\"font-style: inherit; color: #e64946;\" href=\"https:\/\/www.facebook.com\/events\/114338862503265\/\">Wintersun \/ Arenele Romane, Bucure\u0219ti (MRF Warm-up Party)<\/a><\/strong><\/p>\n<p style=\"color: #000000;\">Biletele au fost puse deja \u00een v\u00e2nzare \u0219i se pot achizi\u021biona online pe<strong style=\"font-style: inherit;\">\u00a0<a style=\"font-style: inherit; color: #e64946;\" href=\"http:\/\/www.ambilet.ro\/\">www.ambilet.ro\u00a0<\/a><\/strong>la urm\u0103toarele pre\u021buri:<\/p>\n<p style=\"color: #000000;\">Early Bird 1 (primele 100 bilete) \u2013 69 lei \u00a0Sold Out!<br \/>\nEarly Bird 2 (urm\u0103toarele 200 bilete) \u2013 79 lei<br \/>\nNormal Ticket \u2013 85 lei<br \/>\n\u00cen seara evenimentului \u2013 tba<\/p>\n<p style=\"color: #000000;\">Forma\u021biile care vor concerta \u00een deschiderea show-ului Wintersun vor fi anun\u021bate \u00een cur\u00e2nd!<\/p>\n<p style=\"color: #000000;\">\u00cen urma unor discu\u021bii cu managementul forma\u021biei, pass-urile pentru Meet &amp; Greet\u00a0<strong style=\"font-style: inherit;\">nu vor putea fi puse \u00een v\u00e2nzare<\/strong>, \u00eens\u0103, pe l\u00e2ng\u0103 cele 10 acordate deja, vor fi oferite la concurs alte 1<strong style=\"font-style: inherit;\">0 pass-uri Meet &amp; Greet\u00a0\u00a0<\/strong>\u00een perioada urm\u0103toare.<\/p>\n","protected":false},"excerpt":{"rendered":"<p>Forma\u021bia finlandez\u0103\u00a0WINTERSUN\u00a0(foto) a lansat, dup\u0103 o lung\u0103 a\u0219teptare, primul single extras de pe viitorul material discografic, intitulat \u201eThe Forest Seasons\u201d.\u00a0Acesta a fost lansat \u00een data de 21 iulie 2017, simultan cu discul live\u00a0\u201eWintersun live @ Tuska Festival 2013\u201d,\u00a0scos \u00een edi\u021bie special\u0103, pe vinyl. Piesa \u201eThe Forest That Weeps (Summer)\u201d, \u00een varianta unui videoclip cu versuri, [&hellip;]<\/p>\n","protected":false},"author":4,"featured_media":0,"comment_status":"open","ping_status":"open","sticky":false,"template":"","format":"standard","meta":{"ocean_post_layout":"","ocean_both_sidebars_style":"","ocean_both_sidebars_content_width":0,"ocean_both_sidebars_sidebars_width":0,"ocean_sidebar":"","ocean_second_sidebar":"","ocean_disable_margins":"enable","ocean_add_body_class":"","ocean_shortcode_before_top_bar":"","ocean_shortcode_after_top_bar":"","ocean_shortcode_before_header":"","ocean_shortcode_after_header":"","ocean_has_shortcode":"","ocean_shortcode_after_title":"","ocean_shortcode_before_footer_widgets":"","ocean_shortcode_after_footer_widgets":"","ocean_shortcode_before_footer_bottom":"","ocean_shortcode_after_footer_bottom":"","ocean_display_top_bar":"default","ocean_display_header":"default","ocean_header_style":"","ocean_center_header_left_menu":"","ocean_custom_header_template":"","ocean_custom_logo":0,"ocean_custom_retina_logo":0,"ocean_custom_logo_max_width":0,"ocean_custom_logo_tablet_max_width":0,"ocean_custom_logo_mobile_max_width":0,"ocean_custom_logo_max_height":0,"ocean_custom_logo_tablet_max_height":0,"ocean_custom_logo_mobile_max_height":0,"ocean_header_custom_menu":"","ocean_menu_typo_font_family":"","ocean_menu_typo_font_subset":"","ocean_menu_typo_font_size":0,"ocean_menu_typo_font_size_tablet":0,"ocean_menu_typo_font_size_mobile":0,"ocean_menu_typo_font_size_unit":"px","ocean_menu_typo_font_weight":"","ocean_menu_typo_font_weight_tablet":"","ocean_menu_typo_font_weight_mobile":"","ocean_menu_typo_transform":"","ocean_menu_typo_transform_tablet":"","ocean_menu_typo_transform_mobile":"","ocean_menu_typo_line_height":0,"ocean_menu_typo_line_height_tablet":0,"ocean_menu_typo_line_height_mobile":0,"ocean_menu_typo_line_height_unit":"","ocean_menu_typo_spacing":0,"ocean_menu_typo_spacing_tablet":0,"ocean_menu_typo_spacing_mobile":0,"ocean_menu_typo_spacing_unit":"","ocean_menu_link_color":"","ocean_menu_link_color_hover":"","ocean_menu_link_color_active":"","ocean_menu_link_background":"","ocean_menu_link_hover_background":"","ocean_menu_link_active_background":"","ocean_menu_social_links_bg":"","ocean_menu_social_hover_links_bg":"","ocean_menu_social_links_color":"","ocean_menu_social_hover_links_color":"","ocean_disable_title":"default","ocean_disable_heading":"default","ocean_post_title":"","ocean_post_subheading":"","ocean_post_title_style":"","ocean_post_title_background_color":"","ocean_post_title_background":0,"ocean_post_title_bg_image_position":"","ocean_post_title_bg_image_attachment":"","ocean_post_title_bg_image_repeat":"","ocean_post_title_bg_image_size":"","ocean_post_title_height":0,"ocean_post_title_bg_overlay":0.5,"ocean_post_title_bg_overlay_color":"","ocean_disable_breadcrumbs":"default","ocean_breadcrumbs_color":"","ocean_breadcrumbs_separator_color":"","ocean_breadcrumbs_links_color":"","ocean_breadcrumbs_links_hover_color":"","ocean_display_footer_widgets":"default","ocean_display_footer_bottom":"default","ocean_custom_footer_template":"","ocean_post_oembed":"","ocean_post_self_hosted_media":"","ocean_post_video_embed":"","ocean_link_format":"","ocean_link_format_target":"self","ocean_quote_format":"","ocean_quote_format_link":"post","ocean_gallery_link_images":"on","ocean_gallery_id":[],"footnotes":""},"categories":[1],"tags":[5490,5492],"class_list":["post-12350","post","type-post","status-publish","format-standard","hentry","category-articole-art-out","tag-maximum-rock","tag-wintersun","entry","owp-thumbs-layout-horizontal","owp-btn-normal","owp-tabs-layout-horizontal","has-no-thumbnails","has-product-nav"],"yoast_head":"<!-- This site is optimized with the Yoast SEO plugin v27.5 - https:\/\/yoast.com\/product\/yoast-seo-wordpress\/ -->\n<title>Wintersun \u2013 videoclip cu versuri pentru piesa \u201eThe Forest That Weeps (Summer)\u201d - Art Out Lounge<\/title>\n<meta name=\"robots\" content=\"index, follow, max-snippet:-1, max-image-preview:large, max-video-preview:-1\" \/>\n<link rel=\"canonical\" href=\"https:\/\/www.artout.ro\/lounge\/articole-art-out\/wintersun-videoclip-cu-versuri-pentru-piesa-the-forest-that-weeps-summer\/\" \/>\n<meta property=\"og:locale\" content=\"ro_RO\" \/>\n<meta property=\"og:type\" content=\"article\" \/>\n<meta property=\"og:title\" content=\"Wintersun \u2013 videoclip cu versuri pentru piesa \u201eThe Forest That Weeps (Summer)\u201d - Art Out Lounge\" \/>\n<meta property=\"og:description\" content=\"Forma\u021bia finlandez\u0103\u00a0WINTERSUN\u00a0(foto) a lansat, dup\u0103 o lung\u0103 a\u0219teptare, primul single extras de pe viitorul material discografic, intitulat \u201eThe Forest Seasons\u201d.\u00a0Acesta a fost lansat \u00een data de 21 iulie 2017, simultan cu discul live\u00a0\u201eWintersun live @ Tuska Festival 2013\u201d,\u00a0scos \u00een edi\u021bie special\u0103, pe vinyl. Piesa \u201eThe Forest That Weeps (Summer)\u201d, \u00een varianta unui videoclip cu versuri, [&hellip;]\" \/>\n<meta property=\"og:url\" content=\"https:\/\/www.artout.ro\/lounge\/articole-art-out\/wintersun-videoclip-cu-versuri-pentru-piesa-the-forest-that-weeps-summer\/\" \/>\n<meta property=\"og:site_name\" content=\"Art Out Lounge\" \/>\n<meta property=\"article:published_time\" content=\"2017-07-26T08:24:04+00:00\" \/>\n<meta property=\"article:modified_time\" content=\"2017-10-04T11:52:02+00:00\" \/>\n<meta property=\"og:image\" content=\"http:\/\/maximumrock.ro\/wp-content\/uploads\/2017\/07\/Wintersun172-678x381.jpg\" \/>\n<meta name=\"twitter:card\" content=\"summary_large_image\" \/>\n<meta name=\"twitter:label1\" content=\"Scris de\" \/>\n\t<meta name=\"twitter:data1\" content=\"\" \/>\n\t<meta name=\"twitter:label2\" content=\"Timp estimat pentru citire\" \/>\n\t<meta name=\"twitter:data2\" content=\"1 minut\" \/>\n<script type=\"application\/ld+json\" class=\"yoast-schema-graph\">{\"@context\":\"https:\\\/\\\/schema.org\",\"@graph\":[{\"@type\":\"Article\",\"@id\":\"https:\\\/\\\/www.artout.ro\\\/lounge\\\/articole-art-out\\\/wintersun-videoclip-cu-versuri-pentru-piesa-the-forest-that-weeps-summer\\\/#article\",\"isPartOf\":{\"@id\":\"https:\\\/\\\/www.artout.ro\\\/lounge\\\/articole-art-out\\\/wintersun-videoclip-cu-versuri-pentru-piesa-the-forest-that-weeps-summer\\\/\"},\"author\":{\"name\":\"\",\"@id\":\"\"},\"headline\":\"Wintersun \u2013 videoclip cu versuri pentru piesa \u201eThe Forest That Weeps (Summer)\u201d\",\"datePublished\":\"2017-07-26T08:24:04+00:00\",\"dateModified\":\"2017-10-04T11:52:02+00:00\",\"mainEntityOfPage\":{\"@id\":\"https:\\\/\\\/www.artout.ro\\\/lounge\\\/articole-art-out\\\/wintersun-videoclip-cu-versuri-pentru-piesa-the-forest-that-weeps-summer\\\/\"},\"wordCount\":218,\"commentCount\":0,\"publisher\":{\"@id\":\"https:\\\/\\\/www.artout.ro\\\/lounge\\\/#organization\"},\"image\":{\"@id\":\"https:\\\/\\\/www.artout.ro\\\/lounge\\\/articole-art-out\\\/wintersun-videoclip-cu-versuri-pentru-piesa-the-forest-that-weeps-summer\\\/#primaryimage\"},\"thumbnailUrl\":\"http:\\\/\\\/maximumrock.ro\\\/wp-content\\\/uploads\\\/2017\\\/07\\\/Wintersun172-678x381.jpg\",\"keywords\":[\"maximum rock\",\"wintersun\"],\"articleSection\":[\"General\"],\"inLanguage\":\"ro-RO\",\"potentialAction\":[{\"@type\":\"CommentAction\",\"name\":\"Comment\",\"target\":[\"https:\\\/\\\/www.artout.ro\\\/lounge\\\/articole-art-out\\\/wintersun-videoclip-cu-versuri-pentru-piesa-the-forest-that-weeps-summer\\\/#respond\"]}]},{\"@type\":\"WebPage\",\"@id\":\"https:\\\/\\\/www.artout.ro\\\/lounge\\\/articole-art-out\\\/wintersun-videoclip-cu-versuri-pentru-piesa-the-forest-that-weeps-summer\\\/\",\"url\":\"https:\\\/\\\/www.artout.ro\\\/lounge\\\/articole-art-out\\\/wintersun-videoclip-cu-versuri-pentru-piesa-the-forest-that-weeps-summer\\\/\",\"name\":\"Wintersun \u2013 videoclip cu versuri pentru piesa \u201eThe Forest That Weeps (Summer)\u201d - Art Out Lounge\",\"isPartOf\":{\"@id\":\"https:\\\/\\\/www.artout.ro\\\/lounge\\\/#website\"},\"primaryImageOfPage\":{\"@id\":\"https:\\\/\\\/www.artout.ro\\\/lounge\\\/articole-art-out\\\/wintersun-videoclip-cu-versuri-pentru-piesa-the-forest-that-weeps-summer\\\/#primaryimage\"},\"image\":{\"@id\":\"https:\\\/\\\/www.artout.ro\\\/lounge\\\/articole-art-out\\\/wintersun-videoclip-cu-versuri-pentru-piesa-the-forest-that-weeps-summer\\\/#primaryimage\"},\"thumbnailUrl\":\"http:\\\/\\\/maximumrock.ro\\\/wp-content\\\/uploads\\\/2017\\\/07\\\/Wintersun172-678x381.jpg\",\"datePublished\":\"2017-07-26T08:24:04+00:00\",\"dateModified\":\"2017-10-04T11:52:02+00:00\",\"breadcrumb\":{\"@id\":\"https:\\\/\\\/www.artout.ro\\\/lounge\\\/articole-art-out\\\/wintersun-videoclip-cu-versuri-pentru-piesa-the-forest-that-weeps-summer\\\/#breadcrumb\"},\"inLanguage\":\"ro-RO\",\"potentialAction\":[{\"@type\":\"ReadAction\",\"target\":[\"https:\\\/\\\/www.artout.ro\\\/lounge\\\/articole-art-out\\\/wintersun-videoclip-cu-versuri-pentru-piesa-the-forest-that-weeps-summer\\\/\"]}]},{\"@type\":\"ImageObject\",\"inLanguage\":\"ro-RO\",\"@id\":\"https:\\\/\\\/www.artout.ro\\\/lounge\\\/articole-art-out\\\/wintersun-videoclip-cu-versuri-pentru-piesa-the-forest-that-weeps-summer\\\/#primaryimage\",\"url\":\"http:\\\/\\\/maximumrock.ro\\\/wp-content\\\/uploads\\\/2017\\\/07\\\/Wintersun172-678x381.jpg\",\"contentUrl\":\"http:\\\/\\\/maximumrock.ro\\\/wp-content\\\/uploads\\\/2017\\\/07\\\/Wintersun172-678x381.jpg\"},{\"@type\":\"BreadcrumbList\",\"@id\":\"https:\\\/\\\/www.artout.ro\\\/lounge\\\/articole-art-out\\\/wintersun-videoclip-cu-versuri-pentru-piesa-the-forest-that-weeps-summer\\\/#breadcrumb\",\"itemListElement\":[{\"@type\":\"ListItem\",\"position\":1,\"name\":\"Prima pagin\u0103\",\"item\":\"https:\\\/\\\/www.artout.ro\\\/lounge\\\/\"},{\"@type\":\"ListItem\",\"position\":2,\"name\":\"Wintersun \u2013 videoclip cu versuri pentru piesa \u201eThe Forest That Weeps (Summer)\u201d\"}]},{\"@type\":\"WebSite\",\"@id\":\"https:\\\/\\\/www.artout.ro\\\/lounge\\\/#website\",\"url\":\"https:\\\/\\\/www.artout.ro\\\/lounge\\\/\",\"name\":\"Art Out Lounge\",\"description\":\"Revista, Arta, Arhitectura, Patrimoniu, Restaurare\",\"publisher\":{\"@id\":\"https:\\\/\\\/www.artout.ro\\\/lounge\\\/#organization\"},\"potentialAction\":[{\"@type\":\"SearchAction\",\"target\":{\"@type\":\"EntryPoint\",\"urlTemplate\":\"https:\\\/\\\/www.artout.ro\\\/lounge\\\/?s={search_term_string}\"},\"query-input\":{\"@type\":\"PropertyValueSpecification\",\"valueRequired\":true,\"valueName\":\"search_term_string\"}}],\"inLanguage\":\"ro-RO\"},{\"@type\":\"Organization\",\"@id\":\"https:\\\/\\\/www.artout.ro\\\/lounge\\\/#organization\",\"name\":\"Art Out Lounge\",\"url\":\"https:\\\/\\\/www.artout.ro\\\/lounge\\\/\",\"logo\":{\"@type\":\"ImageObject\",\"inLanguage\":\"ro-RO\",\"@id\":\"https:\\\/\\\/www.artout.ro\\\/lounge\\\/#\\\/schema\\\/logo\\\/image\\\/\",\"url\":\"https:\\\/\\\/www.artout.ro\\\/lounge\\\/wp-content\\\/uploads\\\/2021\\\/10\\\/cropped-ART-OUT-LOGO-slogan-vectorial.png\",\"contentUrl\":\"https:\\\/\\\/www.artout.ro\\\/lounge\\\/wp-content\\\/uploads\\\/2021\\\/10\\\/cropped-ART-OUT-LOGO-slogan-vectorial.png\",\"width\":1802,\"height\":854,\"caption\":\"Art Out Lounge\"},\"image\":{\"@id\":\"https:\\\/\\\/www.artout.ro\\\/lounge\\\/#\\\/schema\\\/logo\\\/image\\\/\"}},{\"@type\":\"Person\",\"@id\":\"\"}]}<\/script>\n<!-- \/ Yoast SEO plugin. -->","yoast_head_json":{"title":"Wintersun \u2013 videoclip cu versuri pentru piesa \u201eThe Forest That Weeps (Summer)\u201d - Art Out Lounge","robots":{"index":"index","follow":"follow","max-snippet":"max-snippet:-1","max-image-preview":"max-image-preview:large","max-video-preview":"max-video-preview:-1"},"canonical":"https:\/\/www.artout.ro\/lounge\/articole-art-out\/wintersun-videoclip-cu-versuri-pentru-piesa-the-forest-that-weeps-summer\/","og_locale":"ro_RO","og_type":"article","og_title":"Wintersun \u2013 videoclip cu versuri pentru piesa \u201eThe Forest That Weeps (Summer)\u201d - Art Out Lounge","og_description":"Forma\u021bia finlandez\u0103\u00a0WINTERSUN\u00a0(foto) a lansat, dup\u0103 o lung\u0103 a\u0219teptare, primul single extras de pe viitorul material discografic, intitulat \u201eThe Forest Seasons\u201d.\u00a0Acesta a fost lansat \u00een data de 21 iulie 2017, simultan cu discul live\u00a0\u201eWintersun live @ Tuska Festival 2013\u201d,\u00a0scos \u00een edi\u021bie special\u0103, pe vinyl. Piesa \u201eThe Forest That Weeps (Summer)\u201d, \u00een varianta unui videoclip cu versuri, [&hellip;]","og_url":"https:\/\/www.artout.ro\/lounge\/articole-art-out\/wintersun-videoclip-cu-versuri-pentru-piesa-the-forest-that-weeps-summer\/","og_site_name":"Art Out Lounge","article_published_time":"2017-07-26T08:24:04+00:00","article_modified_time":"2017-10-04T11:52:02+00:00","og_image":[{"url":"http:\/\/maximumrock.ro\/wp-content\/uploads\/2017\/07\/Wintersun172-678x381.jpg","type":"","width":"","height":""}],"twitter_card":"summary_large_image","twitter_misc":{"Scris de":"","Timp estimat pentru citire":"1 minut"},"schema":{"@context":"https:\/\/schema.org","@graph":[{"@type":"Article","@id":"https:\/\/www.artout.ro\/lounge\/articole-art-out\/wintersun-videoclip-cu-versuri-pentru-piesa-the-forest-that-weeps-summer\/#article","isPartOf":{"@id":"https:\/\/www.artout.ro\/lounge\/articole-art-out\/wintersun-videoclip-cu-versuri-pentru-piesa-the-forest-that-weeps-summer\/"},"author":{"name":"","@id":""},"headline":"Wintersun \u2013 videoclip cu versuri pentru piesa \u201eThe Forest That Weeps (Summer)\u201d","datePublished":"2017-07-26T08:24:04+00:00","dateModified":"2017-10-04T11:52:02+00:00","mainEntityOfPage":{"@id":"https:\/\/www.artout.ro\/lounge\/articole-art-out\/wintersun-videoclip-cu-versuri-pentru-piesa-the-forest-that-weeps-summer\/"},"wordCount":218,"commentCount":0,"publisher":{"@id":"https:\/\/www.artout.ro\/lounge\/#organization"},"image":{"@id":"https:\/\/www.artout.ro\/lounge\/articole-art-out\/wintersun-videoclip-cu-versuri-pentru-piesa-the-forest-that-weeps-summer\/#primaryimage"},"thumbnailUrl":"http:\/\/maximumrock.ro\/wp-content\/uploads\/2017\/07\/Wintersun172-678x381.jpg","keywords":["maximum rock","wintersun"],"articleSection":["General"],"inLanguage":"ro-RO","potentialAction":[{"@type":"CommentAction","name":"Comment","target":["https:\/\/www.artout.ro\/lounge\/articole-art-out\/wintersun-videoclip-cu-versuri-pentru-piesa-the-forest-that-weeps-summer\/#respond"]}]},{"@type":"WebPage","@id":"https:\/\/www.artout.ro\/lounge\/articole-art-out\/wintersun-videoclip-cu-versuri-pentru-piesa-the-forest-that-weeps-summer\/","url":"https:\/\/www.artout.ro\/lounge\/articole-art-out\/wintersun-videoclip-cu-versuri-pentru-piesa-the-forest-that-weeps-summer\/","name":"Wintersun \u2013 videoclip cu versuri pentru piesa \u201eThe Forest That Weeps (Summer)\u201d - Art Out Lounge","isPartOf":{"@id":"https:\/\/www.artout.ro\/lounge\/#website"},"primaryImageOfPage":{"@id":"https:\/\/www.artout.ro\/lounge\/articole-art-out\/wintersun-videoclip-cu-versuri-pentru-piesa-the-forest-that-weeps-summer\/#primaryimage"},"image":{"@id":"https:\/\/www.artout.ro\/lounge\/articole-art-out\/wintersun-videoclip-cu-versuri-pentru-piesa-the-forest-that-weeps-summer\/#primaryimage"},"thumbnailUrl":"http:\/\/maximumrock.ro\/wp-content\/uploads\/2017\/07\/Wintersun172-678x381.jpg","datePublished":"2017-07-26T08:24:04+00:00","dateModified":"2017-10-04T11:52:02+00:00","breadcrumb":{"@id":"https:\/\/www.artout.ro\/lounge\/articole-art-out\/wintersun-videoclip-cu-versuri-pentru-piesa-the-forest-that-weeps-summer\/#breadcrumb"},"inLanguage":"ro-RO","potentialAction":[{"@type":"ReadAction","target":["https:\/\/www.artout.ro\/lounge\/articole-art-out\/wintersun-videoclip-cu-versuri-pentru-piesa-the-forest-that-weeps-summer\/"]}]},{"@type":"ImageObject","inLanguage":"ro-RO","@id":"https:\/\/www.artout.ro\/lounge\/articole-art-out\/wintersun-videoclip-cu-versuri-pentru-piesa-the-forest-that-weeps-summer\/#primaryimage","url":"http:\/\/maximumrock.ro\/wp-content\/uploads\/2017\/07\/Wintersun172-678x381.jpg","contentUrl":"http:\/\/maximumrock.ro\/wp-content\/uploads\/2017\/07\/Wintersun172-678x381.jpg"},{"@type":"BreadcrumbList","@id":"https:\/\/www.artout.ro\/lounge\/articole-art-out\/wintersun-videoclip-cu-versuri-pentru-piesa-the-forest-that-weeps-summer\/#breadcrumb","itemListElement":[{"@type":"ListItem","position":1,"name":"Prima pagin\u0103","item":"https:\/\/www.artout.ro\/lounge\/"},{"@type":"ListItem","position":2,"name":"Wintersun \u2013 videoclip cu versuri pentru piesa \u201eThe Forest That Weeps (Summer)\u201d"}]},{"@type":"WebSite","@id":"https:\/\/www.artout.ro\/lounge\/#website","url":"https:\/\/www.artout.ro\/lounge\/","name":"Art Out Lounge","description":"Revista, Arta, Arhitectura, Patrimoniu, Restaurare","publisher":{"@id":"https:\/\/www.artout.ro\/lounge\/#organization"},"potentialAction":[{"@type":"SearchAction","target":{"@type":"EntryPoint","urlTemplate":"https:\/\/www.artout.ro\/lounge\/?s={search_term_string}"},"query-input":{"@type":"PropertyValueSpecification","valueRequired":true,"valueName":"search_term_string"}}],"inLanguage":"ro-RO"},{"@type":"Organization","@id":"https:\/\/www.artout.ro\/lounge\/#organization","name":"Art Out Lounge","url":"https:\/\/www.artout.ro\/lounge\/","logo":{"@type":"ImageObject","inLanguage":"ro-RO","@id":"https:\/\/www.artout.ro\/lounge\/#\/schema\/logo\/image\/","url":"https:\/\/www.artout.ro\/lounge\/wp-content\/uploads\/2021\/10\/cropped-ART-OUT-LOGO-slogan-vectorial.png","contentUrl":"https:\/\/www.artout.ro\/lounge\/wp-content\/uploads\/2021\/10\/cropped-ART-OUT-LOGO-slogan-vectorial.png","width":1802,"height":854,"caption":"Art Out Lounge"},"image":{"@id":"https:\/\/www.artout.ro\/lounge\/#\/schema\/logo\/image\/"}},{"@type":"Person","@id":""}]}},"_links":{"self":[{"href":"https:\/\/www.artout.ro\/lounge\/wp-json\/wp\/v2\/posts\/12350","targetHints":{"allow":["GET"]}}],"collection":[{"href":"https:\/\/www.artout.ro\/lounge\/wp-json\/wp\/v2\/posts"}],"about":[{"href":"https:\/\/www.artout.ro\/lounge\/wp-json\/wp\/v2\/types\/post"}],"author":[{"embeddable":true,"href":"https:\/\/www.artout.ro\/lounge\/wp-json\/wp\/v2\/users\/4"}],"replies":[{"embeddable":true,"href":"https:\/\/www.artout.ro\/lounge\/wp-json\/wp\/v2\/comments?post=12350"}],"version-history":[{"count":1,"href":"https:\/\/www.artout.ro\/lounge\/wp-json\/wp\/v2\/posts\/12350\/revisions"}],"predecessor-version":[{"id":12351,"href":"https:\/\/www.artout.ro\/lounge\/wp-json\/wp\/v2\/posts\/12350\/revisions\/12351"}],"wp:attachment":[{"href":"https:\/\/www.artout.ro\/lounge\/wp-json\/wp\/v2\/media?parent=12350"}],"wp:term":[{"taxonomy":"category","embeddable":true,"href":"https:\/\/www.artout.ro\/lounge\/wp-json\/wp\/v2\/categories?post=12350"},{"taxonomy":"post_tag","embeddable":true,"href":"https:\/\/www.artout.ro\/lounge\/wp-json\/wp\/v2\/tags?post=12350"}],"curies":[{"name":"wp","href":"https:\/\/api.w.org\/{rel}","templated":true}]}}