{"id":12791,"date":"2018-02-17T10:59:44","date_gmt":"2018-02-17T10:59:44","guid":{"rendered":"http:\/\/artout.ro\/reviste\/blog\/?p=12791"},"modified":"2018-02-27T09:02:46","modified_gmt":"2018-02-27T09:02:46","slug":"concertul-therion-11-03-2018-se-muta-in-clubul-quantic-din-bucuresti","status":"publish","type":"post","link":"https:\/\/www.artout.ro\/lounge\/recomandari-2\/concertul-therion-11-03-2018-se-muta-in-clubul-quantic-din-bucuresti\/","title":{"rendered":"Concertul Therion (11.03.2018) se mut\u0103 \u00een clubul Quantic din Bucure\u0219ti"},"content":{"rendered":"<p align=\"center\">\n<p><img fetchpriority=\"high\" decoding=\"async\" src=\"http:\/\/rockout.ro\/wp-content\/uploads\/2018\/02\/therion.jpg\" alt=\"Image result for therion quantic club\" width=\"434\" height=\"289\" \/><\/p>\n<p align=\"justify\"><span style=\"font-family: 'Times New Roman', serif;\"><span style=\"font-size: medium;\"><span style=\"color: #000000;\">Venim cu o veste mai pu\u021bin pl\u0103cut\u0103 legat\u0103 de concertul\u00a0<\/span><b><span style=\"color: #000000;\">THERION<\/span><\/b><span style=\"color: #000000;\">\u00a0din data de\u00a0<\/span><b><span style=\"color: #000000;\">11 martie 2018<\/span><\/b><span style=\"color: #000000;\">, care era programat ini\u021bial s\u0103 aib\u0103 loc la Arenele Romane din Bucure\u0219ti. Din cauza unor factori ce nu \u021bin de organizatori, <\/span><span style=\"color: #000000;\"><b>locul de desf\u0103\u0219urare al<\/b><\/span><b><span style=\"color: #000000;\">evenimentului s-a schimbat<\/span><\/b><span style=\"color: #000000;\">, astfel c\u0103 acesta va avea loc \u00een aceea\u0219i dat\u0103, \u00eens\u0103 \u00een\u00a0<\/span><b><span style=\"color: #000000;\">club Quantic din Bucure\u0219ti.<\/span><\/b><\/span><\/span><\/p>\n<p align=\"justify\"><span style=\"font-family: 'Times New Roman', serif;\"><span style=\"font-size: medium;\"><span style=\"color: #000000;\">Organizatorii \u00ee\u0219i cer scuze tuturor pentru aceast\u0103 situa\u021bie, \u00eens\u0103 garanteaz\u0103 c\u0103 experien\u021ba show-urilor\u00a0<\/span><b><span style=\"color: #000000;\">Therion, Imperial Age, Null Positiv\u00a0<\/span><\/b><span style=\"color: #000000;\">\u0219i<\/span><b><span style=\"color: #000000;\">\u00a0The Devil<\/span><\/b><span style=\"color: #000000;\">\u00a0va fi la fel de pl\u0103cut\u0103 \u00een acest cadru pe care vom avea grij\u0103 s\u0103-l preg\u0103tim a\u0219a cum se cuvine!<\/span><\/span><\/span><\/p>\n<p align=\"justify\"><span style=\"font-family: 'Times New Roman', serif;\"><span style=\"font-size: medium;\"><span style=\"color: #000000;\">Event: <\/span><a href=\"https:\/\/www.facebook.com\/events\/131315840817833\/\">Therion, Imperial Age, Null Positiv, The Devil \/ Bucuresti<\/a><\/span><\/span><\/p>\n<p align=\"justify\"><span style=\"font-size: medium;\"><b><span style=\"color: #000000;\"><span style=\"font-family: 'Times New Roman', serif;\">Clubul Quantic<\/span><\/span><\/b><\/span><span style=\"font-size: medium;\"><span style=\"color: #000000;\"><span style=\"color: #000000;\">\u00a0(cunoscut pentru evenimentele g\u0103zduite \u00een aceast\u0103 loca\u021bie, precum concertele Lacuna Coil, Arch Enemy \u0219i multe altele) se afl\u0103 situat pe\u00a0<\/span><b><span style=\"color: #000000;\">\u0219os. Groz\u0103ve\u0219ti, nr. 82,\u00a0<\/span><\/b><span style=\"color: #000000;\">unde\u00a0poate ajunge foarte u\u0219or de la sta\u021bia de metrou Groz\u0103ve\u0219ti sau Politehnic\u0103, dar \u0219i cu tramvaiele\u00a01, 11, 35 sau autobuzele\u00a0105 sau 601<\/span><\/span><\/span><\/p>\n<p align=\"justify\"><span style=\"font-family: 'Times New Roman', serif;\"><span style=\"font-size: medium;\"><b><span style=\"color: #000000;\">Biletele achizi\u021bionate p\u00e2n\u0103 acum r\u0103m\u00e2n \u00een continuare valabile.<\/span><\/b><\/span><\/span><\/p>\n<p align=\"justify\"><span style=\"color: #000000;\"><span style=\"font-family: 'Times New Roman', serif;\"><span style=\"font-size: medium;\">Av\u00e2nd \u00een vedere, \u00eens\u0103, capacitatea mai mic\u0103 fa\u021b\u0103 de Arenele Romane, pentru confortul \u0219i siguran\u021ba tuturor participan\u021bilor,<\/span><\/span><\/span><span style=\"font-family: 'Times New Roman', serif;\"><span style=\"font-size: medium;\"><b><span style=\"color: #000000;\"> num\u0103rul de bilete puse \u00een v\u00e2nzare va fi limitat<\/span><\/b><\/span><\/span><span style=\"color: #000000;\"><span style=\"font-family: 'Times New Roman', serif;\"><span style=\"font-size: medium;\">, astfel c\u0103 \u00een urm\u0103toarea perioad\u0103 mai pot fi achizi\u021bionate\u00a0<\/span><\/span><\/span><span style=\"font-family: 'Times New Roman', serif;\"><span style=\"font-size: medium;\"><b><span style=\"color: #000000;\">maxim 200 bilete<\/span><\/b><\/span><\/span><span style=\"color: #000000;\"><span style=\"font-family: 'Times New Roman', serif;\"><span style=\"font-size: medium;\">. Acestea se pot g\u0103si online pe\u00a0<\/span><\/span><\/span><span style=\"color: #e64946;\"><span style=\"font-family: 'Times New Roman', serif;\"><span style=\"font-size: medium;\"><b><a href=\"https:\/\/ambilet.ro\/tc-events\/therion-beloved-antichrist\/\" target=\"_blank\">www.AmBilet.ro<\/a><\/b><\/span><\/span><\/span><span style=\"color: #000000;\"><span style=\"font-family: 'Times New Roman', serif;\"><span style=\"font-size: medium;\">\u00a0la pre\u021bul de\u00a0<\/span><\/span><\/span><span style=\"font-family: 'Times New Roman', serif;\"><span style=\"font-size: medium;\"><b><span style=\"color: #000000;\">95 lei<\/span><\/b><\/span><\/span><span style=\"color: #000000;\"><span style=\"font-family: 'Times New Roman', serif;\"><span style=\"font-size: medium;\">, iar la intrare, \u00een seara concertului, la pre\u021bul de<\/span><\/span><\/span><span style=\"font-family: 'Times New Roman', serif;\"><span style=\"font-size: medium;\"><b><span style=\"color: #000000;\">\u00a0115 lei<\/span><\/b><\/span><\/span><span style=\"color: #000000;\"><span style=\"font-family: 'Times New Roman', serif;\"><span style=\"font-size: medium;\">\u00a0(\u00een limita biletelor disponibile). Zonele Golden Circle \u0219i Normal Circle (Acces general) vor fi p\u0103strate.<\/span><\/span><\/span><\/p>\n<p align=\"justify\"><span style=\"color: #000000;\"><span style=\"font-family: 'Times New Roman', serif;\"><span style=\"font-size: medium;\">\u0218i ca s\u0103 privim lucrurile dintr-o alt\u0103 perspectiv\u0103, avantajele desf\u0103\u0219ur\u0103rii unui astfel de eveniment \u00een clubul Quantic:<\/span><\/span><\/span><\/p>\n<ul>\n<li>\n<p align=\"justify\"><span style=\"color: #000000;\"><span style=\"font-family: 'Times New Roman', serif;\"><span style=\"font-size: medium;\">Quantic dispune \u0219i de un restaurant, astfel c\u0103 participan\u021bii pot lua masa oric\u00e2nd doresc, cu posibilitatea de a ie\u0219i din zona concertului oric\u00e2nd<\/span><\/span><\/span><\/p>\n<\/li>\n<li>\n<p align=\"justify\"><span style=\"color: #000000;\"><span style=\"font-family: 'Times New Roman', serif;\"><span style=\"font-size: medium;\">Clubul Quantic se afl\u0103 la o distan\u021b\u0103 nu foarte mare fa\u021b\u0103 de sta\u021biile de metrou Groz\u0103ve\u0219ti \u0219i Politehnic\u0103, astfel c\u0103 se poate ajunge foarte u\u0219or.<\/span><\/span><\/span><\/p>\n<\/li>\n<\/ul>\n<p><span style=\"color: #000000;\"><span style=\"font-family: 'Times New Roman', serif;\"><span style=\"font-size: medium;\">Programul concertelor, dar \u0219i a sesiunii Meet &amp; Greet, va fi anun\u021bat \u00een perioada urm\u0103toare, cu aproximativ o s\u0103pt\u0103m\u00e2n\u0103 \u00eenaintea evenimentului.<\/span><\/span><\/span><\/p>\n<p>&nbsp;<\/p>\n<p><span style=\"font-family: 'Times New Roman', serif;\"><span style=\"font-size: medium;\"><i><b>Eveniment organizat de Promusic Events &amp; Maximum Rock<\/b><\/i><\/span><\/span><\/p>\n","protected":false},"excerpt":{"rendered":"<p>Venim cu o veste mai pu\u021bin pl\u0103cut\u0103 legat\u0103 de concertul\u00a0THERION\u00a0din data de\u00a011 martie 2018, care era programat ini\u021bial s\u0103 aib\u0103 loc la Arenele Romane din Bucure\u0219ti. Din cauza unor factori ce nu \u021bin de organizatori, locul de desf\u0103\u0219urare alevenimentului s-a schimbat, astfel c\u0103 acesta va avea loc \u00een aceea\u0219i dat\u0103, \u00eens\u0103 \u00een\u00a0club Quantic din Bucure\u0219ti. [&hellip;]<\/p>\n","protected":false},"author":4,"featured_media":0,"comment_status":"open","ping_status":"open","sticky":false,"template":"","format":"standard","meta":{"ocean_post_layout":"","ocean_both_sidebars_style":"","ocean_both_sidebars_content_width":0,"ocean_both_sidebars_sidebars_width":0,"ocean_sidebar":"","ocean_second_sidebar":"","ocean_disable_margins":"enable","ocean_add_body_class":"","ocean_shortcode_before_top_bar":"","ocean_shortcode_after_top_bar":"","ocean_shortcode_before_header":"","ocean_shortcode_after_header":"","ocean_has_shortcode":"","ocean_shortcode_after_title":"","ocean_shortcode_before_footer_widgets":"","ocean_shortcode_after_footer_widgets":"","ocean_shortcode_before_footer_bottom":"","ocean_shortcode_after_footer_bottom":"","ocean_display_top_bar":"default","ocean_display_header":"default","ocean_header_style":"","ocean_center_header_left_menu":"","ocean_custom_header_template":"","ocean_custom_logo":0,"ocean_custom_retina_logo":0,"ocean_custom_logo_max_width":0,"ocean_custom_logo_tablet_max_width":0,"ocean_custom_logo_mobile_max_width":0,"ocean_custom_logo_max_height":0,"ocean_custom_logo_tablet_max_height":0,"ocean_custom_logo_mobile_max_height":0,"ocean_header_custom_menu":"","ocean_menu_typo_font_family":"","ocean_menu_typo_font_subset":"","ocean_menu_typo_font_size":0,"ocean_menu_typo_font_size_tablet":0,"ocean_menu_typo_font_size_mobile":0,"ocean_menu_typo_font_size_unit":"px","ocean_menu_typo_font_weight":"","ocean_menu_typo_font_weight_tablet":"","ocean_menu_typo_font_weight_mobile":"","ocean_menu_typo_transform":"","ocean_menu_typo_transform_tablet":"","ocean_menu_typo_transform_mobile":"","ocean_menu_typo_line_height":0,"ocean_menu_typo_line_height_tablet":0,"ocean_menu_typo_line_height_mobile":0,"ocean_menu_typo_line_height_unit":"","ocean_menu_typo_spacing":0,"ocean_menu_typo_spacing_tablet":0,"ocean_menu_typo_spacing_mobile":0,"ocean_menu_typo_spacing_unit":"","ocean_menu_link_color":"","ocean_menu_link_color_hover":"","ocean_menu_link_color_active":"","ocean_menu_link_background":"","ocean_menu_link_hover_background":"","ocean_menu_link_active_background":"","ocean_menu_social_links_bg":"","ocean_menu_social_hover_links_bg":"","ocean_menu_social_links_color":"","ocean_menu_social_hover_links_color":"","ocean_disable_title":"default","ocean_disable_heading":"default","ocean_post_title":"","ocean_post_subheading":"","ocean_post_title_style":"","ocean_post_title_background_color":"","ocean_post_title_background":0,"ocean_post_title_bg_image_position":"","ocean_post_title_bg_image_attachment":"","ocean_post_title_bg_image_repeat":"","ocean_post_title_bg_image_size":"","ocean_post_title_height":0,"ocean_post_title_bg_overlay":0.5,"ocean_post_title_bg_overlay_color":"","ocean_disable_breadcrumbs":"default","ocean_breadcrumbs_color":"","ocean_breadcrumbs_separator_color":"","ocean_breadcrumbs_links_color":"","ocean_breadcrumbs_links_hover_color":"","ocean_display_footer_widgets":"default","ocean_display_footer_bottom":"default","ocean_custom_footer_template":"","ocean_post_oembed":"","ocean_post_self_hosted_media":"","ocean_post_video_embed":"","ocean_link_format":"","ocean_link_format_target":"self","ocean_quote_format":"","ocean_quote_format_link":"post","ocean_gallery_link_images":"on","ocean_gallery_id":[],"footnotes":""},"categories":[5866,3810],"tags":[5523,5867],"class_list":["post-12791","post","type-post","status-publish","format-standard","hentry","category-concerte-2","category-recomandari-2","tag-maximum-rock-fest","tag-therion","entry","owp-thumbs-layout-horizontal","owp-btn-normal","owp-tabs-layout-horizontal","has-no-thumbnails","has-product-nav"],"yoast_head":"<!-- This site is optimized with the Yoast SEO plugin v27.5 - https:\/\/yoast.com\/product\/yoast-seo-wordpress\/ -->\n<title>Concertul Therion (11.03.2018) se mut\u0103 \u00een clubul Quantic din Bucure\u0219ti - Art Out Lounge<\/title>\n<meta name=\"robots\" content=\"index, follow, max-snippet:-1, max-image-preview:large, max-video-preview:-1\" \/>\n<link rel=\"canonical\" href=\"https:\/\/www.artout.ro\/lounge\/recomandari-2\/concertul-therion-11-03-2018-se-muta-in-clubul-quantic-din-bucuresti\/\" \/>\n<meta property=\"og:locale\" content=\"ro_RO\" \/>\n<meta property=\"og:type\" content=\"article\" \/>\n<meta property=\"og:title\" content=\"Concertul Therion (11.03.2018) se mut\u0103 \u00een clubul Quantic din Bucure\u0219ti - Art Out Lounge\" \/>\n<meta property=\"og:description\" content=\"Venim cu o veste mai pu\u021bin pl\u0103cut\u0103 legat\u0103 de concertul\u00a0THERION\u00a0din data de\u00a011 martie 2018, care era programat ini\u021bial s\u0103 aib\u0103 loc la Arenele Romane din Bucure\u0219ti. Din cauza unor factori ce nu \u021bin de organizatori, locul de desf\u0103\u0219urare alevenimentului s-a schimbat, astfel c\u0103 acesta va avea loc \u00een aceea\u0219i dat\u0103, \u00eens\u0103 \u00een\u00a0club Quantic din Bucure\u0219ti. [&hellip;]\" \/>\n<meta property=\"og:url\" content=\"https:\/\/www.artout.ro\/lounge\/recomandari-2\/concertul-therion-11-03-2018-se-muta-in-clubul-quantic-din-bucuresti\/\" \/>\n<meta property=\"og:site_name\" content=\"Art Out Lounge\" \/>\n<meta property=\"article:published_time\" content=\"2018-02-17T10:59:44+00:00\" \/>\n<meta property=\"article:modified_time\" content=\"2018-02-27T09:02:46+00:00\" \/>\n<meta property=\"og:image\" content=\"http:\/\/rockout.ro\/wp-content\/uploads\/2018\/02\/therion.jpg\" \/>\n<meta name=\"twitter:card\" content=\"summary_large_image\" \/>\n<meta name=\"twitter:label1\" content=\"Scris de\" \/>\n\t<meta name=\"twitter:data1\" content=\"\" \/>\n\t<meta name=\"twitter:label2\" content=\"Timp estimat pentru citire\" \/>\n\t<meta name=\"twitter:data2\" content=\"2 minute\" \/>\n<script type=\"application\/ld+json\" class=\"yoast-schema-graph\">{\"@context\":\"https:\\\/\\\/schema.org\",\"@graph\":[{\"@type\":\"Article\",\"@id\":\"https:\\\/\\\/www.artout.ro\\\/lounge\\\/recomandari-2\\\/concertul-therion-11-03-2018-se-muta-in-clubul-quantic-din-bucuresti\\\/#article\",\"isPartOf\":{\"@id\":\"https:\\\/\\\/www.artout.ro\\\/lounge\\\/recomandari-2\\\/concertul-therion-11-03-2018-se-muta-in-clubul-quantic-din-bucuresti\\\/\"},\"author\":{\"name\":\"\",\"@id\":\"\"},\"headline\":\"Concertul Therion (11.03.2018) se mut\u0103 \u00een clubul Quantic din Bucure\u0219ti\",\"datePublished\":\"2018-02-17T10:59:44+00:00\",\"dateModified\":\"2018-02-27T09:02:46+00:00\",\"mainEntityOfPage\":{\"@id\":\"https:\\\/\\\/www.artout.ro\\\/lounge\\\/recomandari-2\\\/concertul-therion-11-03-2018-se-muta-in-clubul-quantic-din-bucuresti\\\/\"},\"wordCount\":392,\"commentCount\":0,\"publisher\":{\"@id\":\"https:\\\/\\\/www.artout.ro\\\/lounge\\\/#organization\"},\"image\":{\"@id\":\"https:\\\/\\\/www.artout.ro\\\/lounge\\\/recomandari-2\\\/concertul-therion-11-03-2018-se-muta-in-clubul-quantic-din-bucuresti\\\/#primaryimage\"},\"thumbnailUrl\":\"http:\\\/\\\/rockout.ro\\\/wp-content\\\/uploads\\\/2018\\\/02\\\/therion.jpg\",\"keywords\":[\"maximum rock fest\",\"therion\"],\"articleSection\":[\"Concerte\",\"Recomand\u0103ri\"],\"inLanguage\":\"ro-RO\",\"potentialAction\":[{\"@type\":\"CommentAction\",\"name\":\"Comment\",\"target\":[\"https:\\\/\\\/www.artout.ro\\\/lounge\\\/recomandari-2\\\/concertul-therion-11-03-2018-se-muta-in-clubul-quantic-din-bucuresti\\\/#respond\"]}]},{\"@type\":\"WebPage\",\"@id\":\"https:\\\/\\\/www.artout.ro\\\/lounge\\\/recomandari-2\\\/concertul-therion-11-03-2018-se-muta-in-clubul-quantic-din-bucuresti\\\/\",\"url\":\"https:\\\/\\\/www.artout.ro\\\/lounge\\\/recomandari-2\\\/concertul-therion-11-03-2018-se-muta-in-clubul-quantic-din-bucuresti\\\/\",\"name\":\"Concertul Therion (11.03.2018) se mut\u0103 \u00een clubul Quantic din Bucure\u0219ti - Art Out Lounge\",\"isPartOf\":{\"@id\":\"https:\\\/\\\/www.artout.ro\\\/lounge\\\/#website\"},\"primaryImageOfPage\":{\"@id\":\"https:\\\/\\\/www.artout.ro\\\/lounge\\\/recomandari-2\\\/concertul-therion-11-03-2018-se-muta-in-clubul-quantic-din-bucuresti\\\/#primaryimage\"},\"image\":{\"@id\":\"https:\\\/\\\/www.artout.ro\\\/lounge\\\/recomandari-2\\\/concertul-therion-11-03-2018-se-muta-in-clubul-quantic-din-bucuresti\\\/#primaryimage\"},\"thumbnailUrl\":\"http:\\\/\\\/rockout.ro\\\/wp-content\\\/uploads\\\/2018\\\/02\\\/therion.jpg\",\"datePublished\":\"2018-02-17T10:59:44+00:00\",\"dateModified\":\"2018-02-27T09:02:46+00:00\",\"breadcrumb\":{\"@id\":\"https:\\\/\\\/www.artout.ro\\\/lounge\\\/recomandari-2\\\/concertul-therion-11-03-2018-se-muta-in-clubul-quantic-din-bucuresti\\\/#breadcrumb\"},\"inLanguage\":\"ro-RO\",\"potentialAction\":[{\"@type\":\"ReadAction\",\"target\":[\"https:\\\/\\\/www.artout.ro\\\/lounge\\\/recomandari-2\\\/concertul-therion-11-03-2018-se-muta-in-clubul-quantic-din-bucuresti\\\/\"]}]},{\"@type\":\"ImageObject\",\"inLanguage\":\"ro-RO\",\"@id\":\"https:\\\/\\\/www.artout.ro\\\/lounge\\\/recomandari-2\\\/concertul-therion-11-03-2018-se-muta-in-clubul-quantic-din-bucuresti\\\/#primaryimage\",\"url\":\"http:\\\/\\\/rockout.ro\\\/wp-content\\\/uploads\\\/2018\\\/02\\\/therion.jpg\",\"contentUrl\":\"http:\\\/\\\/rockout.ro\\\/wp-content\\\/uploads\\\/2018\\\/02\\\/therion.jpg\"},{\"@type\":\"BreadcrumbList\",\"@id\":\"https:\\\/\\\/www.artout.ro\\\/lounge\\\/recomandari-2\\\/concertul-therion-11-03-2018-se-muta-in-clubul-quantic-din-bucuresti\\\/#breadcrumb\",\"itemListElement\":[{\"@type\":\"ListItem\",\"position\":1,\"name\":\"Prima pagin\u0103\",\"item\":\"https:\\\/\\\/www.artout.ro\\\/lounge\\\/\"},{\"@type\":\"ListItem\",\"position\":2,\"name\":\"Concertul Therion (11.03.2018) se mut\u0103 \u00een clubul Quantic din Bucure\u0219ti\"}]},{\"@type\":\"WebSite\",\"@id\":\"https:\\\/\\\/www.artout.ro\\\/lounge\\\/#website\",\"url\":\"https:\\\/\\\/www.artout.ro\\\/lounge\\\/\",\"name\":\"Art Out Lounge\",\"description\":\"Revista, Arta, Arhitectura, Patrimoniu, Restaurare\",\"publisher\":{\"@id\":\"https:\\\/\\\/www.artout.ro\\\/lounge\\\/#organization\"},\"potentialAction\":[{\"@type\":\"SearchAction\",\"target\":{\"@type\":\"EntryPoint\",\"urlTemplate\":\"https:\\\/\\\/www.artout.ro\\\/lounge\\\/?s={search_term_string}\"},\"query-input\":{\"@type\":\"PropertyValueSpecification\",\"valueRequired\":true,\"valueName\":\"search_term_string\"}}],\"inLanguage\":\"ro-RO\"},{\"@type\":\"Organization\",\"@id\":\"https:\\\/\\\/www.artout.ro\\\/lounge\\\/#organization\",\"name\":\"Art Out Lounge\",\"url\":\"https:\\\/\\\/www.artout.ro\\\/lounge\\\/\",\"logo\":{\"@type\":\"ImageObject\",\"inLanguage\":\"ro-RO\",\"@id\":\"https:\\\/\\\/www.artout.ro\\\/lounge\\\/#\\\/schema\\\/logo\\\/image\\\/\",\"url\":\"https:\\\/\\\/www.artout.ro\\\/lounge\\\/wp-content\\\/uploads\\\/2021\\\/10\\\/cropped-ART-OUT-LOGO-slogan-vectorial.png\",\"contentUrl\":\"https:\\\/\\\/www.artout.ro\\\/lounge\\\/wp-content\\\/uploads\\\/2021\\\/10\\\/cropped-ART-OUT-LOGO-slogan-vectorial.png\",\"width\":1802,\"height\":854,\"caption\":\"Art Out Lounge\"},\"image\":{\"@id\":\"https:\\\/\\\/www.artout.ro\\\/lounge\\\/#\\\/schema\\\/logo\\\/image\\\/\"}},{\"@type\":\"Person\",\"@id\":\"\"}]}<\/script>\n<!-- \/ Yoast SEO plugin. -->","yoast_head_json":{"title":"Concertul Therion (11.03.2018) se mut\u0103 \u00een clubul Quantic din Bucure\u0219ti - Art Out Lounge","robots":{"index":"index","follow":"follow","max-snippet":"max-snippet:-1","max-image-preview":"max-image-preview:large","max-video-preview":"max-video-preview:-1"},"canonical":"https:\/\/www.artout.ro\/lounge\/recomandari-2\/concertul-therion-11-03-2018-se-muta-in-clubul-quantic-din-bucuresti\/","og_locale":"ro_RO","og_type":"article","og_title":"Concertul Therion (11.03.2018) se mut\u0103 \u00een clubul Quantic din Bucure\u0219ti - Art Out Lounge","og_description":"Venim cu o veste mai pu\u021bin pl\u0103cut\u0103 legat\u0103 de concertul\u00a0THERION\u00a0din data de\u00a011 martie 2018, care era programat ini\u021bial s\u0103 aib\u0103 loc la Arenele Romane din Bucure\u0219ti. Din cauza unor factori ce nu \u021bin de organizatori, locul de desf\u0103\u0219urare alevenimentului s-a schimbat, astfel c\u0103 acesta va avea loc \u00een aceea\u0219i dat\u0103, \u00eens\u0103 \u00een\u00a0club Quantic din Bucure\u0219ti. [&hellip;]","og_url":"https:\/\/www.artout.ro\/lounge\/recomandari-2\/concertul-therion-11-03-2018-se-muta-in-clubul-quantic-din-bucuresti\/","og_site_name":"Art Out Lounge","article_published_time":"2018-02-17T10:59:44+00:00","article_modified_time":"2018-02-27T09:02:46+00:00","og_image":[{"url":"http:\/\/rockout.ro\/wp-content\/uploads\/2018\/02\/therion.jpg","type":"","width":"","height":""}],"twitter_card":"summary_large_image","twitter_misc":{"Scris de":"","Timp estimat pentru citire":"2 minute"},"schema":{"@context":"https:\/\/schema.org","@graph":[{"@type":"Article","@id":"https:\/\/www.artout.ro\/lounge\/recomandari-2\/concertul-therion-11-03-2018-se-muta-in-clubul-quantic-din-bucuresti\/#article","isPartOf":{"@id":"https:\/\/www.artout.ro\/lounge\/recomandari-2\/concertul-therion-11-03-2018-se-muta-in-clubul-quantic-din-bucuresti\/"},"author":{"name":"","@id":""},"headline":"Concertul Therion (11.03.2018) se mut\u0103 \u00een clubul Quantic din Bucure\u0219ti","datePublished":"2018-02-17T10:59:44+00:00","dateModified":"2018-02-27T09:02:46+00:00","mainEntityOfPage":{"@id":"https:\/\/www.artout.ro\/lounge\/recomandari-2\/concertul-therion-11-03-2018-se-muta-in-clubul-quantic-din-bucuresti\/"},"wordCount":392,"commentCount":0,"publisher":{"@id":"https:\/\/www.artout.ro\/lounge\/#organization"},"image":{"@id":"https:\/\/www.artout.ro\/lounge\/recomandari-2\/concertul-therion-11-03-2018-se-muta-in-clubul-quantic-din-bucuresti\/#primaryimage"},"thumbnailUrl":"http:\/\/rockout.ro\/wp-content\/uploads\/2018\/02\/therion.jpg","keywords":["maximum rock fest","therion"],"articleSection":["Concerte","Recomand\u0103ri"],"inLanguage":"ro-RO","potentialAction":[{"@type":"CommentAction","name":"Comment","target":["https:\/\/www.artout.ro\/lounge\/recomandari-2\/concertul-therion-11-03-2018-se-muta-in-clubul-quantic-din-bucuresti\/#respond"]}]},{"@type":"WebPage","@id":"https:\/\/www.artout.ro\/lounge\/recomandari-2\/concertul-therion-11-03-2018-se-muta-in-clubul-quantic-din-bucuresti\/","url":"https:\/\/www.artout.ro\/lounge\/recomandari-2\/concertul-therion-11-03-2018-se-muta-in-clubul-quantic-din-bucuresti\/","name":"Concertul Therion (11.03.2018) se mut\u0103 \u00een clubul Quantic din Bucure\u0219ti - Art Out Lounge","isPartOf":{"@id":"https:\/\/www.artout.ro\/lounge\/#website"},"primaryImageOfPage":{"@id":"https:\/\/www.artout.ro\/lounge\/recomandari-2\/concertul-therion-11-03-2018-se-muta-in-clubul-quantic-din-bucuresti\/#primaryimage"},"image":{"@id":"https:\/\/www.artout.ro\/lounge\/recomandari-2\/concertul-therion-11-03-2018-se-muta-in-clubul-quantic-din-bucuresti\/#primaryimage"},"thumbnailUrl":"http:\/\/rockout.ro\/wp-content\/uploads\/2018\/02\/therion.jpg","datePublished":"2018-02-17T10:59:44+00:00","dateModified":"2018-02-27T09:02:46+00:00","breadcrumb":{"@id":"https:\/\/www.artout.ro\/lounge\/recomandari-2\/concertul-therion-11-03-2018-se-muta-in-clubul-quantic-din-bucuresti\/#breadcrumb"},"inLanguage":"ro-RO","potentialAction":[{"@type":"ReadAction","target":["https:\/\/www.artout.ro\/lounge\/recomandari-2\/concertul-therion-11-03-2018-se-muta-in-clubul-quantic-din-bucuresti\/"]}]},{"@type":"ImageObject","inLanguage":"ro-RO","@id":"https:\/\/www.artout.ro\/lounge\/recomandari-2\/concertul-therion-11-03-2018-se-muta-in-clubul-quantic-din-bucuresti\/#primaryimage","url":"http:\/\/rockout.ro\/wp-content\/uploads\/2018\/02\/therion.jpg","contentUrl":"http:\/\/rockout.ro\/wp-content\/uploads\/2018\/02\/therion.jpg"},{"@type":"BreadcrumbList","@id":"https:\/\/www.artout.ro\/lounge\/recomandari-2\/concertul-therion-11-03-2018-se-muta-in-clubul-quantic-din-bucuresti\/#breadcrumb","itemListElement":[{"@type":"ListItem","position":1,"name":"Prima pagin\u0103","item":"https:\/\/www.artout.ro\/lounge\/"},{"@type":"ListItem","position":2,"name":"Concertul Therion (11.03.2018) se mut\u0103 \u00een clubul Quantic din Bucure\u0219ti"}]},{"@type":"WebSite","@id":"https:\/\/www.artout.ro\/lounge\/#website","url":"https:\/\/www.artout.ro\/lounge\/","name":"Art Out Lounge","description":"Revista, Arta, Arhitectura, Patrimoniu, Restaurare","publisher":{"@id":"https:\/\/www.artout.ro\/lounge\/#organization"},"potentialAction":[{"@type":"SearchAction","target":{"@type":"EntryPoint","urlTemplate":"https:\/\/www.artout.ro\/lounge\/?s={search_term_string}"},"query-input":{"@type":"PropertyValueSpecification","valueRequired":true,"valueName":"search_term_string"}}],"inLanguage":"ro-RO"},{"@type":"Organization","@id":"https:\/\/www.artout.ro\/lounge\/#organization","name":"Art Out Lounge","url":"https:\/\/www.artout.ro\/lounge\/","logo":{"@type":"ImageObject","inLanguage":"ro-RO","@id":"https:\/\/www.artout.ro\/lounge\/#\/schema\/logo\/image\/","url":"https:\/\/www.artout.ro\/lounge\/wp-content\/uploads\/2021\/10\/cropped-ART-OUT-LOGO-slogan-vectorial.png","contentUrl":"https:\/\/www.artout.ro\/lounge\/wp-content\/uploads\/2021\/10\/cropped-ART-OUT-LOGO-slogan-vectorial.png","width":1802,"height":854,"caption":"Art Out Lounge"},"image":{"@id":"https:\/\/www.artout.ro\/lounge\/#\/schema\/logo\/image\/"}},{"@type":"Person","@id":""}]}},"_links":{"self":[{"href":"https:\/\/www.artout.ro\/lounge\/wp-json\/wp\/v2\/posts\/12791","targetHints":{"allow":["GET"]}}],"collection":[{"href":"https:\/\/www.artout.ro\/lounge\/wp-json\/wp\/v2\/posts"}],"about":[{"href":"https:\/\/www.artout.ro\/lounge\/wp-json\/wp\/v2\/types\/post"}],"author":[{"embeddable":true,"href":"https:\/\/www.artout.ro\/lounge\/wp-json\/wp\/v2\/users\/4"}],"replies":[{"embeddable":true,"href":"https:\/\/www.artout.ro\/lounge\/wp-json\/wp\/v2\/comments?post=12791"}],"version-history":[{"count":1,"href":"https:\/\/www.artout.ro\/lounge\/wp-json\/wp\/v2\/posts\/12791\/revisions"}],"predecessor-version":[{"id":12792,"href":"https:\/\/www.artout.ro\/lounge\/wp-json\/wp\/v2\/posts\/12791\/revisions\/12792"}],"wp:attachment":[{"href":"https:\/\/www.artout.ro\/lounge\/wp-json\/wp\/v2\/media?parent=12791"}],"wp:term":[{"taxonomy":"category","embeddable":true,"href":"https:\/\/www.artout.ro\/lounge\/wp-json\/wp\/v2\/categories?post=12791"},{"taxonomy":"post_tag","embeddable":true,"href":"https:\/\/www.artout.ro\/lounge\/wp-json\/wp\/v2\/tags?post=12791"}],"curies":[{"name":"wp","href":"https:\/\/api.w.org\/{rel}","templated":true}]}}