{"id":1948,"date":"2013-09-29T18:26:27","date_gmt":"2013-09-29T16:26:27","guid":{"rendered":"http:\/\/artout.ro\/blog\/?p=1948"},"modified":"2013-09-29T18:26:27","modified_gmt":"2013-09-29T16:26:27","slug":"5-trasee-culturale-de-arhitectura-bucuresteana-evenimentele-lunii-octombrie-2","status":"publish","type":"post","link":"https:\/\/www.artout.ro\/lounge\/stiri\/5-trasee-culturale-de-arhitectura-bucuresteana-evenimentele-lunii-octombrie-2\/","title":{"rendered":"5 trasee culturale de arhitectur\u0103 bucure\u0219tean\u0103 Evenimentele lunii octombrie"},"content":{"rendered":"<p>Asocia\u021bia Istoria Artei organizeaz\u0103 \u00een aceast\u0103 toamn\u0103 al doilea proiect de anvergur\u0103 dedicat istoriei arhitecturii bucure\u0219tene. Axat pe trei compomente, \u00een func\u021bie de categoriile de public, v\u0103 propunem o serie de tururi ghidate, conferin\u021be \u0219i ateliere pentru copii.<br \/>\nProiectul vizeaz\u0103 cariera \u0219i personalitatea a cinci mari nume ale arhitecturii rom\u00e2ne\u0219ti, valorific\u00e2nd patrimoniul realizat \u0219i proiectat, pun\u00e2nd accent pe contribu\u021bia fiec\u0103ruia \u0219i pe tr\u0103s\u0103turile definitorii, dar amintind \u0219i de monumentele disp\u0103rute. Practic este vorba de un parcurs istoric de-a lungul a celei de-a doua jum\u0103t\u0103\u021bi a sec. al XIX-lea \u0219i p\u00e2n\u0103 \u00een anii &#8217;60 ai sec. al XX-lea, documentarea av\u00e2nd la baz\u0103, de cele mai multe ori, fonduri de arhiv\u0103 inedite.<br \/>\nProiectul este co-finan\u021bat de Ordinul Arhitec\u021bilor din Rom\u00e2nia, din taxa de timbru de arhitectur\u0103.<br \/>\nParteneri: Arhivele Na\u021bionale ale Rom\u00e2niei, Asocia\u021bia Bucure\u0219tiul Meu Drag, Asocia\u021bia Dialog \u0219i Ac\u021biune, Bucure\u0219tii Vechi \u0219i Noi, Ora\u0219ul lui Bucur, Biblioteca Metropolitan\u0103 Bucure\u0219ti<br \/>\n\u00cen luna octombrie programul activit\u0103\u021bilor noastre va fi urm\u0103torul:<\/p>\n<p>1.\t5 octombrie, ora 11:00<br \/>\n\u201ePe urmele arh. Nicolae Ghika-Bude\u0219ti prin Bucure\u0219ti\u201d<br \/>\nIstoric de art\u0103 drd. Oana Marinache<br \/>\n Punct de \u00eent\u00e2lnire: C.E.S.I., str. M. Moxa nr. 5<\/p>\n<p>2. 12 octombrie, ora 11:00<br \/>\nAtelier de istoria arhitecturii \u0219i de crea\u021bie pentru copii<br \/>\nIstoric Alina Havreliuc<br \/>\nPunct de \u00eent\u00e2lnire: Casa Mincu, str. Arthur Verona nr. 19<br \/>\n\u00censcrieri la: istoriaarteipentruceimici@gmail.com p\u00e2n\u0103 \u00een 6 octombrie, locuri: 20 elevi<\/p>\n<p>3.\t19 octombrie, ora 11:00<br \/>\n\u201ePe urmele arh. Duiliu Marcu prin Bucure\u0219ti\u201d<br \/>\narh. Mariana Croitoru<br \/>\nPunct de \u00eent\u00e2lnire: Universitate, Facultatea de Geografie<\/p>\n<p>4.\t20 octombrie, ora 11:00<br \/>\n\u201ePe urmele arh. Duiliu Marcu prin Bucure\u0219ti\u201d<br \/>\narh. dr. Mariana Croitoru<br \/>\nPunct de \u00eent\u00e2lnire: Palatul Victoriei<\/p>\n<p>5.\t24 octombrie, ora 11:00<br \/>\nPove\u0219ti din Bucure\u0219ti dedicate arh. Duiliu Marcu\u201d<br \/>\nConferen\u021biar: arh. dr. Mariana Croitoru<br \/>\nLoc: Caru&#8217; cu Bere, str. Stavropoleos nr. 5<\/p>\n<p><a href=\"http:\/\/artout.ro\/blog\/5-trasee-culturale-de-arhitectura-bucuresteana-evenimentele-lunii-octombrie-2\/poster-5-tururi-oct-3\/\" rel=\"attachment wp-att-1949\"><img decoding=\"async\" src=\"http:\/\/artout.ro\/blog\/blog\/wp-content\/uploads\/2013\/09\/poster-5-tururi-oct2-150x150.jpg\" alt=\"\" title=\"poster 5 tururi oct\" width=\"150\" height=\"150\" class=\"alignright size-thumbnail wp-image-1949\" \/><\/a><\/p>\n<p><a href=\"http:\/\/artout.ro\/blog\/5-trasee-culturale-de-arhitectura-bucuresteana-evenimentele-lunii-octombrie-2\/materiale-atelier-12-octombrie-2\/\" rel=\"attachment wp-att-1950\"><img decoding=\"async\" src=\"http:\/\/artout.ro\/blog\/blog\/wp-content\/uploads\/2013\/09\/materiale-atelier-12-octombrie1-150x150.jpg\" alt=\"\" title=\"materiale atelier 12 octombrie\" width=\"150\" height=\"150\" class=\"alignright size-thumbnail wp-image-1950\" \/><\/a><\/p>\n","protected":false},"excerpt":{"rendered":"<p>Asocia\u021bia Istoria Artei organizeaz\u0103 \u00een aceast\u0103 toamn\u0103 al doilea proiect de anvergur\u0103 dedicat istoriei arhitecturii bucure\u0219tene. Axat pe trei compomente, \u00een func\u021bie de categoriile de public, v\u0103 propunem o serie de tururi ghidate, conferin\u021be \u0219i ateliere pentru copii. Proiectul vizeaz\u0103 cariera \u0219i personalitatea a cinci mari nume ale arhitecturii rom\u00e2ne\u0219ti, valorific\u00e2nd patrimoniul realizat \u0219i proiectat, [&hellip;]<\/p>\n","protected":false},"author":1,"featured_media":0,"comment_status":"open","ping_status":"open","sticky":false,"template":"","format":"standard","meta":{"ocean_post_layout":"","ocean_both_sidebars_style":"","ocean_both_sidebars_content_width":0,"ocean_both_sidebars_sidebars_width":0,"ocean_sidebar":"","ocean_second_sidebar":"","ocean_disable_margins":"enable","ocean_add_body_class":"","ocean_shortcode_before_top_bar":"","ocean_shortcode_after_top_bar":"","ocean_shortcode_before_header":"","ocean_shortcode_after_header":"","ocean_has_shortcode":"","ocean_shortcode_after_title":"","ocean_shortcode_before_footer_widgets":"","ocean_shortcode_after_footer_widgets":"","ocean_shortcode_before_footer_bottom":"","ocean_shortcode_after_footer_bottom":"","ocean_display_top_bar":"default","ocean_display_header":"default","ocean_header_style":"","ocean_center_header_left_menu":"","ocean_custom_header_template":"","ocean_custom_logo":0,"ocean_custom_retina_logo":0,"ocean_custom_logo_max_width":0,"ocean_custom_logo_tablet_max_width":0,"ocean_custom_logo_mobile_max_width":0,"ocean_custom_logo_max_height":0,"ocean_custom_logo_tablet_max_height":0,"ocean_custom_logo_mobile_max_height":0,"ocean_header_custom_menu":"","ocean_menu_typo_font_family":"","ocean_menu_typo_font_subset":"","ocean_menu_typo_font_size":0,"ocean_menu_typo_font_size_tablet":0,"ocean_menu_typo_font_size_mobile":0,"ocean_menu_typo_font_size_unit":"px","ocean_menu_typo_font_weight":"","ocean_menu_typo_font_weight_tablet":"","ocean_menu_typo_font_weight_mobile":"","ocean_menu_typo_transform":"","ocean_menu_typo_transform_tablet":"","ocean_menu_typo_transform_mobile":"","ocean_menu_typo_line_height":0,"ocean_menu_typo_line_height_tablet":0,"ocean_menu_typo_line_height_mobile":0,"ocean_menu_typo_line_height_unit":"","ocean_menu_typo_spacing":0,"ocean_menu_typo_spacing_tablet":0,"ocean_menu_typo_spacing_mobile":0,"ocean_menu_typo_spacing_unit":"","ocean_menu_link_color":"","ocean_menu_link_color_hover":"","ocean_menu_link_color_active":"","ocean_menu_link_background":"","ocean_menu_link_hover_background":"","ocean_menu_link_active_background":"","ocean_menu_social_links_bg":"","ocean_menu_social_hover_links_bg":"","ocean_menu_social_links_color":"","ocean_menu_social_hover_links_color":"","ocean_disable_title":"default","ocean_disable_heading":"default","ocean_post_title":"","ocean_post_subheading":"","ocean_post_title_style":"","ocean_post_title_background_color":"","ocean_post_title_background":0,"ocean_post_title_bg_image_position":"","ocean_post_title_bg_image_attachment":"","ocean_post_title_bg_image_repeat":"","ocean_post_title_bg_image_size":"","ocean_post_title_height":0,"ocean_post_title_bg_overlay":0.5,"ocean_post_title_bg_overlay_color":"","ocean_disable_breadcrumbs":"default","ocean_breadcrumbs_color":"","ocean_breadcrumbs_separator_color":"","ocean_breadcrumbs_links_color":"","ocean_breadcrumbs_links_hover_color":"","ocean_display_footer_widgets":"default","ocean_display_footer_bottom":"default","ocean_custom_footer_template":"","ocean_post_oembed":"","ocean_post_self_hosted_media":"","ocean_post_video_embed":"","ocean_link_format":"","ocean_link_format_target":"self","ocean_quote_format":"","ocean_quote_format_link":"post","ocean_gallery_link_images":"on","ocean_gallery_id":[],"footnotes":""},"categories":[14],"tags":[235,248,553,2164],"class_list":["post-1948","post","type-post","status-publish","format-standard","hentry","category-stiri","tag-asociatia-istoria-artei","tag-ateliere-pentru-copii","tag-conferinte","tag-tururi-ghidate","entry","owp-thumbs-layout-horizontal","owp-btn-normal","owp-tabs-layout-horizontal","has-no-thumbnails","has-product-nav"],"yoast_head":"<!-- This site is optimized with the Yoast SEO plugin v27.5 - https:\/\/yoast.com\/product\/yoast-seo-wordpress\/ -->\n<title>5 trasee culturale de arhitectur\u0103 bucure\u0219tean\u0103 Evenimentele lunii octombrie - Art Out Lounge<\/title>\n<meta name=\"robots\" content=\"index, follow, max-snippet:-1, max-image-preview:large, max-video-preview:-1\" \/>\n<link rel=\"canonical\" href=\"https:\/\/www.artout.ro\/lounge\/stiri\/5-trasee-culturale-de-arhitectura-bucuresteana-evenimentele-lunii-octombrie-2\/\" \/>\n<meta property=\"og:locale\" content=\"ro_RO\" \/>\n<meta property=\"og:type\" content=\"article\" \/>\n<meta property=\"og:title\" content=\"5 trasee culturale de arhitectur\u0103 bucure\u0219tean\u0103 Evenimentele lunii octombrie - Art Out Lounge\" \/>\n<meta property=\"og:description\" content=\"Asocia\u021bia Istoria Artei organizeaz\u0103 \u00een aceast\u0103 toamn\u0103 al doilea proiect de anvergur\u0103 dedicat istoriei arhitecturii bucure\u0219tene. Axat pe trei compomente, \u00een func\u021bie de categoriile de public, v\u0103 propunem o serie de tururi ghidate, conferin\u021be \u0219i ateliere pentru copii. Proiectul vizeaz\u0103 cariera \u0219i personalitatea a cinci mari nume ale arhitecturii rom\u00e2ne\u0219ti, valorific\u00e2nd patrimoniul realizat \u0219i proiectat, [&hellip;]\" \/>\n<meta property=\"og:url\" content=\"https:\/\/www.artout.ro\/lounge\/stiri\/5-trasee-culturale-de-arhitectura-bucuresteana-evenimentele-lunii-octombrie-2\/\" \/>\n<meta property=\"og:site_name\" content=\"Art Out Lounge\" \/>\n<meta property=\"article:published_time\" content=\"2013-09-29T16:26:27+00:00\" \/>\n<meta property=\"og:image\" content=\"http:\/\/artout.ro\/blog\/blog\/wp-content\/uploads\/2013\/09\/poster-5-tururi-oct2-150x150.jpg\" \/>\n<meta name=\"author\" content=\"adminart1\" \/>\n<meta name=\"twitter:card\" content=\"summary_large_image\" \/>\n<meta name=\"twitter:label1\" content=\"Scris de\" \/>\n\t<meta name=\"twitter:data1\" content=\"adminart1\" \/>\n\t<meta name=\"twitter:label2\" content=\"Timp estimat pentru citire\" \/>\n\t<meta name=\"twitter:data2\" content=\"2 minute\" \/>\n<script type=\"application\/ld+json\" class=\"yoast-schema-graph\">{\"@context\":\"https:\\\/\\\/schema.org\",\"@graph\":[{\"@type\":\"Article\",\"@id\":\"https:\\\/\\\/www.artout.ro\\\/lounge\\\/stiri\\\/5-trasee-culturale-de-arhitectura-bucuresteana-evenimentele-lunii-octombrie-2\\\/#article\",\"isPartOf\":{\"@id\":\"https:\\\/\\\/www.artout.ro\\\/lounge\\\/stiri\\\/5-trasee-culturale-de-arhitectura-bucuresteana-evenimentele-lunii-octombrie-2\\\/\"},\"author\":{\"name\":\"adminart1\",\"@id\":\"https:\\\/\\\/www.artout.ro\\\/lounge\\\/#\\\/schema\\\/person\\\/694ebdf3dcd6a599566a6c01d745d1f8\"},\"headline\":\"5 trasee culturale de arhitectur\u0103 bucure\u0219tean\u0103 Evenimentele lunii octombrie\",\"datePublished\":\"2013-09-29T16:26:27+00:00\",\"mainEntityOfPage\":{\"@id\":\"https:\\\/\\\/www.artout.ro\\\/lounge\\\/stiri\\\/5-trasee-culturale-de-arhitectura-bucuresteana-evenimentele-lunii-octombrie-2\\\/\"},\"wordCount\":325,\"commentCount\":0,\"publisher\":{\"@id\":\"https:\\\/\\\/www.artout.ro\\\/lounge\\\/#organization\"},\"image\":{\"@id\":\"https:\\\/\\\/www.artout.ro\\\/lounge\\\/stiri\\\/5-trasee-culturale-de-arhitectura-bucuresteana-evenimentele-lunii-octombrie-2\\\/#primaryimage\"},\"thumbnailUrl\":\"http:\\\/\\\/artout.ro\\\/blog\\\/blog\\\/wp-content\\\/uploads\\\/2013\\\/09\\\/poster-5-tururi-oct2-150x150.jpg\",\"keywords\":[\"Asocia\u021bia Istoria Artei\",\"ateliere pentru copii\",\"conferinte\",\"tururi ghidate\"],\"articleSection\":[\"\u0218tiri\"],\"inLanguage\":\"ro-RO\",\"potentialAction\":[{\"@type\":\"CommentAction\",\"name\":\"Comment\",\"target\":[\"https:\\\/\\\/www.artout.ro\\\/lounge\\\/stiri\\\/5-trasee-culturale-de-arhitectura-bucuresteana-evenimentele-lunii-octombrie-2\\\/#respond\"]}]},{\"@type\":\"WebPage\",\"@id\":\"https:\\\/\\\/www.artout.ro\\\/lounge\\\/stiri\\\/5-trasee-culturale-de-arhitectura-bucuresteana-evenimentele-lunii-octombrie-2\\\/\",\"url\":\"https:\\\/\\\/www.artout.ro\\\/lounge\\\/stiri\\\/5-trasee-culturale-de-arhitectura-bucuresteana-evenimentele-lunii-octombrie-2\\\/\",\"name\":\"5 trasee culturale de arhitectur\u0103 bucure\u0219tean\u0103 Evenimentele lunii octombrie - Art Out Lounge\",\"isPartOf\":{\"@id\":\"https:\\\/\\\/www.artout.ro\\\/lounge\\\/#website\"},\"primaryImageOfPage\":{\"@id\":\"https:\\\/\\\/www.artout.ro\\\/lounge\\\/stiri\\\/5-trasee-culturale-de-arhitectura-bucuresteana-evenimentele-lunii-octombrie-2\\\/#primaryimage\"},\"image\":{\"@id\":\"https:\\\/\\\/www.artout.ro\\\/lounge\\\/stiri\\\/5-trasee-culturale-de-arhitectura-bucuresteana-evenimentele-lunii-octombrie-2\\\/#primaryimage\"},\"thumbnailUrl\":\"http:\\\/\\\/artout.ro\\\/blog\\\/blog\\\/wp-content\\\/uploads\\\/2013\\\/09\\\/poster-5-tururi-oct2-150x150.jpg\",\"datePublished\":\"2013-09-29T16:26:27+00:00\",\"breadcrumb\":{\"@id\":\"https:\\\/\\\/www.artout.ro\\\/lounge\\\/stiri\\\/5-trasee-culturale-de-arhitectura-bucuresteana-evenimentele-lunii-octombrie-2\\\/#breadcrumb\"},\"inLanguage\":\"ro-RO\",\"potentialAction\":[{\"@type\":\"ReadAction\",\"target\":[\"https:\\\/\\\/www.artout.ro\\\/lounge\\\/stiri\\\/5-trasee-culturale-de-arhitectura-bucuresteana-evenimentele-lunii-octombrie-2\\\/\"]}]},{\"@type\":\"ImageObject\",\"inLanguage\":\"ro-RO\",\"@id\":\"https:\\\/\\\/www.artout.ro\\\/lounge\\\/stiri\\\/5-trasee-culturale-de-arhitectura-bucuresteana-evenimentele-lunii-octombrie-2\\\/#primaryimage\",\"url\":\"http:\\\/\\\/artout.ro\\\/blog\\\/blog\\\/wp-content\\\/uploads\\\/2013\\\/09\\\/poster-5-tururi-oct2-150x150.jpg\",\"contentUrl\":\"http:\\\/\\\/artout.ro\\\/blog\\\/blog\\\/wp-content\\\/uploads\\\/2013\\\/09\\\/poster-5-tururi-oct2-150x150.jpg\"},{\"@type\":\"BreadcrumbList\",\"@id\":\"https:\\\/\\\/www.artout.ro\\\/lounge\\\/stiri\\\/5-trasee-culturale-de-arhitectura-bucuresteana-evenimentele-lunii-octombrie-2\\\/#breadcrumb\",\"itemListElement\":[{\"@type\":\"ListItem\",\"position\":1,\"name\":\"Prima pagin\u0103\",\"item\":\"https:\\\/\\\/www.artout.ro\\\/lounge\\\/\"},{\"@type\":\"ListItem\",\"position\":2,\"name\":\"5 trasee culturale de arhitectur\u0103 bucure\u0219tean\u0103 Evenimentele lunii octombrie\"}]},{\"@type\":\"WebSite\",\"@id\":\"https:\\\/\\\/www.artout.ro\\\/lounge\\\/#website\",\"url\":\"https:\\\/\\\/www.artout.ro\\\/lounge\\\/\",\"name\":\"Art Out Lounge\",\"description\":\"Revista, Arta, Arhitectura, Patrimoniu, Restaurare\",\"publisher\":{\"@id\":\"https:\\\/\\\/www.artout.ro\\\/lounge\\\/#organization\"},\"potentialAction\":[{\"@type\":\"SearchAction\",\"target\":{\"@type\":\"EntryPoint\",\"urlTemplate\":\"https:\\\/\\\/www.artout.ro\\\/lounge\\\/?s={search_term_string}\"},\"query-input\":{\"@type\":\"PropertyValueSpecification\",\"valueRequired\":true,\"valueName\":\"search_term_string\"}}],\"inLanguage\":\"ro-RO\"},{\"@type\":\"Organization\",\"@id\":\"https:\\\/\\\/www.artout.ro\\\/lounge\\\/#organization\",\"name\":\"Art Out Lounge\",\"url\":\"https:\\\/\\\/www.artout.ro\\\/lounge\\\/\",\"logo\":{\"@type\":\"ImageObject\",\"inLanguage\":\"ro-RO\",\"@id\":\"https:\\\/\\\/www.artout.ro\\\/lounge\\\/#\\\/schema\\\/logo\\\/image\\\/\",\"url\":\"https:\\\/\\\/www.artout.ro\\\/lounge\\\/wp-content\\\/uploads\\\/2021\\\/10\\\/cropped-ART-OUT-LOGO-slogan-vectorial.png\",\"contentUrl\":\"https:\\\/\\\/www.artout.ro\\\/lounge\\\/wp-content\\\/uploads\\\/2021\\\/10\\\/cropped-ART-OUT-LOGO-slogan-vectorial.png\",\"width\":1802,\"height\":854,\"caption\":\"Art Out Lounge\"},\"image\":{\"@id\":\"https:\\\/\\\/www.artout.ro\\\/lounge\\\/#\\\/schema\\\/logo\\\/image\\\/\"}},{\"@type\":\"Person\",\"@id\":\"https:\\\/\\\/www.artout.ro\\\/lounge\\\/#\\\/schema\\\/person\\\/694ebdf3dcd6a599566a6c01d745d1f8\",\"name\":\"adminart1\",\"image\":{\"@type\":\"ImageObject\",\"inLanguage\":\"ro-RO\",\"@id\":\"https:\\\/\\\/secure.gravatar.com\\\/avatar\\\/bad556cca06d8b6aecc6e4cb9c7d1587290a15c36b7c88aecf54a4e919aec5a8?s=96&d=mm&r=g\",\"url\":\"https:\\\/\\\/secure.gravatar.com\\\/avatar\\\/bad556cca06d8b6aecc6e4cb9c7d1587290a15c36b7c88aecf54a4e919aec5a8?s=96&d=mm&r=g\",\"contentUrl\":\"https:\\\/\\\/secure.gravatar.com\\\/avatar\\\/bad556cca06d8b6aecc6e4cb9c7d1587290a15c36b7c88aecf54a4e919aec5a8?s=96&d=mm&r=g\",\"caption\":\"adminart1\"},\"sameAs\":[\"https:\\\/\\\/artout.ro\"]}]}<\/script>\n<!-- \/ Yoast SEO plugin. -->","yoast_head_json":{"title":"5 trasee culturale de arhitectur\u0103 bucure\u0219tean\u0103 Evenimentele lunii octombrie - Art Out Lounge","robots":{"index":"index","follow":"follow","max-snippet":"max-snippet:-1","max-image-preview":"max-image-preview:large","max-video-preview":"max-video-preview:-1"},"canonical":"https:\/\/www.artout.ro\/lounge\/stiri\/5-trasee-culturale-de-arhitectura-bucuresteana-evenimentele-lunii-octombrie-2\/","og_locale":"ro_RO","og_type":"article","og_title":"5 trasee culturale de arhitectur\u0103 bucure\u0219tean\u0103 Evenimentele lunii octombrie - Art Out Lounge","og_description":"Asocia\u021bia Istoria Artei organizeaz\u0103 \u00een aceast\u0103 toamn\u0103 al doilea proiect de anvergur\u0103 dedicat istoriei arhitecturii bucure\u0219tene. Axat pe trei compomente, \u00een func\u021bie de categoriile de public, v\u0103 propunem o serie de tururi ghidate, conferin\u021be \u0219i ateliere pentru copii. Proiectul vizeaz\u0103 cariera \u0219i personalitatea a cinci mari nume ale arhitecturii rom\u00e2ne\u0219ti, valorific\u00e2nd patrimoniul realizat \u0219i proiectat, [&hellip;]","og_url":"https:\/\/www.artout.ro\/lounge\/stiri\/5-trasee-culturale-de-arhitectura-bucuresteana-evenimentele-lunii-octombrie-2\/","og_site_name":"Art Out Lounge","article_published_time":"2013-09-29T16:26:27+00:00","og_image":[{"url":"http:\/\/artout.ro\/blog\/blog\/wp-content\/uploads\/2013\/09\/poster-5-tururi-oct2-150x150.jpg","type":"","width":"","height":""}],"author":"adminart1","twitter_card":"summary_large_image","twitter_misc":{"Scris de":"adminart1","Timp estimat pentru citire":"2 minute"},"schema":{"@context":"https:\/\/schema.org","@graph":[{"@type":"Article","@id":"https:\/\/www.artout.ro\/lounge\/stiri\/5-trasee-culturale-de-arhitectura-bucuresteana-evenimentele-lunii-octombrie-2\/#article","isPartOf":{"@id":"https:\/\/www.artout.ro\/lounge\/stiri\/5-trasee-culturale-de-arhitectura-bucuresteana-evenimentele-lunii-octombrie-2\/"},"author":{"name":"adminart1","@id":"https:\/\/www.artout.ro\/lounge\/#\/schema\/person\/694ebdf3dcd6a599566a6c01d745d1f8"},"headline":"5 trasee culturale de arhitectur\u0103 bucure\u0219tean\u0103 Evenimentele lunii octombrie","datePublished":"2013-09-29T16:26:27+00:00","mainEntityOfPage":{"@id":"https:\/\/www.artout.ro\/lounge\/stiri\/5-trasee-culturale-de-arhitectura-bucuresteana-evenimentele-lunii-octombrie-2\/"},"wordCount":325,"commentCount":0,"publisher":{"@id":"https:\/\/www.artout.ro\/lounge\/#organization"},"image":{"@id":"https:\/\/www.artout.ro\/lounge\/stiri\/5-trasee-culturale-de-arhitectura-bucuresteana-evenimentele-lunii-octombrie-2\/#primaryimage"},"thumbnailUrl":"http:\/\/artout.ro\/blog\/blog\/wp-content\/uploads\/2013\/09\/poster-5-tururi-oct2-150x150.jpg","keywords":["Asocia\u021bia Istoria Artei","ateliere pentru copii","conferinte","tururi ghidate"],"articleSection":["\u0218tiri"],"inLanguage":"ro-RO","potentialAction":[{"@type":"CommentAction","name":"Comment","target":["https:\/\/www.artout.ro\/lounge\/stiri\/5-trasee-culturale-de-arhitectura-bucuresteana-evenimentele-lunii-octombrie-2\/#respond"]}]},{"@type":"WebPage","@id":"https:\/\/www.artout.ro\/lounge\/stiri\/5-trasee-culturale-de-arhitectura-bucuresteana-evenimentele-lunii-octombrie-2\/","url":"https:\/\/www.artout.ro\/lounge\/stiri\/5-trasee-culturale-de-arhitectura-bucuresteana-evenimentele-lunii-octombrie-2\/","name":"5 trasee culturale de arhitectur\u0103 bucure\u0219tean\u0103 Evenimentele lunii octombrie - Art Out Lounge","isPartOf":{"@id":"https:\/\/www.artout.ro\/lounge\/#website"},"primaryImageOfPage":{"@id":"https:\/\/www.artout.ro\/lounge\/stiri\/5-trasee-culturale-de-arhitectura-bucuresteana-evenimentele-lunii-octombrie-2\/#primaryimage"},"image":{"@id":"https:\/\/www.artout.ro\/lounge\/stiri\/5-trasee-culturale-de-arhitectura-bucuresteana-evenimentele-lunii-octombrie-2\/#primaryimage"},"thumbnailUrl":"http:\/\/artout.ro\/blog\/blog\/wp-content\/uploads\/2013\/09\/poster-5-tururi-oct2-150x150.jpg","datePublished":"2013-09-29T16:26:27+00:00","breadcrumb":{"@id":"https:\/\/www.artout.ro\/lounge\/stiri\/5-trasee-culturale-de-arhitectura-bucuresteana-evenimentele-lunii-octombrie-2\/#breadcrumb"},"inLanguage":"ro-RO","potentialAction":[{"@type":"ReadAction","target":["https:\/\/www.artout.ro\/lounge\/stiri\/5-trasee-culturale-de-arhitectura-bucuresteana-evenimentele-lunii-octombrie-2\/"]}]},{"@type":"ImageObject","inLanguage":"ro-RO","@id":"https:\/\/www.artout.ro\/lounge\/stiri\/5-trasee-culturale-de-arhitectura-bucuresteana-evenimentele-lunii-octombrie-2\/#primaryimage","url":"http:\/\/artout.ro\/blog\/blog\/wp-content\/uploads\/2013\/09\/poster-5-tururi-oct2-150x150.jpg","contentUrl":"http:\/\/artout.ro\/blog\/blog\/wp-content\/uploads\/2013\/09\/poster-5-tururi-oct2-150x150.jpg"},{"@type":"BreadcrumbList","@id":"https:\/\/www.artout.ro\/lounge\/stiri\/5-trasee-culturale-de-arhitectura-bucuresteana-evenimentele-lunii-octombrie-2\/#breadcrumb","itemListElement":[{"@type":"ListItem","position":1,"name":"Prima pagin\u0103","item":"https:\/\/www.artout.ro\/lounge\/"},{"@type":"ListItem","position":2,"name":"5 trasee culturale de arhitectur\u0103 bucure\u0219tean\u0103 Evenimentele lunii octombrie"}]},{"@type":"WebSite","@id":"https:\/\/www.artout.ro\/lounge\/#website","url":"https:\/\/www.artout.ro\/lounge\/","name":"Art Out Lounge","description":"Revista, Arta, Arhitectura, Patrimoniu, Restaurare","publisher":{"@id":"https:\/\/www.artout.ro\/lounge\/#organization"},"potentialAction":[{"@type":"SearchAction","target":{"@type":"EntryPoint","urlTemplate":"https:\/\/www.artout.ro\/lounge\/?s={search_term_string}"},"query-input":{"@type":"PropertyValueSpecification","valueRequired":true,"valueName":"search_term_string"}}],"inLanguage":"ro-RO"},{"@type":"Organization","@id":"https:\/\/www.artout.ro\/lounge\/#organization","name":"Art Out Lounge","url":"https:\/\/www.artout.ro\/lounge\/","logo":{"@type":"ImageObject","inLanguage":"ro-RO","@id":"https:\/\/www.artout.ro\/lounge\/#\/schema\/logo\/image\/","url":"https:\/\/www.artout.ro\/lounge\/wp-content\/uploads\/2021\/10\/cropped-ART-OUT-LOGO-slogan-vectorial.png","contentUrl":"https:\/\/www.artout.ro\/lounge\/wp-content\/uploads\/2021\/10\/cropped-ART-OUT-LOGO-slogan-vectorial.png","width":1802,"height":854,"caption":"Art Out Lounge"},"image":{"@id":"https:\/\/www.artout.ro\/lounge\/#\/schema\/logo\/image\/"}},{"@type":"Person","@id":"https:\/\/www.artout.ro\/lounge\/#\/schema\/person\/694ebdf3dcd6a599566a6c01d745d1f8","name":"adminart1","image":{"@type":"ImageObject","inLanguage":"ro-RO","@id":"https:\/\/secure.gravatar.com\/avatar\/bad556cca06d8b6aecc6e4cb9c7d1587290a15c36b7c88aecf54a4e919aec5a8?s=96&d=mm&r=g","url":"https:\/\/secure.gravatar.com\/avatar\/bad556cca06d8b6aecc6e4cb9c7d1587290a15c36b7c88aecf54a4e919aec5a8?s=96&d=mm&r=g","contentUrl":"https:\/\/secure.gravatar.com\/avatar\/bad556cca06d8b6aecc6e4cb9c7d1587290a15c36b7c88aecf54a4e919aec5a8?s=96&d=mm&r=g","caption":"adminart1"},"sameAs":["https:\/\/artout.ro"]}]}},"_links":{"self":[{"href":"https:\/\/www.artout.ro\/lounge\/wp-json\/wp\/v2\/posts\/1948","targetHints":{"allow":["GET"]}}],"collection":[{"href":"https:\/\/www.artout.ro\/lounge\/wp-json\/wp\/v2\/posts"}],"about":[{"href":"https:\/\/www.artout.ro\/lounge\/wp-json\/wp\/v2\/types\/post"}],"author":[{"embeddable":true,"href":"https:\/\/www.artout.ro\/lounge\/wp-json\/wp\/v2\/users\/1"}],"replies":[{"embeddable":true,"href":"https:\/\/www.artout.ro\/lounge\/wp-json\/wp\/v2\/comments?post=1948"}],"version-history":[{"count":0,"href":"https:\/\/www.artout.ro\/lounge\/wp-json\/wp\/v2\/posts\/1948\/revisions"}],"wp:attachment":[{"href":"https:\/\/www.artout.ro\/lounge\/wp-json\/wp\/v2\/media?parent=1948"}],"wp:term":[{"taxonomy":"category","embeddable":true,"href":"https:\/\/www.artout.ro\/lounge\/wp-json\/wp\/v2\/categories?post=1948"},{"taxonomy":"post_tag","embeddable":true,"href":"https:\/\/www.artout.ro\/lounge\/wp-json\/wp\/v2\/tags?post=1948"}],"curies":[{"name":"wp","href":"https:\/\/api.w.org\/{rel}","templated":true}]}}