{"id":2709,"date":"2013-11-15T13:21:53","date_gmt":"2013-11-15T11:21:53","guid":{"rendered":"http:\/\/artout.ro\/blog\/?p=2709"},"modified":"2013-11-15T13:21:53","modified_gmt":"2013-11-15T11:21:53","slug":"celelalte-cuvinte-aniverseaza-32-de-ani-la-hard-rock-cafe-din-bucuresti","status":"publish","type":"post","link":"https:\/\/www.artout.ro\/lounge\/stiri\/celelalte-cuvinte-aniverseaza-32-de-ani-la-hard-rock-cafe-din-bucuresti\/","title":{"rendered":"Celelalte Cuvinte aniverseaz\u0103 32 de ani, la Hard Rock Cafe din Bucure\u015fti"},"content":{"rendered":"<p>Concertul aniversar prin care trupa<strong> Celelalte Cuvinte<\/strong> s\u0103rb\u0103tore\u015fte 32 de ani de carier\u0103 va avea loc \u00een data de 15 decembrie, de la ora 21.00, \u00een celebrul club bucure\u015ftean <strong>Hard Rock Cafe<\/strong>.<br \/>\n<img decoding=\"async\" src=\"http:\/\/artout.ro\/blog\/blog\/wp-content\/uploads\/2013\/11\/cc-ts_v5_portrait_hrc-copy-150x150.jpg\" alt=\"\" title=\"cc - t&amp;s_v5_portrait_hrc copy\" width=\"150\" height=\"150\" class=\"alignright size-thumbnail wp-image-2712\" \/><br \/>\nEvenimentul \u2013 deja devenit o tradi\u0163ie \u2013 se va desf\u0103\u015fura sub egida conceptului acustic Trup \u015fi Suflet, prezentat pentru prima oar\u0103 \u00een Bucure\u015fti \u00een luna octombrie, la Cinema Patria, \u00een fa\u0163a unei s\u0103li arhipline.<\/p>\n<p>Astfel, \u00een data de 15 decembrie, trupa or\u0103dean\u0103 va sus\u0163ine un concert \u00een dou\u0103 reprize: prima va fi dedicat\u0103 pieselor acustice, iar cea de-a doua va readuce Celelalte Cuvinte \u00een for\u0163\u0103, cu hiturile rock care i-au consacrat.<\/p>\n<p>La <strong>Hard Rock Cafe<\/strong> se vor auzi \u201eScrisori iubite\u201d, \u201eCina dragonului\u201d, \u201e\u00centre vise\u201d, \u201eStem\u201d, \u201eStele\u201d, \u201eCel din r\u0103s\u0103rit\u201d, \u201eDesp\u0103r\u021bire\u201d, \u201eComoara\u201d, \u201eDac\u0103 vrei\u201d, \u201eIarb\u0103 prin p\u0103r\u201d, unele \u201er\u0103st\u0103lm\u0103cite\u201d de cei patru muzicieni legendari \u00een varianta acustic\u0103, altele \u00een varianta original\u0103.<\/p>\n<p>Biletele pentru concertul aniversar Celelalte Cuvinte din <strong>Hard Rock Cafe <\/strong>pot fi g\u0103site online exclusiv pe <a href=\"http:\/\/www.iabilet.ro \" target=\"_blank\">http:\/\/www.iabilet.ro <\/a>si pe <a href=\"http:\/\/http:\/\/www.metalhead.ro\" target=\"_blank\">http:\/\/www.metalhead.ro<\/a> dar \u015fi la <strong>Hard Rock Cafe<\/strong>, inclusiv \u00een ziua evenimentului, la intrare.<\/p>\n<p>Acestea costa 50 de lei cu loc la mas\u0103 si 70 de lei VIP cu loc la mas\u0103, \u00een fa\u0163a scenei. Num\u0103rul de bilete VIP este limitat la 80 de de locuri.<\/p>\n<p>Pentru a cump\u0103ra bilete online, v\u0103 rug\u0103m accesa\u0163i urm\u0103torul link:<\/p>\n<p><a href=\"https:\/\/www.iabilet.ro\/bilete-celelalte-cuvinte-aniverseaza-32-de-ani-la-hard-rock-cafe-din-bucuresti-579\" target=\"_blank\">https:\/\/www.iabilet.ro\/bilete-celelalte-cuvinte-aniverseaza-32-de-ani-la-hard-rock-cafe-din-bucuresti-579<\/a><\/p>\n<p>Un eveniment prezentat de <strong>Metalhead.ro<\/strong> \u015fi <strong>Gala<\/strong>.<\/p>\n","protected":false},"excerpt":{"rendered":"<p>Concertul aniversar prin care trupa Celelalte Cuvinte s\u0103rb\u0103tore\u015fte 32 de ani de carier\u0103 va avea loc \u00een data de 15 decembrie, de la ora 21.00, \u00een celebrul club bucure\u015ftean Hard Rock Cafe. Evenimentul \u2013 deja devenit o tradi\u0163ie \u2013 se va desf\u0103\u015fura sub egida conceptului acustic Trup \u015fi Suflet, prezentat pentru prima oar\u0103 \u00een Bucure\u015fti [&hellip;]<\/p>\n","protected":false},"author":1,"featured_media":0,"comment_status":"open","ping_status":"open","sticky":false,"template":"","format":"standard","meta":{"ocean_post_layout":"","ocean_both_sidebars_style":"","ocean_both_sidebars_content_width":0,"ocean_both_sidebars_sidebars_width":0,"ocean_sidebar":"","ocean_second_sidebar":"","ocean_disable_margins":"enable","ocean_add_body_class":"","ocean_shortcode_before_top_bar":"","ocean_shortcode_after_top_bar":"","ocean_shortcode_before_header":"","ocean_shortcode_after_header":"","ocean_has_shortcode":"","ocean_shortcode_after_title":"","ocean_shortcode_before_footer_widgets":"","ocean_shortcode_after_footer_widgets":"","ocean_shortcode_before_footer_bottom":"","ocean_shortcode_after_footer_bottom":"","ocean_display_top_bar":"default","ocean_display_header":"default","ocean_header_style":"","ocean_center_header_left_menu":"","ocean_custom_header_template":"","ocean_custom_logo":0,"ocean_custom_retina_logo":0,"ocean_custom_logo_max_width":0,"ocean_custom_logo_tablet_max_width":0,"ocean_custom_logo_mobile_max_width":0,"ocean_custom_logo_max_height":0,"ocean_custom_logo_tablet_max_height":0,"ocean_custom_logo_mobile_max_height":0,"ocean_header_custom_menu":"","ocean_menu_typo_font_family":"","ocean_menu_typo_font_subset":"","ocean_menu_typo_font_size":0,"ocean_menu_typo_font_size_tablet":0,"ocean_menu_typo_font_size_mobile":0,"ocean_menu_typo_font_size_unit":"px","ocean_menu_typo_font_weight":"","ocean_menu_typo_font_weight_tablet":"","ocean_menu_typo_font_weight_mobile":"","ocean_menu_typo_transform":"","ocean_menu_typo_transform_tablet":"","ocean_menu_typo_transform_mobile":"","ocean_menu_typo_line_height":0,"ocean_menu_typo_line_height_tablet":0,"ocean_menu_typo_line_height_mobile":0,"ocean_menu_typo_line_height_unit":"","ocean_menu_typo_spacing":0,"ocean_menu_typo_spacing_tablet":0,"ocean_menu_typo_spacing_mobile":0,"ocean_menu_typo_spacing_unit":"","ocean_menu_link_color":"","ocean_menu_link_color_hover":"","ocean_menu_link_color_active":"","ocean_menu_link_background":"","ocean_menu_link_hover_background":"","ocean_menu_link_active_background":"","ocean_menu_social_links_bg":"","ocean_menu_social_hover_links_bg":"","ocean_menu_social_links_color":"","ocean_menu_social_hover_links_color":"","ocean_disable_title":"default","ocean_disable_heading":"default","ocean_post_title":"","ocean_post_subheading":"","ocean_post_title_style":"","ocean_post_title_background_color":"","ocean_post_title_background":0,"ocean_post_title_bg_image_position":"","ocean_post_title_bg_image_attachment":"","ocean_post_title_bg_image_repeat":"","ocean_post_title_bg_image_size":"","ocean_post_title_height":0,"ocean_post_title_bg_overlay":0.5,"ocean_post_title_bg_overlay_color":"","ocean_disable_breadcrumbs":"default","ocean_breadcrumbs_color":"","ocean_breadcrumbs_separator_color":"","ocean_breadcrumbs_links_color":"","ocean_breadcrumbs_links_hover_color":"","ocean_display_footer_widgets":"default","ocean_display_footer_bottom":"default","ocean_custom_footer_template":"","ocean_post_oembed":"","ocean_post_self_hosted_media":"","ocean_post_video_embed":"","ocean_link_format":"","ocean_link_format_target":"self","ocean_quote_format":"","ocean_quote_format_link":"post","ocean_gallery_link_images":"on","ocean_gallery_id":[],"footnotes":""},"categories":[14],"tags":[439,527,1041],"class_list":["post-2709","post","type-post","status-publish","format-standard","hentry","category-stiri","tag-celelalte-cuvinte","tag-concert-aniversar","tag-hard-rock-cafe-din-bucuresti","entry","owp-thumbs-layout-horizontal","owp-btn-normal","owp-tabs-layout-horizontal","has-no-thumbnails","has-product-nav"],"yoast_head":"<!-- This site is optimized with the Yoast SEO plugin v27.5 - https:\/\/yoast.com\/product\/yoast-seo-wordpress\/ -->\n<title>Celelalte Cuvinte aniverseaz\u0103 32 de ani, la Hard Rock Cafe din Bucure\u015fti - Art Out Lounge<\/title>\n<meta name=\"robots\" content=\"index, follow, max-snippet:-1, max-image-preview:large, max-video-preview:-1\" \/>\n<link rel=\"canonical\" href=\"https:\/\/www.artout.ro\/lounge\/stiri\/celelalte-cuvinte-aniverseaza-32-de-ani-la-hard-rock-cafe-din-bucuresti\/\" \/>\n<meta property=\"og:locale\" content=\"ro_RO\" \/>\n<meta property=\"og:type\" content=\"article\" \/>\n<meta property=\"og:title\" content=\"Celelalte Cuvinte aniverseaz\u0103 32 de ani, la Hard Rock Cafe din Bucure\u015fti - Art Out Lounge\" \/>\n<meta property=\"og:description\" content=\"Concertul aniversar prin care trupa Celelalte Cuvinte s\u0103rb\u0103tore\u015fte 32 de ani de carier\u0103 va avea loc \u00een data de 15 decembrie, de la ora 21.00, \u00een celebrul club bucure\u015ftean Hard Rock Cafe. Evenimentul \u2013 deja devenit o tradi\u0163ie \u2013 se va desf\u0103\u015fura sub egida conceptului acustic Trup \u015fi Suflet, prezentat pentru prima oar\u0103 \u00een Bucure\u015fti [&hellip;]\" \/>\n<meta property=\"og:url\" content=\"https:\/\/www.artout.ro\/lounge\/stiri\/celelalte-cuvinte-aniverseaza-32-de-ani-la-hard-rock-cafe-din-bucuresti\/\" \/>\n<meta property=\"og:site_name\" content=\"Art Out Lounge\" \/>\n<meta property=\"article:published_time\" content=\"2013-11-15T11:21:53+00:00\" \/>\n<meta property=\"og:image\" content=\"http:\/\/artout.ro\/blog\/blog\/wp-content\/uploads\/2013\/11\/cc-ts_v5_portrait_hrc-copy-150x150.jpg\" \/>\n<meta name=\"author\" content=\"adminart1\" \/>\n<meta name=\"twitter:card\" content=\"summary_large_image\" \/>\n<meta name=\"twitter:label1\" content=\"Scris de\" \/>\n\t<meta name=\"twitter:data1\" content=\"adminart1\" \/>\n\t<meta name=\"twitter:label2\" content=\"Timp estimat pentru citire\" \/>\n\t<meta name=\"twitter:data2\" content=\"1 minut\" \/>\n<script type=\"application\/ld+json\" class=\"yoast-schema-graph\">{\"@context\":\"https:\\\/\\\/schema.org\",\"@graph\":[{\"@type\":\"Article\",\"@id\":\"https:\\\/\\\/www.artout.ro\\\/lounge\\\/stiri\\\/celelalte-cuvinte-aniverseaza-32-de-ani-la-hard-rock-cafe-din-bucuresti\\\/#article\",\"isPartOf\":{\"@id\":\"https:\\\/\\\/www.artout.ro\\\/lounge\\\/stiri\\\/celelalte-cuvinte-aniverseaza-32-de-ani-la-hard-rock-cafe-din-bucuresti\\\/\"},\"author\":{\"name\":\"adminart1\",\"@id\":\"https:\\\/\\\/www.artout.ro\\\/lounge\\\/#\\\/schema\\\/person\\\/694ebdf3dcd6a599566a6c01d745d1f8\"},\"headline\":\"Celelalte Cuvinte aniverseaz\u0103 32 de ani, la Hard Rock Cafe din Bucure\u015fti\",\"datePublished\":\"2013-11-15T11:21:53+00:00\",\"mainEntityOfPage\":{\"@id\":\"https:\\\/\\\/www.artout.ro\\\/lounge\\\/stiri\\\/celelalte-cuvinte-aniverseaza-32-de-ani-la-hard-rock-cafe-din-bucuresti\\\/\"},\"wordCount\":265,\"commentCount\":0,\"publisher\":{\"@id\":\"https:\\\/\\\/www.artout.ro\\\/lounge\\\/#organization\"},\"image\":{\"@id\":\"https:\\\/\\\/www.artout.ro\\\/lounge\\\/stiri\\\/celelalte-cuvinte-aniverseaza-32-de-ani-la-hard-rock-cafe-din-bucuresti\\\/#primaryimage\"},\"thumbnailUrl\":\"http:\\\/\\\/artout.ro\\\/blog\\\/blog\\\/wp-content\\\/uploads\\\/2013\\\/11\\\/cc-ts_v5_portrait_hrc-copy-150x150.jpg\",\"keywords\":[\"Celelalte Cuvinte\",\"Concert aniversar\",\"Hard Rock Cafe din Bucure\u015fti\"],\"articleSection\":[\"\u0218tiri\"],\"inLanguage\":\"ro-RO\",\"potentialAction\":[{\"@type\":\"CommentAction\",\"name\":\"Comment\",\"target\":[\"https:\\\/\\\/www.artout.ro\\\/lounge\\\/stiri\\\/celelalte-cuvinte-aniverseaza-32-de-ani-la-hard-rock-cafe-din-bucuresti\\\/#respond\"]}]},{\"@type\":\"WebPage\",\"@id\":\"https:\\\/\\\/www.artout.ro\\\/lounge\\\/stiri\\\/celelalte-cuvinte-aniverseaza-32-de-ani-la-hard-rock-cafe-din-bucuresti\\\/\",\"url\":\"https:\\\/\\\/www.artout.ro\\\/lounge\\\/stiri\\\/celelalte-cuvinte-aniverseaza-32-de-ani-la-hard-rock-cafe-din-bucuresti\\\/\",\"name\":\"Celelalte Cuvinte aniverseaz\u0103 32 de ani, la Hard Rock Cafe din Bucure\u015fti - Art Out Lounge\",\"isPartOf\":{\"@id\":\"https:\\\/\\\/www.artout.ro\\\/lounge\\\/#website\"},\"primaryImageOfPage\":{\"@id\":\"https:\\\/\\\/www.artout.ro\\\/lounge\\\/stiri\\\/celelalte-cuvinte-aniverseaza-32-de-ani-la-hard-rock-cafe-din-bucuresti\\\/#primaryimage\"},\"image\":{\"@id\":\"https:\\\/\\\/www.artout.ro\\\/lounge\\\/stiri\\\/celelalte-cuvinte-aniverseaza-32-de-ani-la-hard-rock-cafe-din-bucuresti\\\/#primaryimage\"},\"thumbnailUrl\":\"http:\\\/\\\/artout.ro\\\/blog\\\/blog\\\/wp-content\\\/uploads\\\/2013\\\/11\\\/cc-ts_v5_portrait_hrc-copy-150x150.jpg\",\"datePublished\":\"2013-11-15T11:21:53+00:00\",\"breadcrumb\":{\"@id\":\"https:\\\/\\\/www.artout.ro\\\/lounge\\\/stiri\\\/celelalte-cuvinte-aniverseaza-32-de-ani-la-hard-rock-cafe-din-bucuresti\\\/#breadcrumb\"},\"inLanguage\":\"ro-RO\",\"potentialAction\":[{\"@type\":\"ReadAction\",\"target\":[\"https:\\\/\\\/www.artout.ro\\\/lounge\\\/stiri\\\/celelalte-cuvinte-aniverseaza-32-de-ani-la-hard-rock-cafe-din-bucuresti\\\/\"]}]},{\"@type\":\"ImageObject\",\"inLanguage\":\"ro-RO\",\"@id\":\"https:\\\/\\\/www.artout.ro\\\/lounge\\\/stiri\\\/celelalte-cuvinte-aniverseaza-32-de-ani-la-hard-rock-cafe-din-bucuresti\\\/#primaryimage\",\"url\":\"http:\\\/\\\/artout.ro\\\/blog\\\/blog\\\/wp-content\\\/uploads\\\/2013\\\/11\\\/cc-ts_v5_portrait_hrc-copy-150x150.jpg\",\"contentUrl\":\"http:\\\/\\\/artout.ro\\\/blog\\\/blog\\\/wp-content\\\/uploads\\\/2013\\\/11\\\/cc-ts_v5_portrait_hrc-copy-150x150.jpg\"},{\"@type\":\"BreadcrumbList\",\"@id\":\"https:\\\/\\\/www.artout.ro\\\/lounge\\\/stiri\\\/celelalte-cuvinte-aniverseaza-32-de-ani-la-hard-rock-cafe-din-bucuresti\\\/#breadcrumb\",\"itemListElement\":[{\"@type\":\"ListItem\",\"position\":1,\"name\":\"Prima pagin\u0103\",\"item\":\"https:\\\/\\\/www.artout.ro\\\/lounge\\\/\"},{\"@type\":\"ListItem\",\"position\":2,\"name\":\"Celelalte Cuvinte aniverseaz\u0103 32 de ani, la Hard Rock Cafe din Bucure\u015fti\"}]},{\"@type\":\"WebSite\",\"@id\":\"https:\\\/\\\/www.artout.ro\\\/lounge\\\/#website\",\"url\":\"https:\\\/\\\/www.artout.ro\\\/lounge\\\/\",\"name\":\"Art Out Lounge\",\"description\":\"Revista, Arta, Arhitectura, Patrimoniu, Restaurare\",\"publisher\":{\"@id\":\"https:\\\/\\\/www.artout.ro\\\/lounge\\\/#organization\"},\"potentialAction\":[{\"@type\":\"SearchAction\",\"target\":{\"@type\":\"EntryPoint\",\"urlTemplate\":\"https:\\\/\\\/www.artout.ro\\\/lounge\\\/?s={search_term_string}\"},\"query-input\":{\"@type\":\"PropertyValueSpecification\",\"valueRequired\":true,\"valueName\":\"search_term_string\"}}],\"inLanguage\":\"ro-RO\"},{\"@type\":\"Organization\",\"@id\":\"https:\\\/\\\/www.artout.ro\\\/lounge\\\/#organization\",\"name\":\"Art Out Lounge\",\"url\":\"https:\\\/\\\/www.artout.ro\\\/lounge\\\/\",\"logo\":{\"@type\":\"ImageObject\",\"inLanguage\":\"ro-RO\",\"@id\":\"https:\\\/\\\/www.artout.ro\\\/lounge\\\/#\\\/schema\\\/logo\\\/image\\\/\",\"url\":\"https:\\\/\\\/www.artout.ro\\\/lounge\\\/wp-content\\\/uploads\\\/2021\\\/10\\\/cropped-ART-OUT-LOGO-slogan-vectorial.png\",\"contentUrl\":\"https:\\\/\\\/www.artout.ro\\\/lounge\\\/wp-content\\\/uploads\\\/2021\\\/10\\\/cropped-ART-OUT-LOGO-slogan-vectorial.png\",\"width\":1802,\"height\":854,\"caption\":\"Art Out Lounge\"},\"image\":{\"@id\":\"https:\\\/\\\/www.artout.ro\\\/lounge\\\/#\\\/schema\\\/logo\\\/image\\\/\"}},{\"@type\":\"Person\",\"@id\":\"https:\\\/\\\/www.artout.ro\\\/lounge\\\/#\\\/schema\\\/person\\\/694ebdf3dcd6a599566a6c01d745d1f8\",\"name\":\"adminart1\",\"image\":{\"@type\":\"ImageObject\",\"inLanguage\":\"ro-RO\",\"@id\":\"https:\\\/\\\/secure.gravatar.com\\\/avatar\\\/bad556cca06d8b6aecc6e4cb9c7d1587290a15c36b7c88aecf54a4e919aec5a8?s=96&d=mm&r=g\",\"url\":\"https:\\\/\\\/secure.gravatar.com\\\/avatar\\\/bad556cca06d8b6aecc6e4cb9c7d1587290a15c36b7c88aecf54a4e919aec5a8?s=96&d=mm&r=g\",\"contentUrl\":\"https:\\\/\\\/secure.gravatar.com\\\/avatar\\\/bad556cca06d8b6aecc6e4cb9c7d1587290a15c36b7c88aecf54a4e919aec5a8?s=96&d=mm&r=g\",\"caption\":\"adminart1\"},\"sameAs\":[\"https:\\\/\\\/artout.ro\"]}]}<\/script>\n<!-- \/ Yoast SEO plugin. -->","yoast_head_json":{"title":"Celelalte Cuvinte aniverseaz\u0103 32 de ani, la Hard Rock Cafe din Bucure\u015fti - Art Out Lounge","robots":{"index":"index","follow":"follow","max-snippet":"max-snippet:-1","max-image-preview":"max-image-preview:large","max-video-preview":"max-video-preview:-1"},"canonical":"https:\/\/www.artout.ro\/lounge\/stiri\/celelalte-cuvinte-aniverseaza-32-de-ani-la-hard-rock-cafe-din-bucuresti\/","og_locale":"ro_RO","og_type":"article","og_title":"Celelalte Cuvinte aniverseaz\u0103 32 de ani, la Hard Rock Cafe din Bucure\u015fti - Art Out Lounge","og_description":"Concertul aniversar prin care trupa Celelalte Cuvinte s\u0103rb\u0103tore\u015fte 32 de ani de carier\u0103 va avea loc \u00een data de 15 decembrie, de la ora 21.00, \u00een celebrul club bucure\u015ftean Hard Rock Cafe. Evenimentul \u2013 deja devenit o tradi\u0163ie \u2013 se va desf\u0103\u015fura sub egida conceptului acustic Trup \u015fi Suflet, prezentat pentru prima oar\u0103 \u00een Bucure\u015fti [&hellip;]","og_url":"https:\/\/www.artout.ro\/lounge\/stiri\/celelalte-cuvinte-aniverseaza-32-de-ani-la-hard-rock-cafe-din-bucuresti\/","og_site_name":"Art Out Lounge","article_published_time":"2013-11-15T11:21:53+00:00","og_image":[{"url":"http:\/\/artout.ro\/blog\/blog\/wp-content\/uploads\/2013\/11\/cc-ts_v5_portrait_hrc-copy-150x150.jpg","type":"","width":"","height":""}],"author":"adminart1","twitter_card":"summary_large_image","twitter_misc":{"Scris de":"adminart1","Timp estimat pentru citire":"1 minut"},"schema":{"@context":"https:\/\/schema.org","@graph":[{"@type":"Article","@id":"https:\/\/www.artout.ro\/lounge\/stiri\/celelalte-cuvinte-aniverseaza-32-de-ani-la-hard-rock-cafe-din-bucuresti\/#article","isPartOf":{"@id":"https:\/\/www.artout.ro\/lounge\/stiri\/celelalte-cuvinte-aniverseaza-32-de-ani-la-hard-rock-cafe-din-bucuresti\/"},"author":{"name":"adminart1","@id":"https:\/\/www.artout.ro\/lounge\/#\/schema\/person\/694ebdf3dcd6a599566a6c01d745d1f8"},"headline":"Celelalte Cuvinte aniverseaz\u0103 32 de ani, la Hard Rock Cafe din Bucure\u015fti","datePublished":"2013-11-15T11:21:53+00:00","mainEntityOfPage":{"@id":"https:\/\/www.artout.ro\/lounge\/stiri\/celelalte-cuvinte-aniverseaza-32-de-ani-la-hard-rock-cafe-din-bucuresti\/"},"wordCount":265,"commentCount":0,"publisher":{"@id":"https:\/\/www.artout.ro\/lounge\/#organization"},"image":{"@id":"https:\/\/www.artout.ro\/lounge\/stiri\/celelalte-cuvinte-aniverseaza-32-de-ani-la-hard-rock-cafe-din-bucuresti\/#primaryimage"},"thumbnailUrl":"http:\/\/artout.ro\/blog\/blog\/wp-content\/uploads\/2013\/11\/cc-ts_v5_portrait_hrc-copy-150x150.jpg","keywords":["Celelalte Cuvinte","Concert aniversar","Hard Rock Cafe din Bucure\u015fti"],"articleSection":["\u0218tiri"],"inLanguage":"ro-RO","potentialAction":[{"@type":"CommentAction","name":"Comment","target":["https:\/\/www.artout.ro\/lounge\/stiri\/celelalte-cuvinte-aniverseaza-32-de-ani-la-hard-rock-cafe-din-bucuresti\/#respond"]}]},{"@type":"WebPage","@id":"https:\/\/www.artout.ro\/lounge\/stiri\/celelalte-cuvinte-aniverseaza-32-de-ani-la-hard-rock-cafe-din-bucuresti\/","url":"https:\/\/www.artout.ro\/lounge\/stiri\/celelalte-cuvinte-aniverseaza-32-de-ani-la-hard-rock-cafe-din-bucuresti\/","name":"Celelalte Cuvinte aniverseaz\u0103 32 de ani, la Hard Rock Cafe din Bucure\u015fti - Art Out Lounge","isPartOf":{"@id":"https:\/\/www.artout.ro\/lounge\/#website"},"primaryImageOfPage":{"@id":"https:\/\/www.artout.ro\/lounge\/stiri\/celelalte-cuvinte-aniverseaza-32-de-ani-la-hard-rock-cafe-din-bucuresti\/#primaryimage"},"image":{"@id":"https:\/\/www.artout.ro\/lounge\/stiri\/celelalte-cuvinte-aniverseaza-32-de-ani-la-hard-rock-cafe-din-bucuresti\/#primaryimage"},"thumbnailUrl":"http:\/\/artout.ro\/blog\/blog\/wp-content\/uploads\/2013\/11\/cc-ts_v5_portrait_hrc-copy-150x150.jpg","datePublished":"2013-11-15T11:21:53+00:00","breadcrumb":{"@id":"https:\/\/www.artout.ro\/lounge\/stiri\/celelalte-cuvinte-aniverseaza-32-de-ani-la-hard-rock-cafe-din-bucuresti\/#breadcrumb"},"inLanguage":"ro-RO","potentialAction":[{"@type":"ReadAction","target":["https:\/\/www.artout.ro\/lounge\/stiri\/celelalte-cuvinte-aniverseaza-32-de-ani-la-hard-rock-cafe-din-bucuresti\/"]}]},{"@type":"ImageObject","inLanguage":"ro-RO","@id":"https:\/\/www.artout.ro\/lounge\/stiri\/celelalte-cuvinte-aniverseaza-32-de-ani-la-hard-rock-cafe-din-bucuresti\/#primaryimage","url":"http:\/\/artout.ro\/blog\/blog\/wp-content\/uploads\/2013\/11\/cc-ts_v5_portrait_hrc-copy-150x150.jpg","contentUrl":"http:\/\/artout.ro\/blog\/blog\/wp-content\/uploads\/2013\/11\/cc-ts_v5_portrait_hrc-copy-150x150.jpg"},{"@type":"BreadcrumbList","@id":"https:\/\/www.artout.ro\/lounge\/stiri\/celelalte-cuvinte-aniverseaza-32-de-ani-la-hard-rock-cafe-din-bucuresti\/#breadcrumb","itemListElement":[{"@type":"ListItem","position":1,"name":"Prima pagin\u0103","item":"https:\/\/www.artout.ro\/lounge\/"},{"@type":"ListItem","position":2,"name":"Celelalte Cuvinte aniverseaz\u0103 32 de ani, la Hard Rock Cafe din Bucure\u015fti"}]},{"@type":"WebSite","@id":"https:\/\/www.artout.ro\/lounge\/#website","url":"https:\/\/www.artout.ro\/lounge\/","name":"Art Out Lounge","description":"Revista, Arta, Arhitectura, Patrimoniu, Restaurare","publisher":{"@id":"https:\/\/www.artout.ro\/lounge\/#organization"},"potentialAction":[{"@type":"SearchAction","target":{"@type":"EntryPoint","urlTemplate":"https:\/\/www.artout.ro\/lounge\/?s={search_term_string}"},"query-input":{"@type":"PropertyValueSpecification","valueRequired":true,"valueName":"search_term_string"}}],"inLanguage":"ro-RO"},{"@type":"Organization","@id":"https:\/\/www.artout.ro\/lounge\/#organization","name":"Art Out Lounge","url":"https:\/\/www.artout.ro\/lounge\/","logo":{"@type":"ImageObject","inLanguage":"ro-RO","@id":"https:\/\/www.artout.ro\/lounge\/#\/schema\/logo\/image\/","url":"https:\/\/www.artout.ro\/lounge\/wp-content\/uploads\/2021\/10\/cropped-ART-OUT-LOGO-slogan-vectorial.png","contentUrl":"https:\/\/www.artout.ro\/lounge\/wp-content\/uploads\/2021\/10\/cropped-ART-OUT-LOGO-slogan-vectorial.png","width":1802,"height":854,"caption":"Art Out Lounge"},"image":{"@id":"https:\/\/www.artout.ro\/lounge\/#\/schema\/logo\/image\/"}},{"@type":"Person","@id":"https:\/\/www.artout.ro\/lounge\/#\/schema\/person\/694ebdf3dcd6a599566a6c01d745d1f8","name":"adminart1","image":{"@type":"ImageObject","inLanguage":"ro-RO","@id":"https:\/\/secure.gravatar.com\/avatar\/bad556cca06d8b6aecc6e4cb9c7d1587290a15c36b7c88aecf54a4e919aec5a8?s=96&d=mm&r=g","url":"https:\/\/secure.gravatar.com\/avatar\/bad556cca06d8b6aecc6e4cb9c7d1587290a15c36b7c88aecf54a4e919aec5a8?s=96&d=mm&r=g","contentUrl":"https:\/\/secure.gravatar.com\/avatar\/bad556cca06d8b6aecc6e4cb9c7d1587290a15c36b7c88aecf54a4e919aec5a8?s=96&d=mm&r=g","caption":"adminart1"},"sameAs":["https:\/\/artout.ro"]}]}},"_links":{"self":[{"href":"https:\/\/www.artout.ro\/lounge\/wp-json\/wp\/v2\/posts\/2709","targetHints":{"allow":["GET"]}}],"collection":[{"href":"https:\/\/www.artout.ro\/lounge\/wp-json\/wp\/v2\/posts"}],"about":[{"href":"https:\/\/www.artout.ro\/lounge\/wp-json\/wp\/v2\/types\/post"}],"author":[{"embeddable":true,"href":"https:\/\/www.artout.ro\/lounge\/wp-json\/wp\/v2\/users\/1"}],"replies":[{"embeddable":true,"href":"https:\/\/www.artout.ro\/lounge\/wp-json\/wp\/v2\/comments?post=2709"}],"version-history":[{"count":0,"href":"https:\/\/www.artout.ro\/lounge\/wp-json\/wp\/v2\/posts\/2709\/revisions"}],"wp:attachment":[{"href":"https:\/\/www.artout.ro\/lounge\/wp-json\/wp\/v2\/media?parent=2709"}],"wp:term":[{"taxonomy":"category","embeddable":true,"href":"https:\/\/www.artout.ro\/lounge\/wp-json\/wp\/v2\/categories?post=2709"},{"taxonomy":"post_tag","embeddable":true,"href":"https:\/\/www.artout.ro\/lounge\/wp-json\/wp\/v2\/tags?post=2709"}],"curies":[{"name":"wp","href":"https:\/\/api.w.org\/{rel}","templated":true}]}}