{"id":3692,"date":"2014-01-14T11:30:57","date_gmt":"2014-01-14T09:30:57","guid":{"rendered":"http:\/\/artout.ro\/blog\/?p=3692"},"modified":"2014-01-14T11:30:57","modified_gmt":"2014-01-14T09:30:57","slug":"teatrul-de-revista-constantin-tanase-calea-victoriei-nr-33-sector-1bucuresti-www-teatrultanase-ro","status":"publish","type":"post","link":"https:\/\/www.artout.ro\/lounge\/stiri\/teatrul-de-revista-constantin-tanase-calea-victoriei-nr-33-sector-1bucuresti-www-teatrultanase-ro\/","title":{"rendered":"Teatrul de Revist\u0103  \u201dCONSTANTIN T\u0102NASE\u201d Calea Victoriei, nr.33, Sector 1,Bucuresti www.teatrultanase.ro"},"content":{"rendered":"<p><!--[if gte mso 9]><xml>\n<o:OfficeDocumentSettings>\n<o:TargetScreenSize>1024x768<\/o:TargetScreenSize>\n<\/o:OfficeDocumentSettings>\n<\/xml><![endif]--><\/p>\n<p><!--[if gte mso 9]><xml>\n<w:WordDocument>\n<w:View>Normal<\/w:View>\n<w:Zoom>0<\/w:Zoom>\n<w:PunctuationKerning\/>\n<w:ValidateAgainstSchemas\/>\n<w:SaveIfXMLInvalid>false<\/w:SaveIfXMLInvalid>\n<w:IgnoreMixedContent>false<\/w:IgnoreMixedContent>\n<w:AlwaysShowPlaceholderText>false<\/w:AlwaysShowPlaceholderText>\n<w:Compatibility>\n<w:BreakWrappedTables\/>\n<w:SnapToGridInCell\/>\n<w:WrapTextWithPunct\/>\n<w:UseAsianBreakRules\/>\n<w:DontGrowAutofit\/>\n<\/w:Compatibility>\n<w:DoNotOptimizeForBrowser\/>\n<\/w:WordDocument>\n<\/xml><![endif]--><!--[if gte mso 9]><xml>\n<w:LatentStyles DefLockedState=\"false\" LatentStyleCount=\"156\">\n<\/w:LatentStyles>\n<\/xml><![endif]--><!--[if gte mso 10]>\n\n\n\n<style>\n \/* Style Definitions *\/\n table.MsoNormalTable\n\t{mso-style-name:\"Table Normal\";\n\tmso-tstyle-rowband-size:0;\n\tmso-tstyle-colband-size:0;\n\tmso-style-noshow:yes;\n\tmso-style-parent:\"\";\n\tmso-padding-alt:0in 5.4pt 0in 5.4pt;\n\tmso-para-margin:0in;\n\tmso-para-margin-bottom:.0001pt;\n\tmso-pagination:widow-orphan;\n\tfont-size:10.0pt;\n\tfont-family:\"Times New Roman\";\n\tmso-ansi-language:#0400;\n\tmso-fareast-language:#0400;\n\tmso-bidi-language:#0400;}\n<\/style>\n\n<![endif]--><\/p>\n<p class=\"NoSpacing\" style=\"text-align: center;\" align=\"center\"><a href=\"http:\/\/artout.ro\/blog\/teatrul-de-revista-constantin-tanase-calea-victoriei-nr-33-sector-1bucuresti-www-teatrultanase-ro\/sala-savoy-a-teatrului-de-revista-c-tanase-by-night\/\" rel=\"attachment wp-att-3695\"><img fetchpriority=\"high\" decoding=\"async\" class=\"aligncenter size-medium wp-image-3695\" title=\"Sala SAVOY a Teatrului de Revista C.TANASE by Night\" src=\"http:\/\/artout.ro\/blog\/blog\/wp-content\/uploads\/2014\/01\/Sala-SAVOY-a-Teatrului-de-Revista-C.TANASE-by-Night-300x199.jpg\" alt=\"\" width=\"300\" height=\"199\" \/><\/a><\/p>\n<p class=\"NoSpacing\" style=\"text-align: center;\" align=\"center\"><strong style=\"mso-bidi-font-weight: normal;\"><span style=\"font-size: 16.0pt; font-family: Cambria; color: black;\">REPERTORIU SPECTACOLE <\/span><\/strong><\/p>\n<p class=\"NoSpacing\" style=\"text-align: center;\" align=\"center\"><strong style=\"mso-bidi-font-weight: normal;\"><span style=\"font-size: 16.0pt; font-family: Cambria; color: black;\">ianuarie 2014<\/span><\/strong><\/p>\n<p class=\"NoSpacing\"><strong style=\"mso-bidi-font-weight: normal;\"><span style=\"font-size: 16.0pt; font-family: Cambria; color: black;\">\u00a0<\/span><\/strong><\/p>\n<p class=\"NoSpacing\" style=\"text-align: center;\" align=\"center\"><strong style=\"mso-bidi-font-weight: normal;\"><span style=\"text-decoration: underline;\"><span style=\"font-size: 14.0pt; font-family: Cambria; mso-bidi-font-family: Calibri; color: black;\">VINERI<\/span><\/span><\/strong><strong style=\"mso-bidi-font-weight: normal;\"><span style=\"text-decoration: underline;\"><span style=\"font-size: 14.0pt; font-family: Cambria; color: black;\"><span style=\"mso-spacerun: yes;\">\u00a0 <\/span><\/span><\/span><\/strong><em style=\"mso-bidi-font-style: normal;\"><span style=\"text-decoration: underline;\"><span style=\"font-size: 14.0pt; font-family: Cambria; color: black;\"><span style=\"mso-spacerun: yes;\">\u00a0<\/span><\/span><\/span><\/em><strong style=\"mso-bidi-font-weight: normal;\"><span style=\"text-decoration: underline;\"><span style=\"font-size: 14.0pt; font-family: Cambria; color: black;\">17 ianuarie 2014, ora 19.00<\/span><\/span><\/strong><\/p>\n<p class=\"NoSpacing\" style=\"text-align: center;\" align=\"center\"><strong style=\"mso-bidi-font-weight: normal;\"><span style=\"font-size: 18.0pt; font-family: Cambria; color: red;\">\u201dVESELIA NU-I \u00ceN CRIZ\u0102<\/span><\/strong><strong style=\"mso-bidi-font-weight: normal;\"><span style=\"font-size: 18.0pt; font-family: Cambria; color: red; mso-ansi-language: RO;\" lang=\"RO\">\u201d<\/span><\/strong><\/p>\n<p class=\"NoSpacing\" style=\"text-align: center;\" align=\"center\"><strong style=\"mso-bidi-font-weight: normal;\"><span style=\"font-size: 14.0pt; font-family: Cambria; color: black; mso-ansi-language: RO;\" lang=\"RO\">\u00a0<\/span><\/strong><\/p>\n<p class=\"NoSpacing\" style=\"text-align: justify;\"><strong style=\"mso-bidi-font-weight: normal;\"><span style=\"font-size: 14.0pt; font-family: Cambria; color: black; mso-ansi-language: RO;\" lang=\"RO\"><span style=\"mso-spacerun: yes;\">\u00a0<\/span><span style=\"mso-tab-count: 1;\">\u00a0\u00a0\u00a0\u00a0\u00a0\u00a0\u00a0\u00a0\u00a0\u00a0 <\/span><\/span><\/strong><span style=\"font-size: 14.0pt; font-family: Cambria; color: black; mso-ansi-language: RO;\" lang=\"RO\">Cu:<strong style=\"mso-bidi-font-weight: normal;\"> ALEXANDRU AR\u0218INEL, VASILE MURARU, ALEXANDRU LULESCU, ADRIANA TRANDAFIR, VALENTINA F\u0102TU, ANA MARIA DONOSA, LILIANA MOCANU, MIRUNA BIR\u0102U, DIANA RADU, NAE ALEXANDRU, CRISTIAN SIMION <\/strong>\u0219.a.<\/span><\/p>\n<p class=\"NoSpacing\" style=\"text-align: justify;\"><strong style=\"mso-bidi-font-weight: normal;\"><span style=\"font-size: 14.0pt; font-family: Cambria; color: black; mso-ansi-language: RO;\" lang=\"RO\"><span style=\"mso-spacerun: yes;\">\u00a0<\/span><span style=\"mso-tab-count: 1;\">\u00a0\u00a0\u00a0\u00a0\u00a0\u00a0\u00a0\u00a0\u00a0\u00a0 <\/span><\/span><\/strong><span style=\"font-size: 14.0pt; font-family: Cambria; color: black; mso-ansi-language: RO;\" lang=\"RO\">C\u00e2nt\u0103:<strong style=\"mso-bidi-font-weight: normal;\"> DANIELA T\u0102NASE, CRISTINA ISAC, ALIN GHEORGHI\u0218AN, RADU GHENCEA<\/strong><\/span><\/p>\n<p class=\"NoSpacing\" style=\"text-align: justify;\"><strong style=\"mso-bidi-font-weight: normal;\"><span style=\"font-size: 14.0pt; font-family: Cambria; color: black;\"><span style=\"mso-tab-count: 1;\">\u00a0\u00a0\u00a0\u00a0\u00a0\u00a0\u00a0\u00a0\u00a0\u00a0\u00a0 <\/span><\/span><\/strong><span style=\"font-size: 14.0pt; font-family: Cambria; color: black;\">Cu:<strong style=\"mso-bidi-font-weight: normal;\"> Baletul Teatrului de Revist\u0103 \u201dConstantin T\u0103nase\u201d <\/strong>coregrafia:<strong style=\"mso-bidi-font-weight: normal;\"> Cornel Popovici<\/strong><\/span><\/p>\n<p class=\"NoSpacing\" style=\"text-align: justify;\"><strong style=\"mso-bidi-font-weight: normal;\"><span style=\"font-size: 14.0pt; font-family: Cambria; color: black;\"><span style=\"mso-tab-count: 1;\">\u00a0\u00a0\u00a0\u00a0\u00a0\u00a0\u00a0\u00a0\u00a0\u00a0\u00a0 <\/span><\/span><\/strong><span style=\"font-size: 14.0pt; font-family: Cambria; color: black;\">Direc\u021bia muzical\u0103:<strong style=\"mso-bidi-font-weight: normal;\"> Dan Dimitriu<\/strong><\/span><\/p>\n<p class=\"NoSpacing\" style=\"text-align: justify;\"><strong style=\"mso-bidi-font-weight: normal;\"><span style=\"font-size: 14.0pt; font-family: Cambria; color: black;\"><span style=\"mso-spacerun: yes;\">\u00a0<\/span><span style=\"mso-tab-count: 1;\">\u00a0\u00a0\u00a0\u00a0\u00a0\u00a0\u00a0\u00a0\u00a0\u00a0 <\/span><span style=\"mso-spacerun: yes;\">\u00a0<\/span><\/span><\/strong><span style=\"font-size: 14.0pt; font-family: Cambria; color: black;\">Scenografia:<strong style=\"mso-bidi-font-weight: normal;\"> Theodora Dinluescu<\/strong><\/span><\/p>\n<p class=\"NoSpacing\" style=\"text-indent: 35.4pt;\"><span style=\"font-size: 14.0pt; font-family: Cambria; color: black;\">Regia:<strong style=\"mso-bidi-font-weight: normal;\"> <span style=\"border: solid windowtext 1.0pt; mso-border-alt: solid windowtext .5pt; padding: 0in;\">Bi\u021bu F\u0103lticineanu<\/span><\/strong><\/span><\/p>\n<p class=\"NoSpacing\" style=\"margin-left: .5in; text-align: center; text-indent: -.25in; mso-list: l2 level1 lfo2;\" align=\"center\"><span style=\"font-size: 14.0pt; font-family: Symbol; mso-fareast-font-family: Symbol; mso-bidi-font-family: Symbol; color: black;\"><span style=\"mso-list: Ignore;\">\u00b7<span style=\"font: 7.0pt 'Times New Roman';\">\u00a0\u00a0\u00a0\u00a0\u00a0\u00a0\u00a0 <\/span><\/span><\/span><strong style=\"mso-bidi-font-weight: normal;\"><span style=\"text-decoration: underline;\"><span style=\"font-size: 14.0pt; font-family: Cambria; mso-bidi-font-family: Calibri; color: black;\"><span style=\"text-decoration: none;\">\u00a0<\/span><\/span><\/span><\/strong><\/p>\n<p class=\"NoSpacing\" style=\"text-align: center;\" align=\"center\"><strong style=\"mso-bidi-font-weight: normal;\"><span style=\"text-decoration: underline;\"><span style=\"font-size: 14.0pt; font-family: Cambria; mso-bidi-font-family: Calibri; color: black;\">S\u00c2MB\u0102T\u0102<\/span><\/span><\/strong><strong style=\"mso-bidi-font-weight: normal;\"><span style=\"text-decoration: underline;\"><span style=\"font-size: 14.0pt; font-family: Cambria; color: black;\"> 18 ianuarie 2014, ora 19.00<\/span><\/span><\/strong><\/p>\n<p class=\"NoSpacing\" style=\"text-align: center;\" align=\"center\"><strong style=\"mso-bidi-font-weight: normal;\"><span style=\"font-size: 18.0pt; font-family: Cambria; color: red;\">\u201dAPLAUZE, APLAUZE<\/span><\/strong><strong style=\"mso-bidi-font-weight: normal;\"><span style=\"font-size: 18.0pt; font-family: Cambria; color: red; mso-ansi-language: RO;\" lang=\"RO\">\u201d<\/span><\/strong><\/p>\n<p class=\"MsoNormal\" style=\"margin-bottom: .0001pt; text-align: center; line-height: normal; mso-hyphenate: auto; text-autospace: ideograph-numeric ideograph-other; mso-vertical-align-alt: auto;\" align=\"center\"><strong><span style=\"font-size: 14.0pt; font-family: Cambria; mso-fareast-font-family: 'Times New Roman'; color: black; mso-ansi-language: RO;\" lang=\"RO\">Revist\u0103 \u00een 2 acte \u015fi 36 de tablouri<\/span><\/strong><strong><\/strong><\/p>\n<p class=\"MsoNormal\" style=\"margin-bottom: .0001pt; text-align: center; line-height: normal; mso-hyphenate: auto; text-autospace: ideograph-numeric ideograph-other; mso-vertical-align-alt: auto;\" align=\"center\"><span style=\"font-size: 14.0pt; font-family: Cambria; mso-fareast-font-family: 'Times New Roman'; color: black; mso-ansi-language: RO;\" lang=\"RO\">Texte \u015fi muzic\u0103: MIHAI MAXIMILIAN \u015fI VASILE VESELOVSCHI<\/span><\/p>\n<p class=\"MsoNormal\" style=\"margin-bottom: .0001pt; text-align: center; line-height: normal; mso-hyphenate: auto; text-autospace: ideograph-numeric ideograph-other; mso-vertical-align-alt: auto;\" align=\"center\"><span style=\"font-size: 14.0pt; font-family: Cambria; mso-fareast-font-family: 'Times New Roman'; color: black; mso-ansi-language: RO;\" lang=\"RO\">Spectacol dedicat celor peste 30 de ani de carier\u0103 a celui mai iubit cuplu de actori<\/span><strong><span style=\"font-size: 14.0pt; font-family: Cambria; mso-fareast-font-family: 'Times New Roman'; color: red; mso-ansi-language: RO;\" lang=\"RO\">STELA<span style=\"mso-spacerun: yes;\">\u00a0 <\/span>POPESCU<\/span><\/strong><strong><\/strong><span style=\"font-size: 14.0pt; font-family: Cambria; mso-fareast-font-family: 'Times New Roman'; color: black; mso-ansi-language: RO;\" lang=\"RO\">\u0219i<strong style=\"mso-bidi-font-weight: normal;\"> <\/strong><\/span><strong style=\"mso-bidi-font-weight: normal;\"><span style=\"font-size: 14.0pt; font-family: Cambria; mso-fareast-font-family: 'Times New Roman'; color: red; mso-ansi-language: RO;\" lang=\"RO\">ALEXANDRU AR\u0218INEL<\/span><\/strong><\/p>\n<p class=\"NoSpacing\"><strong style=\"mso-bidi-font-weight: normal;\"><span style=\"font-size: 14.0pt; font-family: Cambria; color: black; mso-ansi-language: RO;\" lang=\"RO\">\u00a0<\/span><\/strong><\/p>\n<p class=\"NoSpacing\" style=\"text-align: justify;\"><strong style=\"mso-bidi-font-weight: normal;\"><span style=\"font-size: 14.0pt; font-family: Cambria; color: black; mso-ansi-language: RO;\" lang=\"RO\"><span style=\"mso-spacerun: yes;\">\u00a0<\/span><span style=\"mso-tab-count: 1;\">\u00a0\u00a0\u00a0\u00a0\u00a0\u00a0\u00a0\u00a0\u00a0\u00a0 <\/span><\/span><\/strong><span style=\"font-size: 14.0pt; font-family: Cambria; color: black; mso-ansi-language: RO;\" lang=\"RO\">Cu:<strong style=\"mso-bidi-font-weight: normal;\"> STELA<span style=\"mso-spacerun: yes;\">\u00a0 <\/span>POPESCU <\/strong>\u0219i<strong style=\"mso-bidi-font-weight: normal;\"> ALEXANDRU AR\u0218INEL, ANA MARIA DONOSA, RALUCA GUSLICOV, MONALISA BASARAB, MIRUNA BIR\u0102U, NAE ALEXANDRU, CRISTIAN SIMION <\/strong>\u0219.a.<\/span><\/p>\n<p class=\"NoSpacing\" style=\"text-align: justify;\"><strong style=\"mso-bidi-font-weight: normal;\"><span style=\"font-size: 14.0pt; font-family: Cambria; color: black; mso-ansi-language: RO;\" lang=\"RO\"><span style=\"mso-spacerun: yes;\">\u00a0<\/span><span style=\"mso-tab-count: 1;\">\u00a0\u00a0\u00a0\u00a0\u00a0\u00a0\u00a0\u00a0\u00a0\u00a0 <\/span><\/span><\/strong><span style=\"font-size: 14.0pt; font-family: Cambria; color: black; mso-ansi-language: RO;\" lang=\"RO\"><span style=\"mso-spacerun: yes;\">\u00a0<\/span>C\u00e2nt\u0103:<strong style=\"mso-bidi-font-weight: normal;\"> SANDA LADO\u015eI, MIRELA BOUREANU-VAIDA, DANIELA T\u0102NASE, ALIN GHEORGHI\u0218AN, RADU GHENCEA<\/strong><\/span><\/p>\n<p class=\"NoSpacing\" style=\"text-align: justify;\"><strong style=\"mso-bidi-font-weight: normal;\"><span style=\"font-size: 14.0pt; font-family: Cambria; color: black;\"><span style=\"mso-tab-count: 1;\">\u00a0\u00a0\u00a0\u00a0\u00a0\u00a0\u00a0\u00a0\u00a0\u00a0\u00a0 <\/span><span style=\"mso-spacerun: yes;\">\u00a0<\/span><\/span><\/strong><span style=\"font-size: 14.0pt; font-family: Cambria; color: black;\">Moment acrobatic:<strong style=\"mso-bidi-font-weight: normal;\"> DUO LASCU<\/strong><\/span><\/p>\n<p class=\"NoSpacing\" style=\"text-align: justify;\"><strong style=\"mso-bidi-font-weight: normal;\"><span style=\"font-size: 14.0pt; font-family: Cambria; color: black;\"><span style=\"mso-spacerun: yes;\">\u00a0\u00a0\u00a0\u00a0\u00a0\u00a0\u00a0\u00a0\u00a0\u00a0\u00a0 <\/span><\/span><\/strong><span style=\"font-size: 14.0pt; font-family: Cambria; color: black;\">Cu:<strong style=\"mso-bidi-font-weight: normal;\"> Baletul Teatrului de Revist\u0103 \u201dConstantin T\u0103nase\u201d, <\/strong>coregrafia:<strong style=\"mso-bidi-font-weight: normal;\"> Cornel Popovici. <\/strong>Soli\u015fti:<strong style=\"mso-bidi-font-weight: normal;\"> <\/strong>Edy Chiri\u0163escu \u2013 Lidia Judeanu, Andrei Dogaru \u2013 Oana Popovici, Vali Ro\u015fca \u2013 Cristina Marin<\/span><\/p>\n<p class=\"NoSpacing\" style=\"text-align: justify;\"><strong style=\"mso-bidi-font-weight: normal;\"><span style=\"font-size: 14.0pt; font-family: Cambria; color: black;\"><span style=\"mso-tab-count: 1;\">\u00a0\u00a0\u00a0\u00a0\u00a0\u00a0\u00a0\u00a0\u00a0\u00a0\u00a0 <\/span><\/span><\/strong><span style=\"font-size: 14.0pt; font-family: Cambria; color: black;\">Direc\u021bia muzical\u0103:<strong style=\"mso-bidi-font-weight: normal;\"> Dan Dimitriu<\/strong><\/span><\/p>\n<p class=\"NoSpacing\" style=\"text-align: justify;\"><strong style=\"mso-bidi-font-weight: normal;\"><span style=\"font-size: 14.0pt; font-family: Cambria; color: black;\"><span style=\"mso-spacerun: yes;\">\u00a0<\/span><span style=\"mso-tab-count: 1;\">\u00a0\u00a0\u00a0\u00a0\u00a0\u00a0\u00a0\u00a0\u00a0\u00a0 <\/span><span style=\"mso-spacerun: yes;\">\u00a0<\/span><\/span><\/strong><span style=\"font-size: 14.0pt; font-family: Cambria; color: black;\">Scenografia:<strong style=\"mso-bidi-font-weight: normal;\"> Theodora Dinluescu<\/strong><\/span><\/p>\n<p class=\"NoSpacing\" style=\"text-indent: 35.4pt;\"><span style=\"font-size: 14.0pt; font-family: Cambria; color: black;\">Regia:<strong style=\"mso-bidi-font-weight: normal;\"> <span style=\"border: solid windowtext 1.0pt; mso-border-alt: solid windowtext .5pt; padding: 0in;\">Bi\u021bu F\u0103lticineanu<\/span><\/strong><\/span><\/p>\n<p class=\"NoSpacing\" style=\"margin-left: .5in; text-align: center; text-indent: -.25in; mso-list: l2 level1 lfo2;\" align=\"center\"><span style=\"font-size: 14.0pt; font-family: Symbol; mso-fareast-font-family: Symbol; mso-bidi-font-family: Symbol; color: black;\"><span style=\"mso-list: Ignore;\">\u00b7<span style=\"font: 7.0pt 'Times New Roman';\">\u00a0\u00a0\u00a0\u00a0\u00a0\u00a0\u00a0 <\/span><\/span><\/span><strong style=\"mso-bidi-font-weight: normal;\"><span style=\"text-decoration: underline;\"><span style=\"font-size: 14.0pt; font-family: Cambria; mso-bidi-font-family: Calibri; color: black;\"><span style=\"text-decoration: none;\">\u00a0<\/span><\/span><\/span><\/strong><\/p>\n<p class=\"NoSpacing\" style=\"text-align: center;\" align=\"center\"><strong style=\"mso-bidi-font-weight: normal;\"><span style=\"text-decoration: underline;\"><span style=\"font-size: 14.0pt; font-family: Cambria; mso-bidi-font-family: Calibri; color: black;\">DUMINIC\u0102<\/span><\/span><\/strong><strong style=\"mso-bidi-font-weight: normal;\"><span style=\"text-decoration: underline;\"><span style=\"font-size: 14.0pt; font-family: Cambria; color: black;\"> 19 ianuarie 2014, ora 19.00<\/span><\/span><\/strong><\/p>\n<p class=\"NoSpacing\" style=\"text-align: center;\" align=\"center\"><strong style=\"mso-bidi-font-weight: normal;\"><span style=\"font-size: 18.0pt; font-family: Cambria; color: red;\">\u201dCOMEDIE PE TITANIC\u201d<\/span><\/strong><\/p>\n<p class=\"NoSpacing\" style=\"text-indent: 35.4pt;\"><strong style=\"mso-bidi-font-weight: normal;\"><span style=\"font-size: 14.0pt; font-family: Cambria; color: black;\">\u00a0<\/span><\/strong><\/p>\n<p class=\"NoSpacing\" style=\"text-align: justify;\"><strong style=\"mso-bidi-font-weight: normal;\"><span style=\"font-size: 14.0pt; font-family: Cambria; color: black;\"><span style=\"mso-spacerun: yes;\">\u00a0<\/span><span style=\"mso-tab-count: 1;\">\u00a0\u00a0\u00a0\u00a0\u00a0\u00a0\u00a0\u00a0\u00a0\u00a0 <\/span><\/span><\/strong><span style=\"font-size: 14.0pt; font-family: Cambria; color: black; mso-ansi-language: RO;\" lang=\"RO\">Cu:<strong style=\"mso-bidi-font-weight: normal;\"> ALEXANDRU AR\u0218INEL, VASILE MURARU, CRISTINA STAMATE, <\/strong><\/span><strong><span style=\"font-size: 14.0pt; font-family: Cambria; mso-bidi-font-family: Calibri; color: black;\">ALEXANDRU LULESCU, <\/span><\/strong><strong style=\"mso-bidi-font-weight: normal;\"><span style=\"font-size: 14.0pt; font-family: Cambria; color: black; mso-ansi-language: RO;\" lang=\"RO\">ADRIANA TRANDAFIR, <\/span><\/strong><strong><span style=\"font-size: 14.0pt; font-family: Cambria; mso-bidi-font-family: Calibri; color: black;\">GEORGE ENACHE, <\/span><\/strong><strong style=\"mso-bidi-font-weight: normal;\"><span style=\"font-size: 14.0pt; font-family: Cambria; color: black; mso-ansi-language: RO;\" lang=\"RO\">ORTANSA ST\u0102NESCU, RALUCA GUSLICOV, <\/span><\/strong><strong><span style=\"font-size: 14.0pt; font-family: Cambria; mso-bidi-font-family: Calibri; color: black;\">MONALISA BASARAB, <\/span><\/strong><strong style=\"mso-bidi-font-weight: normal;\"><span style=\"font-size: 14.0pt; font-family: Cambria; color: black; mso-ansi-language: RO;\" lang=\"RO\">MIRUNA BIR\u0102U, PAUL TALA\u0218MAN, NAE ALEXANDRU, CRISTIAN SIMION<\/span><\/strong><span style=\"font-size: 14.0pt; font-family: Cambria; color: black; mso-ansi-language: RO;\" lang=\"RO\">.<\/span><\/p>\n<p class=\"NoSpacing\" style=\"text-align: justify;\"><strong style=\"mso-bidi-font-weight: normal;\"><span style=\"font-size: 14.0pt; font-family: Cambria; color: black; mso-ansi-language: RO;\" lang=\"RO\"><span style=\"mso-spacerun: yes;\">\u00a0<\/span><span style=\"mso-tab-count: 1;\">\u00a0\u00a0\u00a0\u00a0\u00a0\u00a0\u00a0\u00a0\u00a0\u00a0 <\/span><\/span><\/strong><span style=\"font-size: 14.0pt; font-family: Cambria; color: black; mso-ansi-language: RO;\" lang=\"RO\">C\u00e2nt\u0103:<strong style=\"mso-bidi-font-weight: normal;\"> DANIELA T\u0102NASE, RADU GHENCEA<\/strong><\/span><\/p>\n<p class=\"NoSpacing\" style=\"text-align: justify;\"><strong style=\"mso-bidi-font-weight: normal;\"><span style=\"font-size: 14.0pt; font-family: Cambria; color: black;\"><span style=\"mso-tab-count: 1;\">\u00a0\u00a0\u00a0\u00a0\u00a0\u00a0\u00a0\u00a0\u00a0\u00a0\u00a0 <\/span><\/span><\/strong><span style=\"font-size: 14.0pt; font-family: Cambria; color: black;\">Cu:<strong style=\"mso-bidi-font-weight: normal;\"> Orchestra Teatrului de Revist\u0103 \u201dConstantin T\u0103nase\u201d, <\/strong>dirijor:<strong style=\"mso-bidi-font-weight: normal;\"> Dan Dimitriu<\/strong><\/span><\/p>\n<p class=\"NoSpacing\" style=\"text-align: justify; text-indent: 35.4pt;\"><strong style=\"mso-bidi-font-weight: normal;\"><span style=\"font-size: 14.0pt; font-family: Cambria; color: black;\">Baletul Teatrului de Revist\u0103 \u201dConstantin T\u0103nase\u201d, <\/span><\/strong><span style=\"font-size: 14.0pt; font-family: Cambria; color: black;\">coregrafia:<strong style=\"mso-bidi-font-weight: normal;\"> Cornel Popovici<\/strong><\/span><\/p>\n<p class=\"NoSpacing\" style=\"margin-left: 35.4pt;\"><span style=\"font-size: 14.0pt; font-family: Cambria; color: black;\">Direc\u021bia muzical\u0103:<strong style=\"mso-bidi-font-weight: normal;\"> Dan Dimitriu<\/strong><\/span><\/p>\n<p class=\"NoSpacing\" style=\"margin-left: 35.4pt;\"><span style=\"font-size: 14.0pt; font-family: Cambria; color: black;\">Scenografia:<strong style=\"mso-bidi-font-weight: normal;\"> Ana Iulia Popov<\/strong> <span style=\"mso-spacerun: yes;\">\u00a0<\/span><\/span><\/p>\n<p class=\"NoSpacing\" style=\"margin-left: 35.4pt;\"><span style=\"font-size: 14.0pt; font-family: Cambria; color: black;\">Regia:<strong style=\"mso-bidi-font-weight: normal;\"> Cezar Ghioca<\/strong><\/span><\/p>\n<p class=\"NoSpacing\" style=\"margin-left: .5in; text-align: center; text-indent: -.25in; mso-list: l0 level1 lfo1;\" align=\"center\"><span style=\"font-size: 14.0pt; font-family: Wingdings; mso-fareast-font-family: Wingdings; mso-bidi-font-family: Wingdings; color: black;\"><span style=\"mso-list: Ignore;\">v<span style=\"font: 7.0pt 'Times New Roman';\">\u00a0\u00a0\u00a0 <\/span><\/span><\/span><strong style=\"mso-bidi-font-weight: normal;\"><span style=\"font-size: 14.0pt; font-family: Cambria; color: black;\">\u00a0<\/span><\/strong><\/p>\n<p class=\"NoSpacing\"><strong style=\"mso-bidi-font-weight: normal;\"><span style=\"font-size: 14.0pt; font-family: Cambria; color: black;\">\u00a0<\/span><\/strong><\/p>\n<p class=\"MsoNormal\" style=\"text-align: justify; text-indent: .5in;\"><span style=\"font-size: 12.0pt; line-height: 115%; font-family: Cambria; mso-bidi-font-family: Calibri; color: black; mso-ansi-language: IT;\" lang=\"IT\">Mul\u021bumim pentru aten\u021bia \u0219i aprecierea acordate evenimentelor \u015fi activit\u0103\u0163ii Teatrului de Revist\u0103 \u201eConstantin T\u0103nase\u201d \u015fi v\u0103 astept\u0103m la spectacolele stagiunii 2014. Reprezentan\u021bii mass-media au acces gratuit pe baza unei solicitari de acreditare.<\/span><\/p>\n<p class=\"NoSpacing\"><span style=\"font-size: 12.0pt; font-family: Cambria; color: black;\">PROGRAM Casa de Bilete (Calea Victoriei nr. 33): Luni \u2013 Duminic\u0103: 9.00 \u2013 19.00<\/span><\/p>\n<p class=\"NoSpacing\"><span style=\"font-size: 12.0pt; font-family: Cambria; color: black;\">Telefon: 0762.251.366. \/<span style=\"mso-spacerun: yes;\">\u00a0 <\/span>021.315.56.78<\/span><\/p>\n<p class=\"NoSpacing\"><span style=\"font-size: 12.0pt; font-family: Cambria; color: black;\">\u00a0<\/span><\/p>\n<p class=\"NoSpacing\"><span style=\"font-size: 12.0pt; font-family: Cambria; color: black;\">Pre\u021b bilet: R1 &#8211; R10 = 30 lei, R11 &#8211; R14 = 20 lei, BALCON = 25 lei<\/span><\/p>\n<div style=\"mso-element: para-border-div; border: none; border-bottom: solid windowtext 1.5pt; padding: 0in 0in 1.0pt 0in;\">\n<p class=\"NoSpacing\" style=\"border: none; mso-border-bottom-alt: solid windowtext 1.5pt; padding: 0in; mso-padding-alt: 0in 0in 1.0pt 0in;\"><strong style=\"mso-bidi-font-weight: normal;\"><span style=\"font-size: 12.0pt; font-family: Cambria; color: black;\">\u00a0<\/span><\/strong><\/p>\n<\/div>\n<p class=\"NoSpacing\"><strong style=\"mso-bidi-font-weight: normal;\"><span style=\"font-size: 14.0pt; font-family: Cambria; mso-bidi-font-family: Calibri; mso-ansi-language: IT;\" lang=\"IT\">DIRECTOR: <span style=\"mso-spacerun: yes;\">\u00a0\u00a0\u00a0\u00a0\u00a0\u00a0\u00a0\u00a0\u00a0\u00a0\u00a0\u00a0\u00a0\u00a0<\/span><span style=\"mso-spacerun: yes;\">\u00a0\u00a0\u00a0\u00a0\u00a0\u00a0\u00a0<\/span>ALEXANDRU AR\u015eINEL<\/span><\/strong><\/p>\n<p class=\"NoSpacing\"><span style=\"font-size: 14.0pt; font-family: Cambria; mso-bidi-font-family: Calibri; mso-ansi-language: IT;\" lang=\"IT\">DIRECTOR ARTISTIC: VASILE MURARU<\/span><\/p>\n","protected":false},"excerpt":{"rendered":"<p>REPERTORIU SPECTACOLE ianuarie 2014 \u00a0 VINERI\u00a0 \u00a017 ianuarie 2014, ora 19.00 \u201dVESELIA NU-I \u00ceN CRIZ\u0102\u201d \u00a0 \u00a0\u00a0\u00a0\u00a0\u00a0\u00a0\u00a0\u00a0\u00a0\u00a0\u00a0 Cu: ALEXANDRU AR\u0218INEL, VASILE MURARU, ALEXANDRU LULESCU, ADRIANA TRANDAFIR, VALENTINA F\u0102TU, ANA MARIA DONOSA, LILIANA MOCANU, MIRUNA BIR\u0102U, DIANA RADU, NAE ALEXANDRU, CRISTIAN SIMION \u0219.a. \u00a0\u00a0\u00a0\u00a0\u00a0\u00a0\u00a0\u00a0\u00a0\u00a0\u00a0 C\u00e2nt\u0103: DANIELA T\u0102NASE, CRISTINA ISAC, ALIN GHEORGHI\u0218AN, RADU GHENCEA \u00a0\u00a0\u00a0\u00a0\u00a0\u00a0\u00a0\u00a0\u00a0\u00a0\u00a0 Cu: Baletul [&hellip;]<\/p>\n","protected":false},"author":1,"featured_media":0,"comment_status":"open","ping_status":"open","sticky":false,"template":"","format":"standard","meta":{"ocean_post_layout":"","ocean_both_sidebars_style":"","ocean_both_sidebars_content_width":0,"ocean_both_sidebars_sidebars_width":0,"ocean_sidebar":"","ocean_second_sidebar":"","ocean_disable_margins":"enable","ocean_add_body_class":"","ocean_shortcode_before_top_bar":"","ocean_shortcode_after_top_bar":"","ocean_shortcode_before_header":"","ocean_shortcode_after_header":"","ocean_has_shortcode":"","ocean_shortcode_after_title":"","ocean_shortcode_before_footer_widgets":"","ocean_shortcode_after_footer_widgets":"","ocean_shortcode_before_footer_bottom":"","ocean_shortcode_after_footer_bottom":"","ocean_display_top_bar":"default","ocean_display_header":"default","ocean_header_style":"","ocean_center_header_left_menu":"","ocean_custom_header_template":"","ocean_custom_logo":0,"ocean_custom_retina_logo":0,"ocean_custom_logo_max_width":0,"ocean_custom_logo_tablet_max_width":0,"ocean_custom_logo_mobile_max_width":0,"ocean_custom_logo_max_height":0,"ocean_custom_logo_tablet_max_height":0,"ocean_custom_logo_mobile_max_height":0,"ocean_header_custom_menu":"","ocean_menu_typo_font_family":"","ocean_menu_typo_font_subset":"","ocean_menu_typo_font_size":0,"ocean_menu_typo_font_size_tablet":0,"ocean_menu_typo_font_size_mobile":0,"ocean_menu_typo_font_size_unit":"px","ocean_menu_typo_font_weight":"","ocean_menu_typo_font_weight_tablet":"","ocean_menu_typo_font_weight_mobile":"","ocean_menu_typo_transform":"","ocean_menu_typo_transform_tablet":"","ocean_menu_typo_transform_mobile":"","ocean_menu_typo_line_height":0,"ocean_menu_typo_line_height_tablet":0,"ocean_menu_typo_line_height_mobile":0,"ocean_menu_typo_line_height_unit":"","ocean_menu_typo_spacing":0,"ocean_menu_typo_spacing_tablet":0,"ocean_menu_typo_spacing_mobile":0,"ocean_menu_typo_spacing_unit":"","ocean_menu_link_color":"","ocean_menu_link_color_hover":"","ocean_menu_link_color_active":"","ocean_menu_link_background":"","ocean_menu_link_hover_background":"","ocean_menu_link_active_background":"","ocean_menu_social_links_bg":"","ocean_menu_social_hover_links_bg":"","ocean_menu_social_links_color":"","ocean_menu_social_hover_links_color":"","ocean_disable_title":"default","ocean_disable_heading":"default","ocean_post_title":"","ocean_post_subheading":"","ocean_post_title_style":"","ocean_post_title_background_color":"","ocean_post_title_background":0,"ocean_post_title_bg_image_position":"","ocean_post_title_bg_image_attachment":"","ocean_post_title_bg_image_repeat":"","ocean_post_title_bg_image_size":"","ocean_post_title_height":0,"ocean_post_title_bg_overlay":0.5,"ocean_post_title_bg_overlay_color":"","ocean_disable_breadcrumbs":"default","ocean_breadcrumbs_color":"","ocean_breadcrumbs_separator_color":"","ocean_breadcrumbs_links_color":"","ocean_breadcrumbs_links_hover_color":"","ocean_display_footer_widgets":"default","ocean_display_footer_bottom":"default","ocean_custom_footer_template":"","ocean_post_oembed":"","ocean_post_self_hosted_media":"","ocean_post_video_embed":"","ocean_link_format":"","ocean_link_format_target":"self","ocean_quote_format":"","ocean_quote_format_link":"post","ocean_gallery_link_images":"on","ocean_gallery_id":[],"footnotes":""},"categories":[14],"tags":[95,1804,2197,2264],"class_list":["post-3692","post","type-post","status-publish","format-standard","hentry","category-stiri","tag-alexandru-arsinel","tag-repertoriu-spectacole","tag-vasile-muraru","tag-www-teatrultanase-ro","entry","owp-thumbs-layout-horizontal","owp-btn-normal","owp-tabs-layout-horizontal","has-no-thumbnails","has-product-nav"],"yoast_head":"<!-- This site is optimized with the Yoast SEO plugin v27.5 - https:\/\/yoast.com\/product\/yoast-seo-wordpress\/ -->\n<title>Teatrul de Revist\u0103 \u201dCONSTANTIN T\u0102NASE\u201d Calea Victoriei, nr.33, Sector 1,Bucuresti www.teatrultanase.ro  - Art Out Lounge<\/title>\n<meta name=\"robots\" content=\"index, follow, max-snippet:-1, max-image-preview:large, max-video-preview:-1\" \/>\n<link rel=\"canonical\" href=\"https:\/\/www.artout.ro\/lounge\/stiri\/teatrul-de-revista-constantin-tanase-calea-victoriei-nr-33-sector-1bucuresti-www-teatrultanase-ro\/\" \/>\n<meta property=\"og:locale\" content=\"ro_RO\" \/>\n<meta property=\"og:type\" content=\"article\" \/>\n<meta property=\"og:title\" content=\"Teatrul de Revist\u0103 \u201dCONSTANTIN T\u0102NASE\u201d Calea Victoriei, nr.33, Sector 1,Bucuresti www.teatrultanase.ro  - Art Out Lounge\" \/>\n<meta property=\"og:description\" content=\"REPERTORIU SPECTACOLE ianuarie 2014 \u00a0 VINERI\u00a0 \u00a017 ianuarie 2014, ora 19.00 \u201dVESELIA NU-I \u00ceN CRIZ\u0102\u201d \u00a0 \u00a0\u00a0\u00a0\u00a0\u00a0\u00a0\u00a0\u00a0\u00a0\u00a0\u00a0 Cu: ALEXANDRU AR\u0218INEL, VASILE MURARU, ALEXANDRU LULESCU, ADRIANA TRANDAFIR, VALENTINA F\u0102TU, ANA MARIA DONOSA, LILIANA MOCANU, MIRUNA BIR\u0102U, DIANA RADU, NAE ALEXANDRU, CRISTIAN SIMION \u0219.a. \u00a0\u00a0\u00a0\u00a0\u00a0\u00a0\u00a0\u00a0\u00a0\u00a0\u00a0 C\u00e2nt\u0103: DANIELA T\u0102NASE, CRISTINA ISAC, ALIN GHEORGHI\u0218AN, RADU GHENCEA \u00a0\u00a0\u00a0\u00a0\u00a0\u00a0\u00a0\u00a0\u00a0\u00a0\u00a0 Cu: Baletul [&hellip;]\" \/>\n<meta property=\"og:url\" content=\"https:\/\/www.artout.ro\/lounge\/stiri\/teatrul-de-revista-constantin-tanase-calea-victoriei-nr-33-sector-1bucuresti-www-teatrultanase-ro\/\" \/>\n<meta property=\"og:site_name\" content=\"Art Out Lounge\" \/>\n<meta property=\"article:published_time\" content=\"2014-01-14T09:30:57+00:00\" \/>\n<meta property=\"og:image\" content=\"http:\/\/artout.ro\/blog\/blog\/wp-content\/uploads\/2014\/01\/Sala-SAVOY-a-Teatrului-de-Revista-C.TANASE-by-Night-300x199.jpg\" \/>\n<meta name=\"author\" content=\"adminart1\" \/>\n<meta name=\"twitter:card\" content=\"summary_large_image\" \/>\n<meta name=\"twitter:label1\" content=\"Scris de\" \/>\n\t<meta name=\"twitter:data1\" content=\"adminart1\" \/>\n\t<meta name=\"twitter:label2\" content=\"Timp estimat pentru citire\" \/>\n\t<meta name=\"twitter:data2\" content=\"2 minute\" \/>\n<script type=\"application\/ld+json\" class=\"yoast-schema-graph\">{\"@context\":\"https:\\\/\\\/schema.org\",\"@graph\":[{\"@type\":\"Article\",\"@id\":\"https:\\\/\\\/www.artout.ro\\\/lounge\\\/stiri\\\/teatrul-de-revista-constantin-tanase-calea-victoriei-nr-33-sector-1bucuresti-www-teatrultanase-ro\\\/#article\",\"isPartOf\":{\"@id\":\"https:\\\/\\\/www.artout.ro\\\/lounge\\\/stiri\\\/teatrul-de-revista-constantin-tanase-calea-victoriei-nr-33-sector-1bucuresti-www-teatrultanase-ro\\\/\"},\"author\":{\"name\":\"adminart1\",\"@id\":\"https:\\\/\\\/www.artout.ro\\\/lounge\\\/#\\\/schema\\\/person\\\/694ebdf3dcd6a599566a6c01d745d1f8\"},\"headline\":\"Teatrul de Revist\u0103 \u201dCONSTANTIN T\u0102NASE\u201d Calea Victoriei, nr.33, Sector 1,Bucuresti www.teatrultanase.ro\",\"datePublished\":\"2014-01-14T09:30:57+00:00\",\"mainEntityOfPage\":{\"@id\":\"https:\\\/\\\/www.artout.ro\\\/lounge\\\/stiri\\\/teatrul-de-revista-constantin-tanase-calea-victoriei-nr-33-sector-1bucuresti-www-teatrultanase-ro\\\/\"},\"wordCount\":356,\"commentCount\":0,\"publisher\":{\"@id\":\"https:\\\/\\\/www.artout.ro\\\/lounge\\\/#organization\"},\"image\":{\"@id\":\"https:\\\/\\\/www.artout.ro\\\/lounge\\\/stiri\\\/teatrul-de-revista-constantin-tanase-calea-victoriei-nr-33-sector-1bucuresti-www-teatrultanase-ro\\\/#primaryimage\"},\"thumbnailUrl\":\"http:\\\/\\\/artout.ro\\\/blog\\\/blog\\\/wp-content\\\/uploads\\\/2014\\\/01\\\/Sala-SAVOY-a-Teatrului-de-Revista-C.TANASE-by-Night-300x199.jpg\",\"keywords\":[\"ALEXANDRU AR\u015eINEL\",\"REPERTORIU SPECTACOLE\",\"VASILE MURARU\",\"www.teatrultanase.ro\"],\"articleSection\":[\"\u0218tiri\"],\"inLanguage\":\"ro-RO\",\"potentialAction\":[{\"@type\":\"CommentAction\",\"name\":\"Comment\",\"target\":[\"https:\\\/\\\/www.artout.ro\\\/lounge\\\/stiri\\\/teatrul-de-revista-constantin-tanase-calea-victoriei-nr-33-sector-1bucuresti-www-teatrultanase-ro\\\/#respond\"]}]},{\"@type\":\"WebPage\",\"@id\":\"https:\\\/\\\/www.artout.ro\\\/lounge\\\/stiri\\\/teatrul-de-revista-constantin-tanase-calea-victoriei-nr-33-sector-1bucuresti-www-teatrultanase-ro\\\/\",\"url\":\"https:\\\/\\\/www.artout.ro\\\/lounge\\\/stiri\\\/teatrul-de-revista-constantin-tanase-calea-victoriei-nr-33-sector-1bucuresti-www-teatrultanase-ro\\\/\",\"name\":\"Teatrul de Revist\u0103 \u201dCONSTANTIN T\u0102NASE\u201d Calea Victoriei, nr.33, Sector 1,Bucuresti www.teatrultanase.ro - Art Out Lounge\",\"isPartOf\":{\"@id\":\"https:\\\/\\\/www.artout.ro\\\/lounge\\\/#website\"},\"primaryImageOfPage\":{\"@id\":\"https:\\\/\\\/www.artout.ro\\\/lounge\\\/stiri\\\/teatrul-de-revista-constantin-tanase-calea-victoriei-nr-33-sector-1bucuresti-www-teatrultanase-ro\\\/#primaryimage\"},\"image\":{\"@id\":\"https:\\\/\\\/www.artout.ro\\\/lounge\\\/stiri\\\/teatrul-de-revista-constantin-tanase-calea-victoriei-nr-33-sector-1bucuresti-www-teatrultanase-ro\\\/#primaryimage\"},\"thumbnailUrl\":\"http:\\\/\\\/artout.ro\\\/blog\\\/blog\\\/wp-content\\\/uploads\\\/2014\\\/01\\\/Sala-SAVOY-a-Teatrului-de-Revista-C.TANASE-by-Night-300x199.jpg\",\"datePublished\":\"2014-01-14T09:30:57+00:00\",\"breadcrumb\":{\"@id\":\"https:\\\/\\\/www.artout.ro\\\/lounge\\\/stiri\\\/teatrul-de-revista-constantin-tanase-calea-victoriei-nr-33-sector-1bucuresti-www-teatrultanase-ro\\\/#breadcrumb\"},\"inLanguage\":\"ro-RO\",\"potentialAction\":[{\"@type\":\"ReadAction\",\"target\":[\"https:\\\/\\\/www.artout.ro\\\/lounge\\\/stiri\\\/teatrul-de-revista-constantin-tanase-calea-victoriei-nr-33-sector-1bucuresti-www-teatrultanase-ro\\\/\"]}]},{\"@type\":\"ImageObject\",\"inLanguage\":\"ro-RO\",\"@id\":\"https:\\\/\\\/www.artout.ro\\\/lounge\\\/stiri\\\/teatrul-de-revista-constantin-tanase-calea-victoriei-nr-33-sector-1bucuresti-www-teatrultanase-ro\\\/#primaryimage\",\"url\":\"http:\\\/\\\/artout.ro\\\/blog\\\/blog\\\/wp-content\\\/uploads\\\/2014\\\/01\\\/Sala-SAVOY-a-Teatrului-de-Revista-C.TANASE-by-Night-300x199.jpg\",\"contentUrl\":\"http:\\\/\\\/artout.ro\\\/blog\\\/blog\\\/wp-content\\\/uploads\\\/2014\\\/01\\\/Sala-SAVOY-a-Teatrului-de-Revista-C.TANASE-by-Night-300x199.jpg\"},{\"@type\":\"BreadcrumbList\",\"@id\":\"https:\\\/\\\/www.artout.ro\\\/lounge\\\/stiri\\\/teatrul-de-revista-constantin-tanase-calea-victoriei-nr-33-sector-1bucuresti-www-teatrultanase-ro\\\/#breadcrumb\",\"itemListElement\":[{\"@type\":\"ListItem\",\"position\":1,\"name\":\"Prima pagin\u0103\",\"item\":\"https:\\\/\\\/www.artout.ro\\\/lounge\\\/\"},{\"@type\":\"ListItem\",\"position\":2,\"name\":\"Teatrul de Revist\u0103 \u201dCONSTANTIN T\u0102NASE\u201d Calea Victoriei, nr.33, Sector 1,Bucuresti www.teatrultanase.ro\"}]},{\"@type\":\"WebSite\",\"@id\":\"https:\\\/\\\/www.artout.ro\\\/lounge\\\/#website\",\"url\":\"https:\\\/\\\/www.artout.ro\\\/lounge\\\/\",\"name\":\"Art Out Lounge\",\"description\":\"Revista, Arta, Arhitectura, Patrimoniu, Restaurare\",\"publisher\":{\"@id\":\"https:\\\/\\\/www.artout.ro\\\/lounge\\\/#organization\"},\"potentialAction\":[{\"@type\":\"SearchAction\",\"target\":{\"@type\":\"EntryPoint\",\"urlTemplate\":\"https:\\\/\\\/www.artout.ro\\\/lounge\\\/?s={search_term_string}\"},\"query-input\":{\"@type\":\"PropertyValueSpecification\",\"valueRequired\":true,\"valueName\":\"search_term_string\"}}],\"inLanguage\":\"ro-RO\"},{\"@type\":\"Organization\",\"@id\":\"https:\\\/\\\/www.artout.ro\\\/lounge\\\/#organization\",\"name\":\"Art Out Lounge\",\"url\":\"https:\\\/\\\/www.artout.ro\\\/lounge\\\/\",\"logo\":{\"@type\":\"ImageObject\",\"inLanguage\":\"ro-RO\",\"@id\":\"https:\\\/\\\/www.artout.ro\\\/lounge\\\/#\\\/schema\\\/logo\\\/image\\\/\",\"url\":\"https:\\\/\\\/www.artout.ro\\\/lounge\\\/wp-content\\\/uploads\\\/2021\\\/10\\\/cropped-ART-OUT-LOGO-slogan-vectorial.png\",\"contentUrl\":\"https:\\\/\\\/www.artout.ro\\\/lounge\\\/wp-content\\\/uploads\\\/2021\\\/10\\\/cropped-ART-OUT-LOGO-slogan-vectorial.png\",\"width\":1802,\"height\":854,\"caption\":\"Art Out Lounge\"},\"image\":{\"@id\":\"https:\\\/\\\/www.artout.ro\\\/lounge\\\/#\\\/schema\\\/logo\\\/image\\\/\"}},{\"@type\":\"Person\",\"@id\":\"https:\\\/\\\/www.artout.ro\\\/lounge\\\/#\\\/schema\\\/person\\\/694ebdf3dcd6a599566a6c01d745d1f8\",\"name\":\"adminart1\",\"image\":{\"@type\":\"ImageObject\",\"inLanguage\":\"ro-RO\",\"@id\":\"https:\\\/\\\/secure.gravatar.com\\\/avatar\\\/bad556cca06d8b6aecc6e4cb9c7d1587290a15c36b7c88aecf54a4e919aec5a8?s=96&d=mm&r=g\",\"url\":\"https:\\\/\\\/secure.gravatar.com\\\/avatar\\\/bad556cca06d8b6aecc6e4cb9c7d1587290a15c36b7c88aecf54a4e919aec5a8?s=96&d=mm&r=g\",\"contentUrl\":\"https:\\\/\\\/secure.gravatar.com\\\/avatar\\\/bad556cca06d8b6aecc6e4cb9c7d1587290a15c36b7c88aecf54a4e919aec5a8?s=96&d=mm&r=g\",\"caption\":\"adminart1\"},\"sameAs\":[\"https:\\\/\\\/artout.ro\"]}]}<\/script>\n<!-- \/ Yoast SEO plugin. -->","yoast_head_json":{"title":"Teatrul de Revist\u0103 \u201dCONSTANTIN T\u0102NASE\u201d Calea Victoriei, nr.33, Sector 1,Bucuresti www.teatrultanase.ro  - Art Out Lounge","robots":{"index":"index","follow":"follow","max-snippet":"max-snippet:-1","max-image-preview":"max-image-preview:large","max-video-preview":"max-video-preview:-1"},"canonical":"https:\/\/www.artout.ro\/lounge\/stiri\/teatrul-de-revista-constantin-tanase-calea-victoriei-nr-33-sector-1bucuresti-www-teatrultanase-ro\/","og_locale":"ro_RO","og_type":"article","og_title":"Teatrul de Revist\u0103 \u201dCONSTANTIN T\u0102NASE\u201d Calea Victoriei, nr.33, Sector 1,Bucuresti www.teatrultanase.ro  - Art Out Lounge","og_description":"REPERTORIU SPECTACOLE ianuarie 2014 \u00a0 VINERI\u00a0 \u00a017 ianuarie 2014, ora 19.00 \u201dVESELIA NU-I \u00ceN CRIZ\u0102\u201d \u00a0 \u00a0\u00a0\u00a0\u00a0\u00a0\u00a0\u00a0\u00a0\u00a0\u00a0\u00a0 Cu: ALEXANDRU AR\u0218INEL, VASILE MURARU, ALEXANDRU LULESCU, ADRIANA TRANDAFIR, VALENTINA F\u0102TU, ANA MARIA DONOSA, LILIANA MOCANU, MIRUNA BIR\u0102U, DIANA RADU, NAE ALEXANDRU, CRISTIAN SIMION \u0219.a. \u00a0\u00a0\u00a0\u00a0\u00a0\u00a0\u00a0\u00a0\u00a0\u00a0\u00a0 C\u00e2nt\u0103: DANIELA T\u0102NASE, CRISTINA ISAC, ALIN GHEORGHI\u0218AN, RADU GHENCEA \u00a0\u00a0\u00a0\u00a0\u00a0\u00a0\u00a0\u00a0\u00a0\u00a0\u00a0 Cu: Baletul [&hellip;]","og_url":"https:\/\/www.artout.ro\/lounge\/stiri\/teatrul-de-revista-constantin-tanase-calea-victoriei-nr-33-sector-1bucuresti-www-teatrultanase-ro\/","og_site_name":"Art Out Lounge","article_published_time":"2014-01-14T09:30:57+00:00","og_image":[{"url":"http:\/\/artout.ro\/blog\/blog\/wp-content\/uploads\/2014\/01\/Sala-SAVOY-a-Teatrului-de-Revista-C.TANASE-by-Night-300x199.jpg","type":"","width":"","height":""}],"author":"adminart1","twitter_card":"summary_large_image","twitter_misc":{"Scris de":"adminart1","Timp estimat pentru citire":"2 minute"},"schema":{"@context":"https:\/\/schema.org","@graph":[{"@type":"Article","@id":"https:\/\/www.artout.ro\/lounge\/stiri\/teatrul-de-revista-constantin-tanase-calea-victoriei-nr-33-sector-1bucuresti-www-teatrultanase-ro\/#article","isPartOf":{"@id":"https:\/\/www.artout.ro\/lounge\/stiri\/teatrul-de-revista-constantin-tanase-calea-victoriei-nr-33-sector-1bucuresti-www-teatrultanase-ro\/"},"author":{"name":"adminart1","@id":"https:\/\/www.artout.ro\/lounge\/#\/schema\/person\/694ebdf3dcd6a599566a6c01d745d1f8"},"headline":"Teatrul de Revist\u0103 \u201dCONSTANTIN T\u0102NASE\u201d Calea Victoriei, nr.33, Sector 1,Bucuresti www.teatrultanase.ro","datePublished":"2014-01-14T09:30:57+00:00","mainEntityOfPage":{"@id":"https:\/\/www.artout.ro\/lounge\/stiri\/teatrul-de-revista-constantin-tanase-calea-victoriei-nr-33-sector-1bucuresti-www-teatrultanase-ro\/"},"wordCount":356,"commentCount":0,"publisher":{"@id":"https:\/\/www.artout.ro\/lounge\/#organization"},"image":{"@id":"https:\/\/www.artout.ro\/lounge\/stiri\/teatrul-de-revista-constantin-tanase-calea-victoriei-nr-33-sector-1bucuresti-www-teatrultanase-ro\/#primaryimage"},"thumbnailUrl":"http:\/\/artout.ro\/blog\/blog\/wp-content\/uploads\/2014\/01\/Sala-SAVOY-a-Teatrului-de-Revista-C.TANASE-by-Night-300x199.jpg","keywords":["ALEXANDRU AR\u015eINEL","REPERTORIU SPECTACOLE","VASILE MURARU","www.teatrultanase.ro"],"articleSection":["\u0218tiri"],"inLanguage":"ro-RO","potentialAction":[{"@type":"CommentAction","name":"Comment","target":["https:\/\/www.artout.ro\/lounge\/stiri\/teatrul-de-revista-constantin-tanase-calea-victoriei-nr-33-sector-1bucuresti-www-teatrultanase-ro\/#respond"]}]},{"@type":"WebPage","@id":"https:\/\/www.artout.ro\/lounge\/stiri\/teatrul-de-revista-constantin-tanase-calea-victoriei-nr-33-sector-1bucuresti-www-teatrultanase-ro\/","url":"https:\/\/www.artout.ro\/lounge\/stiri\/teatrul-de-revista-constantin-tanase-calea-victoriei-nr-33-sector-1bucuresti-www-teatrultanase-ro\/","name":"Teatrul de Revist\u0103 \u201dCONSTANTIN T\u0102NASE\u201d Calea Victoriei, nr.33, Sector 1,Bucuresti www.teatrultanase.ro - Art Out Lounge","isPartOf":{"@id":"https:\/\/www.artout.ro\/lounge\/#website"},"primaryImageOfPage":{"@id":"https:\/\/www.artout.ro\/lounge\/stiri\/teatrul-de-revista-constantin-tanase-calea-victoriei-nr-33-sector-1bucuresti-www-teatrultanase-ro\/#primaryimage"},"image":{"@id":"https:\/\/www.artout.ro\/lounge\/stiri\/teatrul-de-revista-constantin-tanase-calea-victoriei-nr-33-sector-1bucuresti-www-teatrultanase-ro\/#primaryimage"},"thumbnailUrl":"http:\/\/artout.ro\/blog\/blog\/wp-content\/uploads\/2014\/01\/Sala-SAVOY-a-Teatrului-de-Revista-C.TANASE-by-Night-300x199.jpg","datePublished":"2014-01-14T09:30:57+00:00","breadcrumb":{"@id":"https:\/\/www.artout.ro\/lounge\/stiri\/teatrul-de-revista-constantin-tanase-calea-victoriei-nr-33-sector-1bucuresti-www-teatrultanase-ro\/#breadcrumb"},"inLanguage":"ro-RO","potentialAction":[{"@type":"ReadAction","target":["https:\/\/www.artout.ro\/lounge\/stiri\/teatrul-de-revista-constantin-tanase-calea-victoriei-nr-33-sector-1bucuresti-www-teatrultanase-ro\/"]}]},{"@type":"ImageObject","inLanguage":"ro-RO","@id":"https:\/\/www.artout.ro\/lounge\/stiri\/teatrul-de-revista-constantin-tanase-calea-victoriei-nr-33-sector-1bucuresti-www-teatrultanase-ro\/#primaryimage","url":"http:\/\/artout.ro\/blog\/blog\/wp-content\/uploads\/2014\/01\/Sala-SAVOY-a-Teatrului-de-Revista-C.TANASE-by-Night-300x199.jpg","contentUrl":"http:\/\/artout.ro\/blog\/blog\/wp-content\/uploads\/2014\/01\/Sala-SAVOY-a-Teatrului-de-Revista-C.TANASE-by-Night-300x199.jpg"},{"@type":"BreadcrumbList","@id":"https:\/\/www.artout.ro\/lounge\/stiri\/teatrul-de-revista-constantin-tanase-calea-victoriei-nr-33-sector-1bucuresti-www-teatrultanase-ro\/#breadcrumb","itemListElement":[{"@type":"ListItem","position":1,"name":"Prima pagin\u0103","item":"https:\/\/www.artout.ro\/lounge\/"},{"@type":"ListItem","position":2,"name":"Teatrul de Revist\u0103 \u201dCONSTANTIN T\u0102NASE\u201d Calea Victoriei, nr.33, Sector 1,Bucuresti www.teatrultanase.ro"}]},{"@type":"WebSite","@id":"https:\/\/www.artout.ro\/lounge\/#website","url":"https:\/\/www.artout.ro\/lounge\/","name":"Art Out Lounge","description":"Revista, Arta, Arhitectura, Patrimoniu, Restaurare","publisher":{"@id":"https:\/\/www.artout.ro\/lounge\/#organization"},"potentialAction":[{"@type":"SearchAction","target":{"@type":"EntryPoint","urlTemplate":"https:\/\/www.artout.ro\/lounge\/?s={search_term_string}"},"query-input":{"@type":"PropertyValueSpecification","valueRequired":true,"valueName":"search_term_string"}}],"inLanguage":"ro-RO"},{"@type":"Organization","@id":"https:\/\/www.artout.ro\/lounge\/#organization","name":"Art Out Lounge","url":"https:\/\/www.artout.ro\/lounge\/","logo":{"@type":"ImageObject","inLanguage":"ro-RO","@id":"https:\/\/www.artout.ro\/lounge\/#\/schema\/logo\/image\/","url":"https:\/\/www.artout.ro\/lounge\/wp-content\/uploads\/2021\/10\/cropped-ART-OUT-LOGO-slogan-vectorial.png","contentUrl":"https:\/\/www.artout.ro\/lounge\/wp-content\/uploads\/2021\/10\/cropped-ART-OUT-LOGO-slogan-vectorial.png","width":1802,"height":854,"caption":"Art Out Lounge"},"image":{"@id":"https:\/\/www.artout.ro\/lounge\/#\/schema\/logo\/image\/"}},{"@type":"Person","@id":"https:\/\/www.artout.ro\/lounge\/#\/schema\/person\/694ebdf3dcd6a599566a6c01d745d1f8","name":"adminart1","image":{"@type":"ImageObject","inLanguage":"ro-RO","@id":"https:\/\/secure.gravatar.com\/avatar\/bad556cca06d8b6aecc6e4cb9c7d1587290a15c36b7c88aecf54a4e919aec5a8?s=96&d=mm&r=g","url":"https:\/\/secure.gravatar.com\/avatar\/bad556cca06d8b6aecc6e4cb9c7d1587290a15c36b7c88aecf54a4e919aec5a8?s=96&d=mm&r=g","contentUrl":"https:\/\/secure.gravatar.com\/avatar\/bad556cca06d8b6aecc6e4cb9c7d1587290a15c36b7c88aecf54a4e919aec5a8?s=96&d=mm&r=g","caption":"adminart1"},"sameAs":["https:\/\/artout.ro"]}]}},"_links":{"self":[{"href":"https:\/\/www.artout.ro\/lounge\/wp-json\/wp\/v2\/posts\/3692","targetHints":{"allow":["GET"]}}],"collection":[{"href":"https:\/\/www.artout.ro\/lounge\/wp-json\/wp\/v2\/posts"}],"about":[{"href":"https:\/\/www.artout.ro\/lounge\/wp-json\/wp\/v2\/types\/post"}],"author":[{"embeddable":true,"href":"https:\/\/www.artout.ro\/lounge\/wp-json\/wp\/v2\/users\/1"}],"replies":[{"embeddable":true,"href":"https:\/\/www.artout.ro\/lounge\/wp-json\/wp\/v2\/comments?post=3692"}],"version-history":[{"count":0,"href":"https:\/\/www.artout.ro\/lounge\/wp-json\/wp\/v2\/posts\/3692\/revisions"}],"wp:attachment":[{"href":"https:\/\/www.artout.ro\/lounge\/wp-json\/wp\/v2\/media?parent=3692"}],"wp:term":[{"taxonomy":"category","embeddable":true,"href":"https:\/\/www.artout.ro\/lounge\/wp-json\/wp\/v2\/categories?post=3692"},{"taxonomy":"post_tag","embeddable":true,"href":"https:\/\/www.artout.ro\/lounge\/wp-json\/wp\/v2\/tags?post=3692"}],"curies":[{"name":"wp","href":"https:\/\/api.w.org\/{rel}","templated":true}]}}