{"id":373,"date":"2011-05-29T15:19:49","date_gmt":"2011-05-29T13:19:49","guid":{"rendered":"http:\/\/blog.artout.ro\/?p=373"},"modified":"2011-05-29T15:19:49","modified_gmt":"2011-05-29T13:19:49","slug":"vernisaj-veronica-neacsu-la-mndac-la-ota-miercuri-1930","status":"publish","type":"post","link":"https:\/\/www.artout.ro\/lounge\/articole-art-out\/vernisaj-veronica-neacsu-la-mndac-la-ota-miercuri-1930\/","title":{"rendered":"Vernisaj Veronica Neacsu la MNDAC la Ota miercuri 19:30"},"content":{"rendered":"<p style=\"text-align: center; \"><b style=\"line-height: 1.2em; outline-style: none; outline-width: initial; outline-color: initial; \">VERONICA NEAC\u015eU &#8211; CuGriCuAlbCuNegru<\/b><br style=\"line-height: 1.2em; outline-style: none; outline-width: initial; outline-color: initial; \" \/><br \/>\n\t<br style=\"line-height: 1.2em; outline-style: none; outline-width: initial; outline-color: initial; \" \/><br \/>\n\t&nbsp; &nbsp; &nbsp; &nbsp; CuGriCuAlbCuNegru este prima expozi\u0163ie personal\u0103 a Veronic\u0103i Neac\u015fu. Panouri mici \u015fi albe de lemn, desenate cu creionul. Materiale simple \u015fi monocromie care limiteaz\u0103, dar &icirc;n acela\u015fi timp, deschid posibilit\u0103\u0163i pe care Veronica le expoloateaz\u0103 p&acirc;n\u0103 la obsesie. O serie de personaje care nu se vor nici amuzante \u015fi nici feminin-copil\u0103roase.<br style=\"line-height: 1.2em; outline-style: none; outline-width: initial; outline-color: initial; \" \/><br \/>\n\t<br style=\"line-height: 1.2em; outline-style: none; outline-width: initial; outline-color: initial; \" \/><br \/>\n\tcurator: Ioana Marinescu<br style=\"line-height: 1.2em; outline-style: none; outline-width: initial; outline-color: initial; \" \/><br \/>\n\t<br style=\"line-height: 1.2em; outline-style: none; outline-width: initial; outline-color: initial; \" \/><br \/>\n\t01 iunie &nbsp;&#8211; 31 iulie&nbsp;<br style=\"line-height: 1.2em; outline-style: none; outline-width: initial; outline-color: initial; \" \/><br \/>\n\tvernisaj miercuri 1 iunie ora 19:30<\/p>\n<p style=\"text-align: center; \">Magazinul National de Arta Contemporana<\/p>\n<p style=\"text-align: center; \">Str. Dr. Staicovici, Nr. 26<br style=\"line-height: 1.2em; outline-style: none; outline-width: initial; outline-color: initial; \" \/><br \/>\n\tBucuresti, Romania<br style=\"line-height: 1.2em; outline-style: none; outline-width: initial; outline-color: initial; \" \/><br \/>\n\t<a href=\"http:\/\/mndac.blogspot.com\/\" rel=\"nofollow\" style=\"line-height: 1.2em; text-decoration: underline; color: rgb(0, 51, 153); outline-style: none; outline-width: initial; outline-color: initial; \" target=\"_blank\"><span class=\"yshortcuts\" id=\"lw_1306674843_0\" style=\"line-height: 1.2em; outline-style: none; outline-width: initial; outline-color: initial; \">http:\/\/mndac.blogspot.com<\/span><\/a><br style=\"line-height: 1.2em; outline-style: none; outline-width: initial; outline-color: initial; \" \/><br \/>\n\t<a href=\"http:\/\/www.facebook.com\/MNdAC\" rel=\"nofollow\" style=\"line-height: 1.2em; text-decoration: underline; color: rgb(0, 51, 153); outline-style: none; outline-width: initial; outline-color: initial; \" target=\"_blank\"><span class=\"yshortcuts\" id=\"lw_1306674843_1\" style=\"line-height: 1.2em; outline-style: none; outline-width: initial; outline-color: initial; \">http:\/\/www.facebook.com\/MNdAC<\/span><\/a><br style=\"line-height: 1.2em; outline-style: none; outline-width: initial; outline-color: initial; \" \/><br \/>\n\tIoana Marinescu<\/p>\n<p style=\"text-align: center; \">0727.716.578<\/p>\n<p>&nbsp;<\/p>\n<p>&nbsp;<\/p>\n","protected":false},"excerpt":{"rendered":"<p>VERONICA NEAC\u015eU &#8211; CuGriCuAlbCuNegru &nbsp; &nbsp; &nbsp; &nbsp; CuGriCuAlbCuNegru este prima expozi\u0163ie personal\u0103 a Veronic\u0103i Neac\u015fu. Panouri mici \u015fi albe de lemn, desenate cu creionul. Materiale simple \u015fi monocromie care limiteaz\u0103, dar &icirc;n acela\u015fi timp, deschid posibilit\u0103\u0163i pe care Veronica le expoloateaz\u0103 p&acirc;n\u0103 la obsesie. O serie de personaje care nu se vor nici amuzante [&hellip;]<\/p>\n","protected":false},"author":1,"featured_media":0,"comment_status":"open","ping_status":"open","sticky":false,"template":"","format":"standard","meta":{"ocean_post_layout":"","ocean_both_sidebars_style":"","ocean_both_sidebars_content_width":0,"ocean_both_sidebars_sidebars_width":0,"ocean_sidebar":"","ocean_second_sidebar":"","ocean_disable_margins":"enable","ocean_add_body_class":"","ocean_shortcode_before_top_bar":"","ocean_shortcode_after_top_bar":"","ocean_shortcode_before_header":"","ocean_shortcode_after_header":"","ocean_has_shortcode":"","ocean_shortcode_after_title":"","ocean_shortcode_before_footer_widgets":"","ocean_shortcode_after_footer_widgets":"","ocean_shortcode_before_footer_bottom":"","ocean_shortcode_after_footer_bottom":"","ocean_display_top_bar":"default","ocean_display_header":"default","ocean_header_style":"","ocean_center_header_left_menu":"","ocean_custom_header_template":"","ocean_custom_logo":0,"ocean_custom_retina_logo":0,"ocean_custom_logo_max_width":0,"ocean_custom_logo_tablet_max_width":0,"ocean_custom_logo_mobile_max_width":0,"ocean_custom_logo_max_height":0,"ocean_custom_logo_tablet_max_height":0,"ocean_custom_logo_mobile_max_height":0,"ocean_header_custom_menu":"","ocean_menu_typo_font_family":"","ocean_menu_typo_font_subset":"","ocean_menu_typo_font_size":0,"ocean_menu_typo_font_size_tablet":0,"ocean_menu_typo_font_size_mobile":0,"ocean_menu_typo_font_size_unit":"px","ocean_menu_typo_font_weight":"","ocean_menu_typo_font_weight_tablet":"","ocean_menu_typo_font_weight_mobile":"","ocean_menu_typo_transform":"","ocean_menu_typo_transform_tablet":"","ocean_menu_typo_transform_mobile":"","ocean_menu_typo_line_height":0,"ocean_menu_typo_line_height_tablet":0,"ocean_menu_typo_line_height_mobile":0,"ocean_menu_typo_line_height_unit":"","ocean_menu_typo_spacing":0,"ocean_menu_typo_spacing_tablet":0,"ocean_menu_typo_spacing_mobile":0,"ocean_menu_typo_spacing_unit":"","ocean_menu_link_color":"","ocean_menu_link_color_hover":"","ocean_menu_link_color_active":"","ocean_menu_link_background":"","ocean_menu_link_hover_background":"","ocean_menu_link_active_background":"","ocean_menu_social_links_bg":"","ocean_menu_social_hover_links_bg":"","ocean_menu_social_links_color":"","ocean_menu_social_hover_links_color":"","ocean_disable_title":"default","ocean_disable_heading":"default","ocean_post_title":"","ocean_post_subheading":"","ocean_post_title_style":"","ocean_post_title_background_color":"","ocean_post_title_background":0,"ocean_post_title_bg_image_position":"","ocean_post_title_bg_image_attachment":"","ocean_post_title_bg_image_repeat":"","ocean_post_title_bg_image_size":"","ocean_post_title_height":0,"ocean_post_title_bg_overlay":0.5,"ocean_post_title_bg_overlay_color":"","ocean_disable_breadcrumbs":"default","ocean_breadcrumbs_color":"","ocean_breadcrumbs_separator_color":"","ocean_breadcrumbs_links_color":"","ocean_breadcrumbs_links_hover_color":"","ocean_display_footer_widgets":"default","ocean_display_footer_bottom":"default","ocean_custom_footer_template":"","ocean_post_oembed":"","ocean_post_self_hosted_media":"","ocean_post_video_embed":"","ocean_link_format":"","ocean_link_format_target":"self","ocean_quote_format":"","ocean_quote_format_link":"post","ocean_gallery_link_images":"on","ocean_gallery_id":[],"footnotes":""},"categories":[1],"tags":[],"class_list":["post-373","post","type-post","status-publish","format-standard","hentry","category-articole-art-out","entry","owp-thumbs-layout-horizontal","owp-btn-normal","owp-tabs-layout-horizontal","has-no-thumbnails","has-product-nav"],"yoast_head":"<!-- This site is optimized with the Yoast SEO plugin v27.5 - https:\/\/yoast.com\/product\/yoast-seo-wordpress\/ -->\n<title>Vernisaj Veronica Neacsu la MNDAC la Ota miercuri 19:30 - Art Out Lounge<\/title>\n<meta name=\"robots\" content=\"index, follow, max-snippet:-1, max-image-preview:large, max-video-preview:-1\" \/>\n<link rel=\"canonical\" href=\"https:\/\/www.artout.ro\/lounge\/articole-art-out\/vernisaj-veronica-neacsu-la-mndac-la-ota-miercuri-1930\/\" \/>\n<meta property=\"og:locale\" content=\"ro_RO\" \/>\n<meta property=\"og:type\" content=\"article\" \/>\n<meta property=\"og:title\" content=\"Vernisaj Veronica Neacsu la MNDAC la Ota miercuri 19:30 - Art Out Lounge\" \/>\n<meta property=\"og:description\" content=\"VERONICA NEAC\u015eU &#8211; CuGriCuAlbCuNegru &nbsp; &nbsp; &nbsp; &nbsp; CuGriCuAlbCuNegru este prima expozi\u0163ie personal\u0103 a Veronic\u0103i Neac\u015fu. Panouri mici \u015fi albe de lemn, desenate cu creionul. Materiale simple \u015fi monocromie care limiteaz\u0103, dar &icirc;n acela\u015fi timp, deschid posibilit\u0103\u0163i pe care Veronica le expoloateaz\u0103 p&acirc;n\u0103 la obsesie. O serie de personaje care nu se vor nici amuzante [&hellip;]\" \/>\n<meta property=\"og:url\" content=\"https:\/\/www.artout.ro\/lounge\/articole-art-out\/vernisaj-veronica-neacsu-la-mndac-la-ota-miercuri-1930\/\" \/>\n<meta property=\"og:site_name\" content=\"Art Out Lounge\" \/>\n<meta property=\"article:published_time\" content=\"2011-05-29T13:19:49+00:00\" \/>\n<meta name=\"author\" content=\"adminart1\" \/>\n<meta name=\"twitter:card\" content=\"summary_large_image\" \/>\n<meta name=\"twitter:label1\" content=\"Scris de\" \/>\n\t<meta name=\"twitter:data1\" content=\"adminart1\" \/>\n\t<meta name=\"twitter:label2\" content=\"Timp estimat pentru citire\" \/>\n\t<meta name=\"twitter:data2\" content=\"1 minut\" \/>\n<script type=\"application\/ld+json\" class=\"yoast-schema-graph\">{\"@context\":\"https:\\\/\\\/schema.org\",\"@graph\":[{\"@type\":\"Article\",\"@id\":\"https:\\\/\\\/www.artout.ro\\\/lounge\\\/articole-art-out\\\/vernisaj-veronica-neacsu-la-mndac-la-ota-miercuri-1930\\\/#article\",\"isPartOf\":{\"@id\":\"https:\\\/\\\/www.artout.ro\\\/lounge\\\/articole-art-out\\\/vernisaj-veronica-neacsu-la-mndac-la-ota-miercuri-1930\\\/\"},\"author\":{\"name\":\"adminart1\",\"@id\":\"https:\\\/\\\/www.artout.ro\\\/lounge\\\/#\\\/schema\\\/person\\\/694ebdf3dcd6a599566a6c01d745d1f8\"},\"headline\":\"Vernisaj Veronica Neacsu la MNDAC la Ota miercuri 19:30\",\"datePublished\":\"2011-05-29T13:19:49+00:00\",\"mainEntityOfPage\":{\"@id\":\"https:\\\/\\\/www.artout.ro\\\/lounge\\\/articole-art-out\\\/vernisaj-veronica-neacsu-la-mndac-la-ota-miercuri-1930\\\/\"},\"wordCount\":112,\"commentCount\":0,\"publisher\":{\"@id\":\"https:\\\/\\\/www.artout.ro\\\/lounge\\\/#organization\"},\"articleSection\":[\"General\"],\"inLanguage\":\"ro-RO\",\"potentialAction\":[{\"@type\":\"CommentAction\",\"name\":\"Comment\",\"target\":[\"https:\\\/\\\/www.artout.ro\\\/lounge\\\/articole-art-out\\\/vernisaj-veronica-neacsu-la-mndac-la-ota-miercuri-1930\\\/#respond\"]}]},{\"@type\":\"WebPage\",\"@id\":\"https:\\\/\\\/www.artout.ro\\\/lounge\\\/articole-art-out\\\/vernisaj-veronica-neacsu-la-mndac-la-ota-miercuri-1930\\\/\",\"url\":\"https:\\\/\\\/www.artout.ro\\\/lounge\\\/articole-art-out\\\/vernisaj-veronica-neacsu-la-mndac-la-ota-miercuri-1930\\\/\",\"name\":\"Vernisaj Veronica Neacsu la MNDAC la Ota miercuri 19:30 - Art Out Lounge\",\"isPartOf\":{\"@id\":\"https:\\\/\\\/www.artout.ro\\\/lounge\\\/#website\"},\"datePublished\":\"2011-05-29T13:19:49+00:00\",\"breadcrumb\":{\"@id\":\"https:\\\/\\\/www.artout.ro\\\/lounge\\\/articole-art-out\\\/vernisaj-veronica-neacsu-la-mndac-la-ota-miercuri-1930\\\/#breadcrumb\"},\"inLanguage\":\"ro-RO\",\"potentialAction\":[{\"@type\":\"ReadAction\",\"target\":[\"https:\\\/\\\/www.artout.ro\\\/lounge\\\/articole-art-out\\\/vernisaj-veronica-neacsu-la-mndac-la-ota-miercuri-1930\\\/\"]}]},{\"@type\":\"BreadcrumbList\",\"@id\":\"https:\\\/\\\/www.artout.ro\\\/lounge\\\/articole-art-out\\\/vernisaj-veronica-neacsu-la-mndac-la-ota-miercuri-1930\\\/#breadcrumb\",\"itemListElement\":[{\"@type\":\"ListItem\",\"position\":1,\"name\":\"Prima pagin\u0103\",\"item\":\"https:\\\/\\\/www.artout.ro\\\/lounge\\\/\"},{\"@type\":\"ListItem\",\"position\":2,\"name\":\"Vernisaj Veronica Neacsu la MNDAC la Ota miercuri 19:30\"}]},{\"@type\":\"WebSite\",\"@id\":\"https:\\\/\\\/www.artout.ro\\\/lounge\\\/#website\",\"url\":\"https:\\\/\\\/www.artout.ro\\\/lounge\\\/\",\"name\":\"Art Out Lounge\",\"description\":\"Revista, Arta, Arhitectura, Patrimoniu, Restaurare\",\"publisher\":{\"@id\":\"https:\\\/\\\/www.artout.ro\\\/lounge\\\/#organization\"},\"potentialAction\":[{\"@type\":\"SearchAction\",\"target\":{\"@type\":\"EntryPoint\",\"urlTemplate\":\"https:\\\/\\\/www.artout.ro\\\/lounge\\\/?s={search_term_string}\"},\"query-input\":{\"@type\":\"PropertyValueSpecification\",\"valueRequired\":true,\"valueName\":\"search_term_string\"}}],\"inLanguage\":\"ro-RO\"},{\"@type\":\"Organization\",\"@id\":\"https:\\\/\\\/www.artout.ro\\\/lounge\\\/#organization\",\"name\":\"Art Out Lounge\",\"url\":\"https:\\\/\\\/www.artout.ro\\\/lounge\\\/\",\"logo\":{\"@type\":\"ImageObject\",\"inLanguage\":\"ro-RO\",\"@id\":\"https:\\\/\\\/www.artout.ro\\\/lounge\\\/#\\\/schema\\\/logo\\\/image\\\/\",\"url\":\"https:\\\/\\\/www.artout.ro\\\/lounge\\\/wp-content\\\/uploads\\\/2021\\\/10\\\/cropped-ART-OUT-LOGO-slogan-vectorial.png\",\"contentUrl\":\"https:\\\/\\\/www.artout.ro\\\/lounge\\\/wp-content\\\/uploads\\\/2021\\\/10\\\/cropped-ART-OUT-LOGO-slogan-vectorial.png\",\"width\":1802,\"height\":854,\"caption\":\"Art Out Lounge\"},\"image\":{\"@id\":\"https:\\\/\\\/www.artout.ro\\\/lounge\\\/#\\\/schema\\\/logo\\\/image\\\/\"}},{\"@type\":\"Person\",\"@id\":\"https:\\\/\\\/www.artout.ro\\\/lounge\\\/#\\\/schema\\\/person\\\/694ebdf3dcd6a599566a6c01d745d1f8\",\"name\":\"adminart1\",\"image\":{\"@type\":\"ImageObject\",\"inLanguage\":\"ro-RO\",\"@id\":\"https:\\\/\\\/secure.gravatar.com\\\/avatar\\\/bad556cca06d8b6aecc6e4cb9c7d1587290a15c36b7c88aecf54a4e919aec5a8?s=96&d=mm&r=g\",\"url\":\"https:\\\/\\\/secure.gravatar.com\\\/avatar\\\/bad556cca06d8b6aecc6e4cb9c7d1587290a15c36b7c88aecf54a4e919aec5a8?s=96&d=mm&r=g\",\"contentUrl\":\"https:\\\/\\\/secure.gravatar.com\\\/avatar\\\/bad556cca06d8b6aecc6e4cb9c7d1587290a15c36b7c88aecf54a4e919aec5a8?s=96&d=mm&r=g\",\"caption\":\"adminart1\"},\"sameAs\":[\"https:\\\/\\\/artout.ro\"]}]}<\/script>\n<!-- \/ Yoast SEO plugin. -->","yoast_head_json":{"title":"Vernisaj Veronica Neacsu la MNDAC la Ota miercuri 19:30 - Art Out Lounge","robots":{"index":"index","follow":"follow","max-snippet":"max-snippet:-1","max-image-preview":"max-image-preview:large","max-video-preview":"max-video-preview:-1"},"canonical":"https:\/\/www.artout.ro\/lounge\/articole-art-out\/vernisaj-veronica-neacsu-la-mndac-la-ota-miercuri-1930\/","og_locale":"ro_RO","og_type":"article","og_title":"Vernisaj Veronica Neacsu la MNDAC la Ota miercuri 19:30 - Art Out Lounge","og_description":"VERONICA NEAC\u015eU &#8211; CuGriCuAlbCuNegru &nbsp; &nbsp; &nbsp; &nbsp; CuGriCuAlbCuNegru este prima expozi\u0163ie personal\u0103 a Veronic\u0103i Neac\u015fu. Panouri mici \u015fi albe de lemn, desenate cu creionul. Materiale simple \u015fi monocromie care limiteaz\u0103, dar &icirc;n acela\u015fi timp, deschid posibilit\u0103\u0163i pe care Veronica le expoloateaz\u0103 p&acirc;n\u0103 la obsesie. O serie de personaje care nu se vor nici amuzante [&hellip;]","og_url":"https:\/\/www.artout.ro\/lounge\/articole-art-out\/vernisaj-veronica-neacsu-la-mndac-la-ota-miercuri-1930\/","og_site_name":"Art Out Lounge","article_published_time":"2011-05-29T13:19:49+00:00","author":"adminart1","twitter_card":"summary_large_image","twitter_misc":{"Scris de":"adminart1","Timp estimat pentru citire":"1 minut"},"schema":{"@context":"https:\/\/schema.org","@graph":[{"@type":"Article","@id":"https:\/\/www.artout.ro\/lounge\/articole-art-out\/vernisaj-veronica-neacsu-la-mndac-la-ota-miercuri-1930\/#article","isPartOf":{"@id":"https:\/\/www.artout.ro\/lounge\/articole-art-out\/vernisaj-veronica-neacsu-la-mndac-la-ota-miercuri-1930\/"},"author":{"name":"adminart1","@id":"https:\/\/www.artout.ro\/lounge\/#\/schema\/person\/694ebdf3dcd6a599566a6c01d745d1f8"},"headline":"Vernisaj Veronica Neacsu la MNDAC la Ota miercuri 19:30","datePublished":"2011-05-29T13:19:49+00:00","mainEntityOfPage":{"@id":"https:\/\/www.artout.ro\/lounge\/articole-art-out\/vernisaj-veronica-neacsu-la-mndac-la-ota-miercuri-1930\/"},"wordCount":112,"commentCount":0,"publisher":{"@id":"https:\/\/www.artout.ro\/lounge\/#organization"},"articleSection":["General"],"inLanguage":"ro-RO","potentialAction":[{"@type":"CommentAction","name":"Comment","target":["https:\/\/www.artout.ro\/lounge\/articole-art-out\/vernisaj-veronica-neacsu-la-mndac-la-ota-miercuri-1930\/#respond"]}]},{"@type":"WebPage","@id":"https:\/\/www.artout.ro\/lounge\/articole-art-out\/vernisaj-veronica-neacsu-la-mndac-la-ota-miercuri-1930\/","url":"https:\/\/www.artout.ro\/lounge\/articole-art-out\/vernisaj-veronica-neacsu-la-mndac-la-ota-miercuri-1930\/","name":"Vernisaj Veronica Neacsu la MNDAC la Ota miercuri 19:30 - Art Out Lounge","isPartOf":{"@id":"https:\/\/www.artout.ro\/lounge\/#website"},"datePublished":"2011-05-29T13:19:49+00:00","breadcrumb":{"@id":"https:\/\/www.artout.ro\/lounge\/articole-art-out\/vernisaj-veronica-neacsu-la-mndac-la-ota-miercuri-1930\/#breadcrumb"},"inLanguage":"ro-RO","potentialAction":[{"@type":"ReadAction","target":["https:\/\/www.artout.ro\/lounge\/articole-art-out\/vernisaj-veronica-neacsu-la-mndac-la-ota-miercuri-1930\/"]}]},{"@type":"BreadcrumbList","@id":"https:\/\/www.artout.ro\/lounge\/articole-art-out\/vernisaj-veronica-neacsu-la-mndac-la-ota-miercuri-1930\/#breadcrumb","itemListElement":[{"@type":"ListItem","position":1,"name":"Prima pagin\u0103","item":"https:\/\/www.artout.ro\/lounge\/"},{"@type":"ListItem","position":2,"name":"Vernisaj Veronica Neacsu la MNDAC la Ota miercuri 19:30"}]},{"@type":"WebSite","@id":"https:\/\/www.artout.ro\/lounge\/#website","url":"https:\/\/www.artout.ro\/lounge\/","name":"Art Out Lounge","description":"Revista, Arta, Arhitectura, Patrimoniu, Restaurare","publisher":{"@id":"https:\/\/www.artout.ro\/lounge\/#organization"},"potentialAction":[{"@type":"SearchAction","target":{"@type":"EntryPoint","urlTemplate":"https:\/\/www.artout.ro\/lounge\/?s={search_term_string}"},"query-input":{"@type":"PropertyValueSpecification","valueRequired":true,"valueName":"search_term_string"}}],"inLanguage":"ro-RO"},{"@type":"Organization","@id":"https:\/\/www.artout.ro\/lounge\/#organization","name":"Art Out Lounge","url":"https:\/\/www.artout.ro\/lounge\/","logo":{"@type":"ImageObject","inLanguage":"ro-RO","@id":"https:\/\/www.artout.ro\/lounge\/#\/schema\/logo\/image\/","url":"https:\/\/www.artout.ro\/lounge\/wp-content\/uploads\/2021\/10\/cropped-ART-OUT-LOGO-slogan-vectorial.png","contentUrl":"https:\/\/www.artout.ro\/lounge\/wp-content\/uploads\/2021\/10\/cropped-ART-OUT-LOGO-slogan-vectorial.png","width":1802,"height":854,"caption":"Art Out Lounge"},"image":{"@id":"https:\/\/www.artout.ro\/lounge\/#\/schema\/logo\/image\/"}},{"@type":"Person","@id":"https:\/\/www.artout.ro\/lounge\/#\/schema\/person\/694ebdf3dcd6a599566a6c01d745d1f8","name":"adminart1","image":{"@type":"ImageObject","inLanguage":"ro-RO","@id":"https:\/\/secure.gravatar.com\/avatar\/bad556cca06d8b6aecc6e4cb9c7d1587290a15c36b7c88aecf54a4e919aec5a8?s=96&d=mm&r=g","url":"https:\/\/secure.gravatar.com\/avatar\/bad556cca06d8b6aecc6e4cb9c7d1587290a15c36b7c88aecf54a4e919aec5a8?s=96&d=mm&r=g","contentUrl":"https:\/\/secure.gravatar.com\/avatar\/bad556cca06d8b6aecc6e4cb9c7d1587290a15c36b7c88aecf54a4e919aec5a8?s=96&d=mm&r=g","caption":"adminart1"},"sameAs":["https:\/\/artout.ro"]}]}},"_links":{"self":[{"href":"https:\/\/www.artout.ro\/lounge\/wp-json\/wp\/v2\/posts\/373","targetHints":{"allow":["GET"]}}],"collection":[{"href":"https:\/\/www.artout.ro\/lounge\/wp-json\/wp\/v2\/posts"}],"about":[{"href":"https:\/\/www.artout.ro\/lounge\/wp-json\/wp\/v2\/types\/post"}],"author":[{"embeddable":true,"href":"https:\/\/www.artout.ro\/lounge\/wp-json\/wp\/v2\/users\/1"}],"replies":[{"embeddable":true,"href":"https:\/\/www.artout.ro\/lounge\/wp-json\/wp\/v2\/comments?post=373"}],"version-history":[{"count":0,"href":"https:\/\/www.artout.ro\/lounge\/wp-json\/wp\/v2\/posts\/373\/revisions"}],"wp:attachment":[{"href":"https:\/\/www.artout.ro\/lounge\/wp-json\/wp\/v2\/media?parent=373"}],"wp:term":[{"taxonomy":"category","embeddable":true,"href":"https:\/\/www.artout.ro\/lounge\/wp-json\/wp\/v2\/categories?post=373"},{"taxonomy":"post_tag","embeddable":true,"href":"https:\/\/www.artout.ro\/lounge\/wp-json\/wp\/v2\/tags?post=373"}],"curies":[{"name":"wp","href":"https:\/\/api.w.org\/{rel}","templated":true}]}}