{"id":5015,"date":"2014-05-20T09:10:55","date_gmt":"2014-05-20T09:10:55","guid":{"rendered":"http:\/\/artout.ro\/reviste\/blog\/?p=5015"},"modified":"2014-05-20T09:10:55","modified_gmt":"2014-05-20T09:10:55","slug":"gala-premiilor-anuale-ale-revistei-actualitatea-muzicala","status":"publish","type":"post","link":"https:\/\/www.artout.ro\/lounge\/stiri\/gala-premiilor-anuale-ale-revistei-actualitatea-muzicala\/","title":{"rendered":"GALA Premiilor Anuale ale Revistei \u201eActualitatea Muzicala\u201d"},"content":{"rendered":"<p style=\"text-align: center;\"><strong>GALA Premiilor Anuale <\/strong>ale<strong> Revistei \u201eActualitatea Muzical\u0103\u201d <\/strong>a<strong> Uniunii Compozitorilor \u015fi Muzicologilor din Rom\u00e2nia <\/strong>pe anul<strong> 2013<\/strong><\/p>\n<p style=\"text-align: center;\"><strong>Editia a XXIV-a<\/strong><\/p>\n<p style=\"text-align: center;\"><strong>Aula Palatului Cantacuzino<\/strong> (Calea Victoriei 141)<\/p>\n<p style=\"text-align: center;\"><strong>Mar\u0163i, 20 mai 2014, ora 12.00<\/strong><\/p>\n<p><strong>\u00a0<a href=\"http:\/\/artout.ro\/reviste\/blog\/wp-content\/uploads\/2014\/05\/AFIS.jpg\"><img fetchpriority=\"high\" decoding=\"async\" class=\"aligncenter size-medium wp-image-5016\" src=\"http:\/\/artout.ro\/reviste\/blog\/wp-content\/uploads\/2014\/05\/AFIS-214x300.jpg\" alt=\"AFIS\" width=\"214\" height=\"300\" data-id=\"5016\" srcset=\"https:\/\/www.artout.ro\/lounge\/wp-content\/uploads\/2014\/05\/AFIS-214x300.jpg 214w, https:\/\/www.artout.ro\/lounge\/wp-content\/uploads\/2014\/05\/AFIS-600x841.jpg 600w, https:\/\/www.artout.ro\/lounge\/wp-content\/uploads\/2014\/05\/AFIS-730x1024.jpg 730w, https:\/\/www.artout.ro\/lounge\/wp-content\/uploads\/2014\/05\/AFIS-624x874.jpg 624w, https:\/\/www.artout.ro\/lounge\/wp-content\/uploads\/2014\/05\/AFIS.jpg 1222w\" sizes=\"(max-width: 214px) 100vw, 214px\" \/><\/a><\/strong><\/p>\n<p><strong>NICO<\/strong> \u0219i <strong>MIHAI CONSTANTINESCU<\/strong>, compozitorul <strong>JOLT KERESTELY<\/strong><strong>,<\/strong><\/p>\n<p>baletul<strong> \u201eLa Syphide, <\/strong>dirijorul <strong>\u00a0ADRIAN MORAR<\/strong> sau <strong>Orchestra Rom\u00e2n\u0103 de Tineret<\/strong> se num\u0103r\u0103 printre laurea\u021bi<\/p>\n<p>&nbsp;<\/p>\n<p><strong>\u00a0\u00a0\u00a0\u00a0\u00a0\u00a0\u00a0\u00a0\u00a0\u00a0\u00a0 V\u0102 INVIT\u0102M, <\/strong><strong>mar\u0163i, 20 mai 2014, ora 12.00<\/strong>, \u00een<strong> Aula Palatului Cantacuzino <\/strong>(<strong>Muzeul &#8222;George Enescu&#8221; &#8211; Casa cu Lei<\/strong>, Calea Victoriei nr. 141) la Ceremonia de Decernarea <strong>Premiilor Revistei \u201eACTUALITATEA MUZICAL\u0102\u201d<\/strong> editat\u0103 de UCMR, pe anul 2013.<\/p>\n<p>Numeroase personalit\u0103\u021bi ale lumii muzicale (interpre\u021bi, compozitori, muzicieni), ale culturii, artei sau show-biz-ului au confirmat prezen\u021ba la acest eveniment<\/p>\n<p>Iat\u0103 care sunt <strong>PREMIILE Revistei \u201eACTUALITATEA MUZICAL\u0102\u201d<\/strong>ale anului 2013:<\/p>\n<p><strong>Muzic\u0103 clasic\u0103<\/strong><\/p>\n<p><strong>\u00a0<\/strong><\/p>\n<ul>\n<li><strong>Premiul pentru debut<\/strong>: tenorul <strong>\u00a0ADRIAN DUMITRU<\/strong><\/li>\n<li><strong>Premiul pentru interpretare: <\/strong>dirijorul<strong> ADRIAN MORAR<\/strong><\/li>\n<li><strong>Premiul de Excelen\u0163\u0103<\/strong>:<strong> Orchestra Rom\u00e2n\u0103 de Tineret<\/strong><\/li>\n<li><strong>Premiul \u201eSpectacolul Anului\u201d:<\/strong><strong>baletul \u201eLa Syphide\u201d,<\/strong> coregrafia Johan Kobborg, Opera Na\u021bional\u0103 Bucure\u0219ti<\/li>\n<li><strong>Premiul \u201cColla parte\u201d<\/strong> &#8211; pianista <strong>VIORICA R\u0102DOI<\/strong><\/li>\n<\/ul>\n<p>&nbsp;<\/p>\n<p><strong>Muzic\u0103 de divertisment<\/strong><\/p>\n<p><strong>\u00a0<\/strong><\/p>\n<ul>\n<li><strong>Premiul \u201eInterpreta Anului\u201d: NICO<\/strong><\/li>\n<li><strong>Premiul \u201eEvenimentul Anului\u201d: <\/strong>dirijorul \u015fi orchestratorul <strong>GEORGE NATSIS <\/strong><\/li>\n<li><strong>Premiul \u201eDiscul Anului\u201d: MIHAI CONSTANTINESCU<\/strong><\/li>\n<li><strong>Premiul pentru Jazz: ALEX MAN<\/strong><\/li>\n<li><strong>Premiul \u201eO via\u0163\u0103 dedicat\u0103 c\u00e2ntecului\u201d: <\/strong>compozitorul <strong>JOLT KERESTELY<\/strong><\/li>\n<\/ul>\n<p><strong>\u00a0<\/strong><\/p>\n<p>Moderatori: Prof. Univ. Dr. \u00a0<strong>Mihai COSMA<\/strong> \u015fi <strong>Octavian URSULESCU<\/strong><\/p>\n<p><strong>\u00a0<\/strong><\/p>\n<p>Evenimentul va fi urmat de un cocktail.<\/p>\n<p>&nbsp;<\/p>\n<p>Parteneri: <strong>Editura \u201dLitera\u201d, Cofet\u0103ria \u201dClaus\u201d, Veritas-Panciu<\/strong><\/p>\n<p><strong>\u00a0\u00a0\u00a0\u00a0\u00a0\u00a0\u00a0\u00a0\u00a0\u00a0\u00a0 \u00a0\u00a0\u00a0\u00a0 \u00a0\u00a0\u00a0<\/strong><\/p>\n<p><strong>\u00a0<\/strong><\/p>\n<p><strong>\u00a0\u00a0\u00a0\u00a0\u00a0\u00a0\u00a0\u00a0\u00a0\u00a0\u00a0 <\/strong><\/p>\n<ul>\n<li><\/li>\n<\/ul>\n<p>Printre personalit\u0103\u021bile din lumea muzicii pop, rock, jazz sau ale muzicii clasice, ale culturii, artei sau show-biz-ului premiate la ultimele edi\u021bii se num\u0103r\u0103 <strong>Corina CHIRIAC<\/strong>,<strong> Paula SELING, Lumini\u0163a DOBRESCU, FUEGO,<\/strong> <strong>Marina VOICA,<\/strong> <strong>Gabriel DOROBAN\u0162U, <\/strong><strong>Elena GHEORGHE,<\/strong><strong>RAOUL,<\/strong> compozitorii <strong>Horia\u00a0 MOCULESCU, <\/strong><strong>Dumitru LUPU,<\/strong> <strong>Ionel <\/strong>\u0219i <strong>Andrei TUDOR, Marcel DRAGOMIR,<\/strong><strong> Mihai ALEXANDRU <\/strong>\u0219i <strong>Roman\u00a0 VLAD<\/strong><strong>,<\/strong>muzicologul <strong>Viorel COSMA,<\/strong><strong> Tudor GHEORGHE<\/strong>,forma\u021biile<strong>HOLOGRAF, <\/strong><strong>VUNK<\/strong>, <strong>ANTRACT, <\/strong><strong>\u201dSARMALELE RECI<\/strong>\u201d,<strong> Remus GEORGESCU<\/strong>, <strong>Alexandru AR\u0218INEL<\/strong>, <strong>Mircea VINTIL\u0102, \u00a0<\/strong>balerina\u00a0 <strong>Simona \u0218OM\u0102CESCU<\/strong>, clarinetistul <strong>Emil VI\u0218ENESCU<\/strong>, <strong>Mircea TIBERIAN, <\/strong>violonista<strong> KAZUKO SHIMADA <\/strong>(Japonia) \u015f.a.<\/p>\n<p><a href=\"http:\/\/artout.ro\/reviste\/blog\/wp-content\/uploads\/2014\/05\/PALATUL-CANTACUZINO-Uniunea-Compozitorilor-si-Muzicologilor-din-Romania.jpg\"><img decoding=\"async\" class=\"aligncenter size-medium wp-image-5017\" src=\"http:\/\/artout.ro\/reviste\/blog\/wp-content\/uploads\/2014\/05\/PALATUL-CANTACUZINO-Uniunea-Compozitorilor-si-Muzicologilor-din-Romania-300x225.jpg\" alt=\"PALATUL CANTACUZINO Uniunea Compozitorilor si Muzicologilor din Romania\" width=\"300\" height=\"225\" data-id=\"5017\" srcset=\"https:\/\/www.artout.ro\/lounge\/wp-content\/uploads\/2014\/05\/PALATUL-CANTACUZINO-Uniunea-Compozitorilor-si-Muzicologilor-din-Romania-300x225.jpg 300w, https:\/\/www.artout.ro\/lounge\/wp-content\/uploads\/2014\/05\/PALATUL-CANTACUZINO-Uniunea-Compozitorilor-si-Muzicologilor-din-Romania-600x450.jpg 600w, https:\/\/www.artout.ro\/lounge\/wp-content\/uploads\/2014\/05\/PALATUL-CANTACUZINO-Uniunea-Compozitorilor-si-Muzicologilor-din-Romania-1024x768.jpg 1024w, https:\/\/www.artout.ro\/lounge\/wp-content\/uploads\/2014\/05\/PALATUL-CANTACUZINO-Uniunea-Compozitorilor-si-Muzicologilor-din-Romania-624x468.jpg 624w\" sizes=\"(max-width: 300px) 100vw, 300px\" \/><\/a><\/p>\n<p>Pentru confirmarea prezen\u0163ei, rela\u021bii suplimentare \u015fi foto:<\/p>\n<p><strong>Oana<\/strong> <strong>Georgescu<\/strong>, PR Event<\/p>\n<p>Email: <a href=\"mailto:oana_georgescu2003@yahoo.com\">oana_georgescu2003@yahoo.com<\/a> \/ <a href=\"mailto:oanageorgescuro@gmail.com\">oanageorgescuro@gmail.com<\/a><\/p>\n<p>Mobil: 0722.434.986 \/ 0744.654.838<\/p>\n<p>&nbsp;<\/p>\n<p>&nbsp;<\/p>\n<p><strong>NOTA:\u00a0\u00a0\u00a0\u00a0\u00a0 Automobilele se pot parca \u00een curtea Palatului Cantacuzino.<\/strong><\/p>\n","protected":false},"excerpt":{"rendered":"<p>GALA Premiilor Anuale ale Revistei \u201eActualitatea Muzical\u0103\u201d a Uniunii Compozitorilor \u015fi Muzicologilor din Rom\u00e2nia pe anul 2013 Editia a XXIV-a Aula Palatului Cantacuzino (Calea Victoriei 141) Mar\u0163i, 20 mai 2014, ora 12.00 \u00a0 NICO \u0219i MIHAI CONSTANTINESCU, compozitorul JOLT KERESTELY, baletul \u201eLa Syphide, dirijorul \u00a0ADRIAN MORAR sau Orchestra Rom\u00e2n\u0103 de Tineret se num\u0103r\u0103 printre laurea\u021bi [&hellip;]<\/p>\n","protected":false},"author":1,"featured_media":0,"comment_status":"open","ping_status":"open","sticky":false,"template":"","format":"standard","meta":{"ocean_post_layout":"","ocean_both_sidebars_style":"","ocean_both_sidebars_content_width":0,"ocean_both_sidebars_sidebars_width":0,"ocean_sidebar":"","ocean_second_sidebar":"","ocean_disable_margins":"enable","ocean_add_body_class":"","ocean_shortcode_before_top_bar":"","ocean_shortcode_after_top_bar":"","ocean_shortcode_before_header":"","ocean_shortcode_after_header":"","ocean_has_shortcode":"","ocean_shortcode_after_title":"","ocean_shortcode_before_footer_widgets":"","ocean_shortcode_after_footer_widgets":"","ocean_shortcode_before_footer_bottom":"","ocean_shortcode_after_footer_bottom":"","ocean_display_top_bar":"default","ocean_display_header":"default","ocean_header_style":"","ocean_center_header_left_menu":"","ocean_custom_header_template":"","ocean_custom_logo":0,"ocean_custom_retina_logo":0,"ocean_custom_logo_max_width":0,"ocean_custom_logo_tablet_max_width":0,"ocean_custom_logo_mobile_max_width":0,"ocean_custom_logo_max_height":0,"ocean_custom_logo_tablet_max_height":0,"ocean_custom_logo_mobile_max_height":0,"ocean_header_custom_menu":"","ocean_menu_typo_font_family":"","ocean_menu_typo_font_subset":"","ocean_menu_typo_font_size":0,"ocean_menu_typo_font_size_tablet":0,"ocean_menu_typo_font_size_mobile":0,"ocean_menu_typo_font_size_unit":"px","ocean_menu_typo_font_weight":"","ocean_menu_typo_font_weight_tablet":"","ocean_menu_typo_font_weight_mobile":"","ocean_menu_typo_transform":"","ocean_menu_typo_transform_tablet":"","ocean_menu_typo_transform_mobile":"","ocean_menu_typo_line_height":0,"ocean_menu_typo_line_height_tablet":0,"ocean_menu_typo_line_height_mobile":0,"ocean_menu_typo_line_height_unit":"","ocean_menu_typo_spacing":0,"ocean_menu_typo_spacing_tablet":0,"ocean_menu_typo_spacing_mobile":0,"ocean_menu_typo_spacing_unit":"","ocean_menu_link_color":"","ocean_menu_link_color_hover":"","ocean_menu_link_color_active":"","ocean_menu_link_background":"","ocean_menu_link_hover_background":"","ocean_menu_link_active_background":"","ocean_menu_social_links_bg":"","ocean_menu_social_hover_links_bg":"","ocean_menu_social_links_color":"","ocean_menu_social_hover_links_color":"","ocean_disable_title":"default","ocean_disable_heading":"default","ocean_post_title":"","ocean_post_subheading":"","ocean_post_title_style":"","ocean_post_title_background_color":"","ocean_post_title_background":0,"ocean_post_title_bg_image_position":"","ocean_post_title_bg_image_attachment":"","ocean_post_title_bg_image_repeat":"","ocean_post_title_bg_image_size":"","ocean_post_title_height":0,"ocean_post_title_bg_overlay":0.5,"ocean_post_title_bg_overlay_color":"","ocean_disable_breadcrumbs":"default","ocean_breadcrumbs_color":"","ocean_breadcrumbs_separator_color":"","ocean_breadcrumbs_links_color":"","ocean_breadcrumbs_links_hover_color":"","ocean_display_footer_widgets":"default","ocean_display_footer_bottom":"default","ocean_custom_footer_template":"","ocean_post_oembed":"","ocean_post_self_hosted_media":"","ocean_post_video_embed":"","ocean_link_format":"","ocean_link_format_target":"self","ocean_quote_format":"","ocean_quote_format_link":"post","ocean_gallery_link_images":"on","ocean_gallery_id":[],"footnotes":""},"categories":[14],"tags":[],"class_list":["post-5015","post","type-post","status-publish","format-standard","hentry","category-stiri","entry","owp-thumbs-layout-horizontal","owp-btn-normal","owp-tabs-layout-horizontal","has-no-thumbnails","has-product-nav"],"yoast_head":"<!-- This site is optimized with the Yoast SEO plugin v27.5 - https:\/\/yoast.com\/product\/yoast-seo-wordpress\/ -->\n<title>GALA Premiilor Anuale ale Revistei \u201eActualitatea Muzicala\u201d - Art Out Lounge<\/title>\n<meta name=\"robots\" content=\"index, follow, max-snippet:-1, max-image-preview:large, max-video-preview:-1\" \/>\n<link rel=\"canonical\" href=\"https:\/\/www.artout.ro\/lounge\/stiri\/gala-premiilor-anuale-ale-revistei-actualitatea-muzicala\/\" \/>\n<meta property=\"og:locale\" content=\"ro_RO\" \/>\n<meta property=\"og:type\" content=\"article\" \/>\n<meta property=\"og:title\" content=\"GALA Premiilor Anuale ale Revistei \u201eActualitatea Muzicala\u201d - Art Out Lounge\" \/>\n<meta property=\"og:description\" content=\"GALA Premiilor Anuale ale Revistei \u201eActualitatea Muzical\u0103\u201d a Uniunii Compozitorilor \u015fi Muzicologilor din Rom\u00e2nia pe anul 2013 Editia a XXIV-a Aula Palatului Cantacuzino (Calea Victoriei 141) Mar\u0163i, 20 mai 2014, ora 12.00 \u00a0 NICO \u0219i MIHAI CONSTANTINESCU, compozitorul JOLT KERESTELY, baletul \u201eLa Syphide, dirijorul \u00a0ADRIAN MORAR sau Orchestra Rom\u00e2n\u0103 de Tineret se num\u0103r\u0103 printre laurea\u021bi [&hellip;]\" \/>\n<meta property=\"og:url\" content=\"https:\/\/www.artout.ro\/lounge\/stiri\/gala-premiilor-anuale-ale-revistei-actualitatea-muzicala\/\" \/>\n<meta property=\"og:site_name\" content=\"Art Out Lounge\" \/>\n<meta property=\"article:published_time\" content=\"2014-05-20T09:10:55+00:00\" \/>\n<meta property=\"og:image\" content=\"http:\/\/artout.ro\/reviste\/blog\/wp-content\/uploads\/2014\/05\/AFIS-214x300.jpg\" \/>\n<meta name=\"author\" content=\"adminart1\" \/>\n<meta name=\"twitter:card\" content=\"summary_large_image\" \/>\n<meta name=\"twitter:label1\" content=\"Scris de\" \/>\n\t<meta name=\"twitter:data1\" content=\"adminart1\" \/>\n\t<meta name=\"twitter:label2\" content=\"Timp estimat pentru citire\" \/>\n\t<meta name=\"twitter:data2\" content=\"2 minute\" \/>\n<script type=\"application\/ld+json\" class=\"yoast-schema-graph\">{\"@context\":\"https:\\\/\\\/schema.org\",\"@graph\":[{\"@type\":\"Article\",\"@id\":\"https:\\\/\\\/www.artout.ro\\\/lounge\\\/stiri\\\/gala-premiilor-anuale-ale-revistei-actualitatea-muzicala\\\/#article\",\"isPartOf\":{\"@id\":\"https:\\\/\\\/www.artout.ro\\\/lounge\\\/stiri\\\/gala-premiilor-anuale-ale-revistei-actualitatea-muzicala\\\/\"},\"author\":{\"name\":\"adminart1\",\"@id\":\"https:\\\/\\\/www.artout.ro\\\/lounge\\\/#\\\/schema\\\/person\\\/694ebdf3dcd6a599566a6c01d745d1f8\"},\"headline\":\"GALA Premiilor Anuale ale Revistei \u201eActualitatea Muzicala\u201d\",\"datePublished\":\"2014-05-20T09:10:55+00:00\",\"mainEntityOfPage\":{\"@id\":\"https:\\\/\\\/www.artout.ro\\\/lounge\\\/stiri\\\/gala-premiilor-anuale-ale-revistei-actualitatea-muzicala\\\/\"},\"wordCount\":354,\"commentCount\":0,\"publisher\":{\"@id\":\"https:\\\/\\\/www.artout.ro\\\/lounge\\\/#organization\"},\"image\":{\"@id\":\"https:\\\/\\\/www.artout.ro\\\/lounge\\\/stiri\\\/gala-premiilor-anuale-ale-revistei-actualitatea-muzicala\\\/#primaryimage\"},\"thumbnailUrl\":\"http:\\\/\\\/artout.ro\\\/reviste\\\/blog\\\/wp-content\\\/uploads\\\/2014\\\/05\\\/AFIS-214x300.jpg\",\"articleSection\":[\"\u0218tiri\"],\"inLanguage\":\"ro-RO\",\"potentialAction\":[{\"@type\":\"CommentAction\",\"name\":\"Comment\",\"target\":[\"https:\\\/\\\/www.artout.ro\\\/lounge\\\/stiri\\\/gala-premiilor-anuale-ale-revistei-actualitatea-muzicala\\\/#respond\"]}]},{\"@type\":\"WebPage\",\"@id\":\"https:\\\/\\\/www.artout.ro\\\/lounge\\\/stiri\\\/gala-premiilor-anuale-ale-revistei-actualitatea-muzicala\\\/\",\"url\":\"https:\\\/\\\/www.artout.ro\\\/lounge\\\/stiri\\\/gala-premiilor-anuale-ale-revistei-actualitatea-muzicala\\\/\",\"name\":\"GALA Premiilor Anuale ale Revistei \u201eActualitatea Muzicala\u201d - Art Out Lounge\",\"isPartOf\":{\"@id\":\"https:\\\/\\\/www.artout.ro\\\/lounge\\\/#website\"},\"primaryImageOfPage\":{\"@id\":\"https:\\\/\\\/www.artout.ro\\\/lounge\\\/stiri\\\/gala-premiilor-anuale-ale-revistei-actualitatea-muzicala\\\/#primaryimage\"},\"image\":{\"@id\":\"https:\\\/\\\/www.artout.ro\\\/lounge\\\/stiri\\\/gala-premiilor-anuale-ale-revistei-actualitatea-muzicala\\\/#primaryimage\"},\"thumbnailUrl\":\"http:\\\/\\\/artout.ro\\\/reviste\\\/blog\\\/wp-content\\\/uploads\\\/2014\\\/05\\\/AFIS-214x300.jpg\",\"datePublished\":\"2014-05-20T09:10:55+00:00\",\"breadcrumb\":{\"@id\":\"https:\\\/\\\/www.artout.ro\\\/lounge\\\/stiri\\\/gala-premiilor-anuale-ale-revistei-actualitatea-muzicala\\\/#breadcrumb\"},\"inLanguage\":\"ro-RO\",\"potentialAction\":[{\"@type\":\"ReadAction\",\"target\":[\"https:\\\/\\\/www.artout.ro\\\/lounge\\\/stiri\\\/gala-premiilor-anuale-ale-revistei-actualitatea-muzicala\\\/\"]}]},{\"@type\":\"ImageObject\",\"inLanguage\":\"ro-RO\",\"@id\":\"https:\\\/\\\/www.artout.ro\\\/lounge\\\/stiri\\\/gala-premiilor-anuale-ale-revistei-actualitatea-muzicala\\\/#primaryimage\",\"url\":\"http:\\\/\\\/artout.ro\\\/reviste\\\/blog\\\/wp-content\\\/uploads\\\/2014\\\/05\\\/AFIS-214x300.jpg\",\"contentUrl\":\"http:\\\/\\\/artout.ro\\\/reviste\\\/blog\\\/wp-content\\\/uploads\\\/2014\\\/05\\\/AFIS-214x300.jpg\"},{\"@type\":\"BreadcrumbList\",\"@id\":\"https:\\\/\\\/www.artout.ro\\\/lounge\\\/stiri\\\/gala-premiilor-anuale-ale-revistei-actualitatea-muzicala\\\/#breadcrumb\",\"itemListElement\":[{\"@type\":\"ListItem\",\"position\":1,\"name\":\"Prima pagin\u0103\",\"item\":\"https:\\\/\\\/www.artout.ro\\\/lounge\\\/\"},{\"@type\":\"ListItem\",\"position\":2,\"name\":\"GALA Premiilor Anuale ale Revistei \u201eActualitatea Muzicala\u201d\"}]},{\"@type\":\"WebSite\",\"@id\":\"https:\\\/\\\/www.artout.ro\\\/lounge\\\/#website\",\"url\":\"https:\\\/\\\/www.artout.ro\\\/lounge\\\/\",\"name\":\"Art Out Lounge\",\"description\":\"Revista, Arta, Arhitectura, Patrimoniu, Restaurare\",\"publisher\":{\"@id\":\"https:\\\/\\\/www.artout.ro\\\/lounge\\\/#organization\"},\"potentialAction\":[{\"@type\":\"SearchAction\",\"target\":{\"@type\":\"EntryPoint\",\"urlTemplate\":\"https:\\\/\\\/www.artout.ro\\\/lounge\\\/?s={search_term_string}\"},\"query-input\":{\"@type\":\"PropertyValueSpecification\",\"valueRequired\":true,\"valueName\":\"search_term_string\"}}],\"inLanguage\":\"ro-RO\"},{\"@type\":\"Organization\",\"@id\":\"https:\\\/\\\/www.artout.ro\\\/lounge\\\/#organization\",\"name\":\"Art Out Lounge\",\"url\":\"https:\\\/\\\/www.artout.ro\\\/lounge\\\/\",\"logo\":{\"@type\":\"ImageObject\",\"inLanguage\":\"ro-RO\",\"@id\":\"https:\\\/\\\/www.artout.ro\\\/lounge\\\/#\\\/schema\\\/logo\\\/image\\\/\",\"url\":\"https:\\\/\\\/www.artout.ro\\\/lounge\\\/wp-content\\\/uploads\\\/2021\\\/10\\\/cropped-ART-OUT-LOGO-slogan-vectorial.png\",\"contentUrl\":\"https:\\\/\\\/www.artout.ro\\\/lounge\\\/wp-content\\\/uploads\\\/2021\\\/10\\\/cropped-ART-OUT-LOGO-slogan-vectorial.png\",\"width\":1802,\"height\":854,\"caption\":\"Art Out Lounge\"},\"image\":{\"@id\":\"https:\\\/\\\/www.artout.ro\\\/lounge\\\/#\\\/schema\\\/logo\\\/image\\\/\"}},{\"@type\":\"Person\",\"@id\":\"https:\\\/\\\/www.artout.ro\\\/lounge\\\/#\\\/schema\\\/person\\\/694ebdf3dcd6a599566a6c01d745d1f8\",\"name\":\"adminart1\",\"image\":{\"@type\":\"ImageObject\",\"inLanguage\":\"ro-RO\",\"@id\":\"https:\\\/\\\/secure.gravatar.com\\\/avatar\\\/bad556cca06d8b6aecc6e4cb9c7d1587290a15c36b7c88aecf54a4e919aec5a8?s=96&d=mm&r=g\",\"url\":\"https:\\\/\\\/secure.gravatar.com\\\/avatar\\\/bad556cca06d8b6aecc6e4cb9c7d1587290a15c36b7c88aecf54a4e919aec5a8?s=96&d=mm&r=g\",\"contentUrl\":\"https:\\\/\\\/secure.gravatar.com\\\/avatar\\\/bad556cca06d8b6aecc6e4cb9c7d1587290a15c36b7c88aecf54a4e919aec5a8?s=96&d=mm&r=g\",\"caption\":\"adminart1\"},\"sameAs\":[\"https:\\\/\\\/artout.ro\"]}]}<\/script>\n<!-- \/ Yoast SEO plugin. -->","yoast_head_json":{"title":"GALA Premiilor Anuale ale Revistei \u201eActualitatea Muzicala\u201d - Art Out Lounge","robots":{"index":"index","follow":"follow","max-snippet":"max-snippet:-1","max-image-preview":"max-image-preview:large","max-video-preview":"max-video-preview:-1"},"canonical":"https:\/\/www.artout.ro\/lounge\/stiri\/gala-premiilor-anuale-ale-revistei-actualitatea-muzicala\/","og_locale":"ro_RO","og_type":"article","og_title":"GALA Premiilor Anuale ale Revistei \u201eActualitatea Muzicala\u201d - Art Out Lounge","og_description":"GALA Premiilor Anuale ale Revistei \u201eActualitatea Muzical\u0103\u201d a Uniunii Compozitorilor \u015fi Muzicologilor din Rom\u00e2nia pe anul 2013 Editia a XXIV-a Aula Palatului Cantacuzino (Calea Victoriei 141) Mar\u0163i, 20 mai 2014, ora 12.00 \u00a0 NICO \u0219i MIHAI CONSTANTINESCU, compozitorul JOLT KERESTELY, baletul \u201eLa Syphide, dirijorul \u00a0ADRIAN MORAR sau Orchestra Rom\u00e2n\u0103 de Tineret se num\u0103r\u0103 printre laurea\u021bi [&hellip;]","og_url":"https:\/\/www.artout.ro\/lounge\/stiri\/gala-premiilor-anuale-ale-revistei-actualitatea-muzicala\/","og_site_name":"Art Out Lounge","article_published_time":"2014-05-20T09:10:55+00:00","og_image":[{"url":"http:\/\/artout.ro\/reviste\/blog\/wp-content\/uploads\/2014\/05\/AFIS-214x300.jpg","type":"","width":"","height":""}],"author":"adminart1","twitter_card":"summary_large_image","twitter_misc":{"Scris de":"adminart1","Timp estimat pentru citire":"2 minute"},"schema":{"@context":"https:\/\/schema.org","@graph":[{"@type":"Article","@id":"https:\/\/www.artout.ro\/lounge\/stiri\/gala-premiilor-anuale-ale-revistei-actualitatea-muzicala\/#article","isPartOf":{"@id":"https:\/\/www.artout.ro\/lounge\/stiri\/gala-premiilor-anuale-ale-revistei-actualitatea-muzicala\/"},"author":{"name":"adminart1","@id":"https:\/\/www.artout.ro\/lounge\/#\/schema\/person\/694ebdf3dcd6a599566a6c01d745d1f8"},"headline":"GALA Premiilor Anuale ale Revistei \u201eActualitatea Muzicala\u201d","datePublished":"2014-05-20T09:10:55+00:00","mainEntityOfPage":{"@id":"https:\/\/www.artout.ro\/lounge\/stiri\/gala-premiilor-anuale-ale-revistei-actualitatea-muzicala\/"},"wordCount":354,"commentCount":0,"publisher":{"@id":"https:\/\/www.artout.ro\/lounge\/#organization"},"image":{"@id":"https:\/\/www.artout.ro\/lounge\/stiri\/gala-premiilor-anuale-ale-revistei-actualitatea-muzicala\/#primaryimage"},"thumbnailUrl":"http:\/\/artout.ro\/reviste\/blog\/wp-content\/uploads\/2014\/05\/AFIS-214x300.jpg","articleSection":["\u0218tiri"],"inLanguage":"ro-RO","potentialAction":[{"@type":"CommentAction","name":"Comment","target":["https:\/\/www.artout.ro\/lounge\/stiri\/gala-premiilor-anuale-ale-revistei-actualitatea-muzicala\/#respond"]}]},{"@type":"WebPage","@id":"https:\/\/www.artout.ro\/lounge\/stiri\/gala-premiilor-anuale-ale-revistei-actualitatea-muzicala\/","url":"https:\/\/www.artout.ro\/lounge\/stiri\/gala-premiilor-anuale-ale-revistei-actualitatea-muzicala\/","name":"GALA Premiilor Anuale ale Revistei \u201eActualitatea Muzicala\u201d - Art Out Lounge","isPartOf":{"@id":"https:\/\/www.artout.ro\/lounge\/#website"},"primaryImageOfPage":{"@id":"https:\/\/www.artout.ro\/lounge\/stiri\/gala-premiilor-anuale-ale-revistei-actualitatea-muzicala\/#primaryimage"},"image":{"@id":"https:\/\/www.artout.ro\/lounge\/stiri\/gala-premiilor-anuale-ale-revistei-actualitatea-muzicala\/#primaryimage"},"thumbnailUrl":"http:\/\/artout.ro\/reviste\/blog\/wp-content\/uploads\/2014\/05\/AFIS-214x300.jpg","datePublished":"2014-05-20T09:10:55+00:00","breadcrumb":{"@id":"https:\/\/www.artout.ro\/lounge\/stiri\/gala-premiilor-anuale-ale-revistei-actualitatea-muzicala\/#breadcrumb"},"inLanguage":"ro-RO","potentialAction":[{"@type":"ReadAction","target":["https:\/\/www.artout.ro\/lounge\/stiri\/gala-premiilor-anuale-ale-revistei-actualitatea-muzicala\/"]}]},{"@type":"ImageObject","inLanguage":"ro-RO","@id":"https:\/\/www.artout.ro\/lounge\/stiri\/gala-premiilor-anuale-ale-revistei-actualitatea-muzicala\/#primaryimage","url":"http:\/\/artout.ro\/reviste\/blog\/wp-content\/uploads\/2014\/05\/AFIS-214x300.jpg","contentUrl":"http:\/\/artout.ro\/reviste\/blog\/wp-content\/uploads\/2014\/05\/AFIS-214x300.jpg"},{"@type":"BreadcrumbList","@id":"https:\/\/www.artout.ro\/lounge\/stiri\/gala-premiilor-anuale-ale-revistei-actualitatea-muzicala\/#breadcrumb","itemListElement":[{"@type":"ListItem","position":1,"name":"Prima pagin\u0103","item":"https:\/\/www.artout.ro\/lounge\/"},{"@type":"ListItem","position":2,"name":"GALA Premiilor Anuale ale Revistei \u201eActualitatea Muzicala\u201d"}]},{"@type":"WebSite","@id":"https:\/\/www.artout.ro\/lounge\/#website","url":"https:\/\/www.artout.ro\/lounge\/","name":"Art Out Lounge","description":"Revista, Arta, Arhitectura, Patrimoniu, Restaurare","publisher":{"@id":"https:\/\/www.artout.ro\/lounge\/#organization"},"potentialAction":[{"@type":"SearchAction","target":{"@type":"EntryPoint","urlTemplate":"https:\/\/www.artout.ro\/lounge\/?s={search_term_string}"},"query-input":{"@type":"PropertyValueSpecification","valueRequired":true,"valueName":"search_term_string"}}],"inLanguage":"ro-RO"},{"@type":"Organization","@id":"https:\/\/www.artout.ro\/lounge\/#organization","name":"Art Out Lounge","url":"https:\/\/www.artout.ro\/lounge\/","logo":{"@type":"ImageObject","inLanguage":"ro-RO","@id":"https:\/\/www.artout.ro\/lounge\/#\/schema\/logo\/image\/","url":"https:\/\/www.artout.ro\/lounge\/wp-content\/uploads\/2021\/10\/cropped-ART-OUT-LOGO-slogan-vectorial.png","contentUrl":"https:\/\/www.artout.ro\/lounge\/wp-content\/uploads\/2021\/10\/cropped-ART-OUT-LOGO-slogan-vectorial.png","width":1802,"height":854,"caption":"Art Out Lounge"},"image":{"@id":"https:\/\/www.artout.ro\/lounge\/#\/schema\/logo\/image\/"}},{"@type":"Person","@id":"https:\/\/www.artout.ro\/lounge\/#\/schema\/person\/694ebdf3dcd6a599566a6c01d745d1f8","name":"adminart1","image":{"@type":"ImageObject","inLanguage":"ro-RO","@id":"https:\/\/secure.gravatar.com\/avatar\/bad556cca06d8b6aecc6e4cb9c7d1587290a15c36b7c88aecf54a4e919aec5a8?s=96&d=mm&r=g","url":"https:\/\/secure.gravatar.com\/avatar\/bad556cca06d8b6aecc6e4cb9c7d1587290a15c36b7c88aecf54a4e919aec5a8?s=96&d=mm&r=g","contentUrl":"https:\/\/secure.gravatar.com\/avatar\/bad556cca06d8b6aecc6e4cb9c7d1587290a15c36b7c88aecf54a4e919aec5a8?s=96&d=mm&r=g","caption":"adminart1"},"sameAs":["https:\/\/artout.ro"]}]}},"_links":{"self":[{"href":"https:\/\/www.artout.ro\/lounge\/wp-json\/wp\/v2\/posts\/5015","targetHints":{"allow":["GET"]}}],"collection":[{"href":"https:\/\/www.artout.ro\/lounge\/wp-json\/wp\/v2\/posts"}],"about":[{"href":"https:\/\/www.artout.ro\/lounge\/wp-json\/wp\/v2\/types\/post"}],"author":[{"embeddable":true,"href":"https:\/\/www.artout.ro\/lounge\/wp-json\/wp\/v2\/users\/1"}],"replies":[{"embeddable":true,"href":"https:\/\/www.artout.ro\/lounge\/wp-json\/wp\/v2\/comments?post=5015"}],"version-history":[{"count":1,"href":"https:\/\/www.artout.ro\/lounge\/wp-json\/wp\/v2\/posts\/5015\/revisions"}],"predecessor-version":[{"id":5018,"href":"https:\/\/www.artout.ro\/lounge\/wp-json\/wp\/v2\/posts\/5015\/revisions\/5018"}],"wp:attachment":[{"href":"https:\/\/www.artout.ro\/lounge\/wp-json\/wp\/v2\/media?parent=5015"}],"wp:term":[{"taxonomy":"category","embeddable":true,"href":"https:\/\/www.artout.ro\/lounge\/wp-json\/wp\/v2\/categories?post=5015"},{"taxonomy":"post_tag","embeddable":true,"href":"https:\/\/www.artout.ro\/lounge\/wp-json\/wp\/v2\/tags?post=5015"}],"curies":[{"name":"wp","href":"https:\/\/api.w.org\/{rel}","templated":true}]}}