{"id":5210,"date":"2014-06-17T12:20:20","date_gmt":"2014-06-17T12:20:20","guid":{"rendered":"http:\/\/artout.ro\/reviste\/blog\/?p=5210"},"modified":"2014-06-19T06:22:44","modified_gmt":"2014-06-19T06:22:44","slug":"de-la-art-nouveau-la-art-deco-arta-moda-si-societate","status":"publish","type":"post","link":"https:\/\/www.artout.ro\/lounge\/art-out-prezinta\/de-la-art-nouveau-la-art-deco-arta-moda-si-societate\/","title":{"rendered":"De la Art Nouveau la Art Deco: Arta, moda si societate"},"content":{"rendered":"<p style=\"text-align: center;\"><strong>De la Art Nouveau la Art Deco: Arta, moda si societate (30 iunie-3 iulie)<\/strong><\/p>\n<p>\u00a0In calitate de partener media, avem placerea sa va invitam\u00a0\u00a0luni, 30 iunie, de la ora 19.00, la cursul <a href=\"http:\/\/www.fundatiacaleavictoriei.ro\/2013\/de-la-art-nouveau-la-art-deco-arta-moda-si-societate\/\"><strong>De la Art Nouveau la Art Deco: Arta, moda si societate,<\/strong><\/a>sustinut de <strong><a href=\"http:\/\/www.fundatiacaleavictoriei.ro\/2011\/monica-nea%C8%9Bu\/\">Monica Neatu<\/a>\u00a0in cadrul\u00a0Fundatiei Calea Victoriei.\u00a0<\/strong><\/p>\n<p><a href=\"http:\/\/artout.ro\/reviste\/blog\/wp-content\/uploads\/2014\/06\/De-la-Art-Nouveau-la-Art-Deco.jpg\"><img fetchpriority=\"high\" decoding=\"async\" class=\"aligncenter size-medium wp-image-5211\" src=\"http:\/\/artout.ro\/reviste\/blog\/wp-content\/uploads\/2014\/06\/De-la-Art-Nouveau-la-Art-Deco-300x213.jpg\" alt=\"De la Art Nouveau la Art Deco\" width=\"300\" height=\"213\" data-id=\"5211\" srcset=\"https:\/\/www.artout.ro\/lounge\/wp-content\/uploads\/2014\/06\/De-la-Art-Nouveau-la-Art-Deco-300x213.jpg 300w, https:\/\/www.artout.ro\/lounge\/wp-content\/uploads\/2014\/06\/De-la-Art-Nouveau-la-Art-Deco.jpg 351w\" sizes=\"(max-width: 300px) 100vw, 300px\" \/><\/a><\/p>\n<p>Daca ni s-ar cere sa definim, in doar cateva cuvinte, societatea europeana de la sfasitul secolului XIX pana in preajma celui de-al doilea razboi mondial am gasi cu usurinta, in noianul de idei al epocii, doua concepte care sa ii infatiseze, deopotriva, aspiratiile, cotidianul, angoasele si bucuriile.<\/p>\n<p>Curentele <strong>Art Nouveau<\/strong> si <strong>Art Deco<\/strong>, caci despre ele este vorba, condenseaza toate mutatiile suferite de civilizatia europeana, intr-o epoca in care nu doar arta ci si societatea trec printr-o serie de revolutii si drame.<\/p>\n<p>\u201c<em>Va invit sa descoperim impreuna, cu ajutorul a numeroase imagini, documente si fragmente muzicale, modul in care societatea de la 1900 a reactionat in fata modernizarii, sa ii intelegem sensibilitatile si extravagantele si sa ne bucuram de farmecul ei.\u201d-<\/em>Monica Neatu<\/p>\n<p>Temele celor trei ateliere sunt:<\/p>\n<p><strong>Sedinta 1: 30 iunie \u2013 Art nouveau &#8211; doar un curent artistic?<\/strong> Dilemele unei definitii. Arta in marile capitale europene. Inceputurile acestui curent artistic in Anglia victoriana. Parisul- Belle epoque. Expozitia universala \u2013 1900. Statiile de metrou si gloria lui Hector Guimard.<\/p>\n<p><strong>Sedinta 2: 1 iulie \u2013 Viena lui Gustav Klimt si extravagantele lui Gaudi. <\/strong>O privire comparativa asupra stilului art nouveau in Europa si SUA. Louis Comfort Tiffany. Trupul feminin se elibereaza-geniul lui Paul Poiret.<\/p>\n<p><strong>Sedinta 3: 2 iulie \u2013<\/strong> <strong>Art Deco si societatea interbelica. <\/strong>\u201cOrnamentul este o crima\u201d. Peter Behrens, Walter Gropius, Auguste Perret. Th\u00e9atre des Champs-\u00c9lys\u00e9es \u2013 stil si spectacole. Trupurile si arta se elibereaza. Fascinatia baletului rus \u2013 Ritualul primaverii. De la Montmartre la Montparnasse \u2013 boema pariziana inainte si dupa razboi. Expozitia de arte decorative din 1925.<\/p>\n<p><strong>Sedinta 4: 3 iulie- Viteza, simplitate, functionalitate si eleganta<\/strong>&#8211; un stil care cuprinde intreaga lume. Moda feminina si masculina. Coco Chanel, Baietana. O pictorita a elitelor pariziene \u2013 Tamara de Lempicka. Sfarsitul unei lumi.<\/p>\n<p>&nbsp;<\/p>\n<p>Lector<a href=\"http:\/\/www.fundatiacaleavictoriei.ro\/2011\/monica-nea%C8%9Bu\/\">: <strong>Monica Neatu<\/strong><\/a><\/p>\n<p>Data incepere: 30 iunie 2014; Ora curs: 19:00<\/p>\n<p>Frecventa zilnic (luni-joi)<\/p>\n<p>Cost: 200 ron; Cost redus (card fidelitate, studenti, pensionari): 180 ron<\/p>\n<p>Locul desfasurarii: <strong>Fundatia Calea Victoriei, str. <\/strong><strong>Popa Soare nr 40, etaj 1<\/strong><\/p>\n<p>Inscriere la CONTACT@VICTORIEI.RO<\/p>\n<p>&nbsp;<\/p>\n<p>&nbsp;<\/p>\n<p>&nbsp;<\/p>\n","protected":false},"excerpt":{"rendered":"<p>De la Art Nouveau la Art Deco: Arta, moda si societate (30 iunie-3 iulie) \u00a0In calitate de partener media, avem placerea sa va invitam\u00a0\u00a0luni, 30 iunie, de la ora 19.00, la cursul De la Art Nouveau la Art Deco: Arta, moda si societate,sustinut de Monica Neatu\u00a0in cadrul\u00a0Fundatiei Calea Victoriei.\u00a0 Daca ni s-ar cere sa definim, [&hellip;]<\/p>\n","protected":false},"author":1,"featured_media":5211,"comment_status":"open","ping_status":"open","sticky":false,"template":"","format":"standard","meta":{"ocean_post_layout":"","ocean_both_sidebars_style":"","ocean_both_sidebars_content_width":0,"ocean_both_sidebars_sidebars_width":0,"ocean_sidebar":"","ocean_second_sidebar":"","ocean_disable_margins":"enable","ocean_add_body_class":"","ocean_shortcode_before_top_bar":"","ocean_shortcode_after_top_bar":"","ocean_shortcode_before_header":"","ocean_shortcode_after_header":"","ocean_has_shortcode":"","ocean_shortcode_after_title":"","ocean_shortcode_before_footer_widgets":"","ocean_shortcode_after_footer_widgets":"","ocean_shortcode_before_footer_bottom":"","ocean_shortcode_after_footer_bottom":"","ocean_display_top_bar":"default","ocean_display_header":"default","ocean_header_style":"","ocean_center_header_left_menu":"","ocean_custom_header_template":"","ocean_custom_logo":0,"ocean_custom_retina_logo":0,"ocean_custom_logo_max_width":0,"ocean_custom_logo_tablet_max_width":0,"ocean_custom_logo_mobile_max_width":0,"ocean_custom_logo_max_height":0,"ocean_custom_logo_tablet_max_height":0,"ocean_custom_logo_mobile_max_height":0,"ocean_header_custom_menu":"","ocean_menu_typo_font_family":"","ocean_menu_typo_font_subset":"","ocean_menu_typo_font_size":0,"ocean_menu_typo_font_size_tablet":0,"ocean_menu_typo_font_size_mobile":0,"ocean_menu_typo_font_size_unit":"px","ocean_menu_typo_font_weight":"","ocean_menu_typo_font_weight_tablet":"","ocean_menu_typo_font_weight_mobile":"","ocean_menu_typo_transform":"","ocean_menu_typo_transform_tablet":"","ocean_menu_typo_transform_mobile":"","ocean_menu_typo_line_height":0,"ocean_menu_typo_line_height_tablet":0,"ocean_menu_typo_line_height_mobile":0,"ocean_menu_typo_line_height_unit":"","ocean_menu_typo_spacing":0,"ocean_menu_typo_spacing_tablet":0,"ocean_menu_typo_spacing_mobile":0,"ocean_menu_typo_spacing_unit":"","ocean_menu_link_color":"","ocean_menu_link_color_hover":"","ocean_menu_link_color_active":"","ocean_menu_link_background":"","ocean_menu_link_hover_background":"","ocean_menu_link_active_background":"","ocean_menu_social_links_bg":"","ocean_menu_social_hover_links_bg":"","ocean_menu_social_links_color":"","ocean_menu_social_hover_links_color":"","ocean_disable_title":"default","ocean_disable_heading":"default","ocean_post_title":"","ocean_post_subheading":"","ocean_post_title_style":"","ocean_post_title_background_color":"","ocean_post_title_background":0,"ocean_post_title_bg_image_position":"","ocean_post_title_bg_image_attachment":"","ocean_post_title_bg_image_repeat":"","ocean_post_title_bg_image_size":"","ocean_post_title_height":0,"ocean_post_title_bg_overlay":0.5,"ocean_post_title_bg_overlay_color":"","ocean_disable_breadcrumbs":"default","ocean_breadcrumbs_color":"","ocean_breadcrumbs_separator_color":"","ocean_breadcrumbs_links_color":"","ocean_breadcrumbs_links_hover_color":"","ocean_display_footer_widgets":"default","ocean_display_footer_bottom":"default","ocean_custom_footer_template":"","ocean_post_oembed":"","ocean_post_self_hosted_media":"","ocean_post_video_embed":"","ocean_link_format":"","ocean_link_format_target":"self","ocean_quote_format":"","ocean_quote_format_link":"post","ocean_gallery_link_images":"on","ocean_gallery_id":[],"footnotes":""},"categories":[2],"tags":[184,2818,205,241,2899,2911,2902,2905,2910,2891,629,2907,2894,2901,2909,2906,938,2893,2892,2908,1431,2903,2904,2896,2897,2898,2895,2001,2532,2912,2900],"class_list":["post-5210","post","type-post","status-publish","format-standard","has-post-thumbnail","hentry","category-art-out-prezinta","tag-art-deco","tag-art-nouveau","tag-arte-decorative","tag-atelier","tag-auguste-perret","tag-baietana","tag-balet-rus","tag-boema","tag-coco-chanel","tag-curent-artistic","tag-curs","tag-eleganta","tag-extravagante","tag-fascinatie","tag-feminin","tag-functionalitate","tag-fundatia-calea-victoriei","tag-gaudi","tag-gustav-klimt","tag-masculin","tag-moda","tag-montmartre","tag-montparnasse","tag-ornament","tag-peter-behrens","tag-qalter-gropius","tag-societatea-interbelica","tag-spectacole","tag-stil","tag-tamara-de-lempicka","tag-theatre-des-champs-elysees","entry","has-media","owp-thumbs-layout-horizontal","owp-btn-normal","owp-tabs-layout-horizontal","has-no-thumbnails","has-product-nav"],"yoast_head":"<!-- This site is optimized with the Yoast SEO plugin v27.5 - https:\/\/yoast.com\/product\/yoast-seo-wordpress\/ -->\n<title>De la Art Nouveau la Art Deco: Arta, moda si societate<\/title>\n<meta name=\"description\" content=\"De la Art Nouveau la Art Deco: Arta, moda si societate\" \/>\n<meta name=\"robots\" content=\"index, follow, max-snippet:-1, max-image-preview:large, max-video-preview:-1\" \/>\n<link rel=\"canonical\" href=\"https:\/\/www.artout.ro\/lounge\/art-out-prezinta\/de-la-art-nouveau-la-art-deco-arta-moda-si-societate\/\" \/>\n<meta property=\"og:locale\" content=\"ro_RO\" \/>\n<meta property=\"og:type\" content=\"article\" \/>\n<meta property=\"og:title\" content=\"De la Art Nouveau la Art Deco: Arta, moda si societate\" \/>\n<meta property=\"og:description\" content=\"De la Art Nouveau la Art Deco: Arta, moda si societate\" \/>\n<meta property=\"og:url\" content=\"https:\/\/www.artout.ro\/lounge\/art-out-prezinta\/de-la-art-nouveau-la-art-deco-arta-moda-si-societate\/\" \/>\n<meta property=\"og:site_name\" content=\"Art Out Lounge\" \/>\n<meta property=\"article:published_time\" content=\"2014-06-17T12:20:20+00:00\" \/>\n<meta property=\"article:modified_time\" content=\"2014-06-19T06:22:44+00:00\" \/>\n<meta property=\"og:image\" content=\"https:\/\/www.artout.ro\/lounge\/wp-content\/uploads\/2014\/06\/De-la-Art-Nouveau-la-Art-Deco.jpg\" \/>\n\t<meta property=\"og:image:width\" content=\"351\" \/>\n\t<meta property=\"og:image:height\" content=\"250\" \/>\n\t<meta property=\"og:image:type\" content=\"image\/jpeg\" \/>\n<meta name=\"author\" content=\"adminart1\" \/>\n<meta name=\"twitter:card\" content=\"summary_large_image\" \/>\n<meta name=\"twitter:label1\" content=\"Scris de\" \/>\n\t<meta name=\"twitter:data1\" content=\"adminart1\" \/>\n\t<meta name=\"twitter:label2\" content=\"Timp estimat pentru citire\" \/>\n\t<meta name=\"twitter:data2\" content=\"2 minute\" \/>\n<script type=\"application\/ld+json\" class=\"yoast-schema-graph\">{\"@context\":\"https:\\\/\\\/schema.org\",\"@graph\":[{\"@type\":\"Article\",\"@id\":\"https:\\\/\\\/www.artout.ro\\\/lounge\\\/art-out-prezinta\\\/de-la-art-nouveau-la-art-deco-arta-moda-si-societate\\\/#article\",\"isPartOf\":{\"@id\":\"https:\\\/\\\/www.artout.ro\\\/lounge\\\/art-out-prezinta\\\/de-la-art-nouveau-la-art-deco-arta-moda-si-societate\\\/\"},\"author\":{\"name\":\"adminart1\",\"@id\":\"https:\\\/\\\/www.artout.ro\\\/lounge\\\/#\\\/schema\\\/person\\\/694ebdf3dcd6a599566a6c01d745d1f8\"},\"headline\":\"De la Art Nouveau la Art Deco: Arta, moda si societate\",\"datePublished\":\"2014-06-17T12:20:20+00:00\",\"dateModified\":\"2014-06-19T06:22:44+00:00\",\"mainEntityOfPage\":{\"@id\":\"https:\\\/\\\/www.artout.ro\\\/lounge\\\/art-out-prezinta\\\/de-la-art-nouveau-la-art-deco-arta-moda-si-societate\\\/\"},\"wordCount\":378,\"commentCount\":0,\"publisher\":{\"@id\":\"https:\\\/\\\/www.artout.ro\\\/lounge\\\/#organization\"},\"image\":{\"@id\":\"https:\\\/\\\/www.artout.ro\\\/lounge\\\/art-out-prezinta\\\/de-la-art-nouveau-la-art-deco-arta-moda-si-societate\\\/#primaryimage\"},\"thumbnailUrl\":\"https:\\\/\\\/www.artout.ro\\\/lounge\\\/wp-content\\\/uploads\\\/2014\\\/06\\\/De-la-Art-Nouveau-la-Art-Deco.jpg\",\"keywords\":[\"Art Deco\",\"art nouveau\",\"arte decorative\",\"atelier\",\"Auguste perret\",\"Baietana\",\"balet rus\",\"boema\",\"Coco Chanel\",\"curent artistic\",\"curs\",\"eleganta\",\"extravagante\",\"fascinatie\",\"feminin\",\"functionalitate\",\"Fundatia Calea Victoriei\",\"Gaudi\",\"Gustav Klimt\",\"masculin\",\"moda\",\"Montmartre\",\"Montparnasse\",\"ornament\",\"Peter Behrens\",\"Qalter Gropius\",\"societatea interbelica\",\"spectacole\",\"stil\",\"Tamara de Lempicka\",\"Theatre des Champs-Elysees\"],\"articleSection\":[\"Art Out prezint\u0103\"],\"inLanguage\":\"ro-RO\",\"potentialAction\":[{\"@type\":\"CommentAction\",\"name\":\"Comment\",\"target\":[\"https:\\\/\\\/www.artout.ro\\\/lounge\\\/art-out-prezinta\\\/de-la-art-nouveau-la-art-deco-arta-moda-si-societate\\\/#respond\"]}]},{\"@type\":\"WebPage\",\"@id\":\"https:\\\/\\\/www.artout.ro\\\/lounge\\\/art-out-prezinta\\\/de-la-art-nouveau-la-art-deco-arta-moda-si-societate\\\/\",\"url\":\"https:\\\/\\\/www.artout.ro\\\/lounge\\\/art-out-prezinta\\\/de-la-art-nouveau-la-art-deco-arta-moda-si-societate\\\/\",\"name\":\"De la Art Nouveau la Art Deco: Arta, moda si societate\",\"isPartOf\":{\"@id\":\"https:\\\/\\\/www.artout.ro\\\/lounge\\\/#website\"},\"primaryImageOfPage\":{\"@id\":\"https:\\\/\\\/www.artout.ro\\\/lounge\\\/art-out-prezinta\\\/de-la-art-nouveau-la-art-deco-arta-moda-si-societate\\\/#primaryimage\"},\"image\":{\"@id\":\"https:\\\/\\\/www.artout.ro\\\/lounge\\\/art-out-prezinta\\\/de-la-art-nouveau-la-art-deco-arta-moda-si-societate\\\/#primaryimage\"},\"thumbnailUrl\":\"https:\\\/\\\/www.artout.ro\\\/lounge\\\/wp-content\\\/uploads\\\/2014\\\/06\\\/De-la-Art-Nouveau-la-Art-Deco.jpg\",\"datePublished\":\"2014-06-17T12:20:20+00:00\",\"dateModified\":\"2014-06-19T06:22:44+00:00\",\"description\":\"De la Art Nouveau la Art Deco: Arta, moda si societate\",\"breadcrumb\":{\"@id\":\"https:\\\/\\\/www.artout.ro\\\/lounge\\\/art-out-prezinta\\\/de-la-art-nouveau-la-art-deco-arta-moda-si-societate\\\/#breadcrumb\"},\"inLanguage\":\"ro-RO\",\"potentialAction\":[{\"@type\":\"ReadAction\",\"target\":[\"https:\\\/\\\/www.artout.ro\\\/lounge\\\/art-out-prezinta\\\/de-la-art-nouveau-la-art-deco-arta-moda-si-societate\\\/\"]}]},{\"@type\":\"ImageObject\",\"inLanguage\":\"ro-RO\",\"@id\":\"https:\\\/\\\/www.artout.ro\\\/lounge\\\/art-out-prezinta\\\/de-la-art-nouveau-la-art-deco-arta-moda-si-societate\\\/#primaryimage\",\"url\":\"https:\\\/\\\/www.artout.ro\\\/lounge\\\/wp-content\\\/uploads\\\/2014\\\/06\\\/De-la-Art-Nouveau-la-Art-Deco.jpg\",\"contentUrl\":\"https:\\\/\\\/www.artout.ro\\\/lounge\\\/wp-content\\\/uploads\\\/2014\\\/06\\\/De-la-Art-Nouveau-la-Art-Deco.jpg\",\"width\":351,\"height\":250},{\"@type\":\"BreadcrumbList\",\"@id\":\"https:\\\/\\\/www.artout.ro\\\/lounge\\\/art-out-prezinta\\\/de-la-art-nouveau-la-art-deco-arta-moda-si-societate\\\/#breadcrumb\",\"itemListElement\":[{\"@type\":\"ListItem\",\"position\":1,\"name\":\"Prima pagin\u0103\",\"item\":\"https:\\\/\\\/www.artout.ro\\\/lounge\\\/\"},{\"@type\":\"ListItem\",\"position\":2,\"name\":\"De la Art Nouveau la Art Deco: Arta, moda si societate\"}]},{\"@type\":\"WebSite\",\"@id\":\"https:\\\/\\\/www.artout.ro\\\/lounge\\\/#website\",\"url\":\"https:\\\/\\\/www.artout.ro\\\/lounge\\\/\",\"name\":\"Art Out Lounge\",\"description\":\"Revista, Arta, Arhitectura, Patrimoniu, Restaurare\",\"publisher\":{\"@id\":\"https:\\\/\\\/www.artout.ro\\\/lounge\\\/#organization\"},\"potentialAction\":[{\"@type\":\"SearchAction\",\"target\":{\"@type\":\"EntryPoint\",\"urlTemplate\":\"https:\\\/\\\/www.artout.ro\\\/lounge\\\/?s={search_term_string}\"},\"query-input\":{\"@type\":\"PropertyValueSpecification\",\"valueRequired\":true,\"valueName\":\"search_term_string\"}}],\"inLanguage\":\"ro-RO\"},{\"@type\":\"Organization\",\"@id\":\"https:\\\/\\\/www.artout.ro\\\/lounge\\\/#organization\",\"name\":\"Art Out Lounge\",\"url\":\"https:\\\/\\\/www.artout.ro\\\/lounge\\\/\",\"logo\":{\"@type\":\"ImageObject\",\"inLanguage\":\"ro-RO\",\"@id\":\"https:\\\/\\\/www.artout.ro\\\/lounge\\\/#\\\/schema\\\/logo\\\/image\\\/\",\"url\":\"https:\\\/\\\/www.artout.ro\\\/lounge\\\/wp-content\\\/uploads\\\/2021\\\/10\\\/cropped-ART-OUT-LOGO-slogan-vectorial.png\",\"contentUrl\":\"https:\\\/\\\/www.artout.ro\\\/lounge\\\/wp-content\\\/uploads\\\/2021\\\/10\\\/cropped-ART-OUT-LOGO-slogan-vectorial.png\",\"width\":1802,\"height\":854,\"caption\":\"Art Out Lounge\"},\"image\":{\"@id\":\"https:\\\/\\\/www.artout.ro\\\/lounge\\\/#\\\/schema\\\/logo\\\/image\\\/\"}},{\"@type\":\"Person\",\"@id\":\"https:\\\/\\\/www.artout.ro\\\/lounge\\\/#\\\/schema\\\/person\\\/694ebdf3dcd6a599566a6c01d745d1f8\",\"name\":\"adminart1\",\"image\":{\"@type\":\"ImageObject\",\"inLanguage\":\"ro-RO\",\"@id\":\"https:\\\/\\\/secure.gravatar.com\\\/avatar\\\/bad556cca06d8b6aecc6e4cb9c7d1587290a15c36b7c88aecf54a4e919aec5a8?s=96&d=mm&r=g\",\"url\":\"https:\\\/\\\/secure.gravatar.com\\\/avatar\\\/bad556cca06d8b6aecc6e4cb9c7d1587290a15c36b7c88aecf54a4e919aec5a8?s=96&d=mm&r=g\",\"contentUrl\":\"https:\\\/\\\/secure.gravatar.com\\\/avatar\\\/bad556cca06d8b6aecc6e4cb9c7d1587290a15c36b7c88aecf54a4e919aec5a8?s=96&d=mm&r=g\",\"caption\":\"adminart1\"},\"sameAs\":[\"https:\\\/\\\/artout.ro\"]}]}<\/script>\n<!-- \/ Yoast SEO plugin. -->","yoast_head_json":{"title":"De la Art Nouveau la Art Deco: Arta, moda si societate","description":"De la Art Nouveau la Art Deco: Arta, moda si societate","robots":{"index":"index","follow":"follow","max-snippet":"max-snippet:-1","max-image-preview":"max-image-preview:large","max-video-preview":"max-video-preview:-1"},"canonical":"https:\/\/www.artout.ro\/lounge\/art-out-prezinta\/de-la-art-nouveau-la-art-deco-arta-moda-si-societate\/","og_locale":"ro_RO","og_type":"article","og_title":"De la Art Nouveau la Art Deco: Arta, moda si societate","og_description":"De la Art Nouveau la Art Deco: Arta, moda si societate","og_url":"https:\/\/www.artout.ro\/lounge\/art-out-prezinta\/de-la-art-nouveau-la-art-deco-arta-moda-si-societate\/","og_site_name":"Art Out Lounge","article_published_time":"2014-06-17T12:20:20+00:00","article_modified_time":"2014-06-19T06:22:44+00:00","og_image":[{"width":351,"height":250,"url":"https:\/\/www.artout.ro\/lounge\/wp-content\/uploads\/2014\/06\/De-la-Art-Nouveau-la-Art-Deco.jpg","type":"image\/jpeg"}],"author":"adminart1","twitter_card":"summary_large_image","twitter_misc":{"Scris de":"adminart1","Timp estimat pentru citire":"2 minute"},"schema":{"@context":"https:\/\/schema.org","@graph":[{"@type":"Article","@id":"https:\/\/www.artout.ro\/lounge\/art-out-prezinta\/de-la-art-nouveau-la-art-deco-arta-moda-si-societate\/#article","isPartOf":{"@id":"https:\/\/www.artout.ro\/lounge\/art-out-prezinta\/de-la-art-nouveau-la-art-deco-arta-moda-si-societate\/"},"author":{"name":"adminart1","@id":"https:\/\/www.artout.ro\/lounge\/#\/schema\/person\/694ebdf3dcd6a599566a6c01d745d1f8"},"headline":"De la Art Nouveau la Art Deco: Arta, moda si societate","datePublished":"2014-06-17T12:20:20+00:00","dateModified":"2014-06-19T06:22:44+00:00","mainEntityOfPage":{"@id":"https:\/\/www.artout.ro\/lounge\/art-out-prezinta\/de-la-art-nouveau-la-art-deco-arta-moda-si-societate\/"},"wordCount":378,"commentCount":0,"publisher":{"@id":"https:\/\/www.artout.ro\/lounge\/#organization"},"image":{"@id":"https:\/\/www.artout.ro\/lounge\/art-out-prezinta\/de-la-art-nouveau-la-art-deco-arta-moda-si-societate\/#primaryimage"},"thumbnailUrl":"https:\/\/www.artout.ro\/lounge\/wp-content\/uploads\/2014\/06\/De-la-Art-Nouveau-la-Art-Deco.jpg","keywords":["Art Deco","art nouveau","arte decorative","atelier","Auguste perret","Baietana","balet rus","boema","Coco Chanel","curent artistic","curs","eleganta","extravagante","fascinatie","feminin","functionalitate","Fundatia Calea Victoriei","Gaudi","Gustav Klimt","masculin","moda","Montmartre","Montparnasse","ornament","Peter Behrens","Qalter Gropius","societatea interbelica","spectacole","stil","Tamara de Lempicka","Theatre des Champs-Elysees"],"articleSection":["Art Out prezint\u0103"],"inLanguage":"ro-RO","potentialAction":[{"@type":"CommentAction","name":"Comment","target":["https:\/\/www.artout.ro\/lounge\/art-out-prezinta\/de-la-art-nouveau-la-art-deco-arta-moda-si-societate\/#respond"]}]},{"@type":"WebPage","@id":"https:\/\/www.artout.ro\/lounge\/art-out-prezinta\/de-la-art-nouveau-la-art-deco-arta-moda-si-societate\/","url":"https:\/\/www.artout.ro\/lounge\/art-out-prezinta\/de-la-art-nouveau-la-art-deco-arta-moda-si-societate\/","name":"De la Art Nouveau la Art Deco: Arta, moda si societate","isPartOf":{"@id":"https:\/\/www.artout.ro\/lounge\/#website"},"primaryImageOfPage":{"@id":"https:\/\/www.artout.ro\/lounge\/art-out-prezinta\/de-la-art-nouveau-la-art-deco-arta-moda-si-societate\/#primaryimage"},"image":{"@id":"https:\/\/www.artout.ro\/lounge\/art-out-prezinta\/de-la-art-nouveau-la-art-deco-arta-moda-si-societate\/#primaryimage"},"thumbnailUrl":"https:\/\/www.artout.ro\/lounge\/wp-content\/uploads\/2014\/06\/De-la-Art-Nouveau-la-Art-Deco.jpg","datePublished":"2014-06-17T12:20:20+00:00","dateModified":"2014-06-19T06:22:44+00:00","description":"De la Art Nouveau la Art Deco: Arta, moda si societate","breadcrumb":{"@id":"https:\/\/www.artout.ro\/lounge\/art-out-prezinta\/de-la-art-nouveau-la-art-deco-arta-moda-si-societate\/#breadcrumb"},"inLanguage":"ro-RO","potentialAction":[{"@type":"ReadAction","target":["https:\/\/www.artout.ro\/lounge\/art-out-prezinta\/de-la-art-nouveau-la-art-deco-arta-moda-si-societate\/"]}]},{"@type":"ImageObject","inLanguage":"ro-RO","@id":"https:\/\/www.artout.ro\/lounge\/art-out-prezinta\/de-la-art-nouveau-la-art-deco-arta-moda-si-societate\/#primaryimage","url":"https:\/\/www.artout.ro\/lounge\/wp-content\/uploads\/2014\/06\/De-la-Art-Nouveau-la-Art-Deco.jpg","contentUrl":"https:\/\/www.artout.ro\/lounge\/wp-content\/uploads\/2014\/06\/De-la-Art-Nouveau-la-Art-Deco.jpg","width":351,"height":250},{"@type":"BreadcrumbList","@id":"https:\/\/www.artout.ro\/lounge\/art-out-prezinta\/de-la-art-nouveau-la-art-deco-arta-moda-si-societate\/#breadcrumb","itemListElement":[{"@type":"ListItem","position":1,"name":"Prima pagin\u0103","item":"https:\/\/www.artout.ro\/lounge\/"},{"@type":"ListItem","position":2,"name":"De la Art Nouveau la Art Deco: Arta, moda si societate"}]},{"@type":"WebSite","@id":"https:\/\/www.artout.ro\/lounge\/#website","url":"https:\/\/www.artout.ro\/lounge\/","name":"Art Out Lounge","description":"Revista, Arta, Arhitectura, Patrimoniu, Restaurare","publisher":{"@id":"https:\/\/www.artout.ro\/lounge\/#organization"},"potentialAction":[{"@type":"SearchAction","target":{"@type":"EntryPoint","urlTemplate":"https:\/\/www.artout.ro\/lounge\/?s={search_term_string}"},"query-input":{"@type":"PropertyValueSpecification","valueRequired":true,"valueName":"search_term_string"}}],"inLanguage":"ro-RO"},{"@type":"Organization","@id":"https:\/\/www.artout.ro\/lounge\/#organization","name":"Art Out Lounge","url":"https:\/\/www.artout.ro\/lounge\/","logo":{"@type":"ImageObject","inLanguage":"ro-RO","@id":"https:\/\/www.artout.ro\/lounge\/#\/schema\/logo\/image\/","url":"https:\/\/www.artout.ro\/lounge\/wp-content\/uploads\/2021\/10\/cropped-ART-OUT-LOGO-slogan-vectorial.png","contentUrl":"https:\/\/www.artout.ro\/lounge\/wp-content\/uploads\/2021\/10\/cropped-ART-OUT-LOGO-slogan-vectorial.png","width":1802,"height":854,"caption":"Art Out Lounge"},"image":{"@id":"https:\/\/www.artout.ro\/lounge\/#\/schema\/logo\/image\/"}},{"@type":"Person","@id":"https:\/\/www.artout.ro\/lounge\/#\/schema\/person\/694ebdf3dcd6a599566a6c01d745d1f8","name":"adminart1","image":{"@type":"ImageObject","inLanguage":"ro-RO","@id":"https:\/\/secure.gravatar.com\/avatar\/bad556cca06d8b6aecc6e4cb9c7d1587290a15c36b7c88aecf54a4e919aec5a8?s=96&d=mm&r=g","url":"https:\/\/secure.gravatar.com\/avatar\/bad556cca06d8b6aecc6e4cb9c7d1587290a15c36b7c88aecf54a4e919aec5a8?s=96&d=mm&r=g","contentUrl":"https:\/\/secure.gravatar.com\/avatar\/bad556cca06d8b6aecc6e4cb9c7d1587290a15c36b7c88aecf54a4e919aec5a8?s=96&d=mm&r=g","caption":"adminart1"},"sameAs":["https:\/\/artout.ro"]}]}},"_links":{"self":[{"href":"https:\/\/www.artout.ro\/lounge\/wp-json\/wp\/v2\/posts\/5210","targetHints":{"allow":["GET"]}}],"collection":[{"href":"https:\/\/www.artout.ro\/lounge\/wp-json\/wp\/v2\/posts"}],"about":[{"href":"https:\/\/www.artout.ro\/lounge\/wp-json\/wp\/v2\/types\/post"}],"author":[{"embeddable":true,"href":"https:\/\/www.artout.ro\/lounge\/wp-json\/wp\/v2\/users\/1"}],"replies":[{"embeddable":true,"href":"https:\/\/www.artout.ro\/lounge\/wp-json\/wp\/v2\/comments?post=5210"}],"version-history":[{"count":1,"href":"https:\/\/www.artout.ro\/lounge\/wp-json\/wp\/v2\/posts\/5210\/revisions"}],"predecessor-version":[{"id":5212,"href":"https:\/\/www.artout.ro\/lounge\/wp-json\/wp\/v2\/posts\/5210\/revisions\/5212"}],"wp:featuredmedia":[{"embeddable":true,"href":"https:\/\/www.artout.ro\/lounge\/wp-json\/wp\/v2\/media\/5211"}],"wp:attachment":[{"href":"https:\/\/www.artout.ro\/lounge\/wp-json\/wp\/v2\/media?parent=5210"}],"wp:term":[{"taxonomy":"category","embeddable":true,"href":"https:\/\/www.artout.ro\/lounge\/wp-json\/wp\/v2\/categories?post=5210"},{"taxonomy":"post_tag","embeddable":true,"href":"https:\/\/www.artout.ro\/lounge\/wp-json\/wp\/v2\/tags?post=5210"}],"curies":[{"name":"wp","href":"https:\/\/api.w.org\/{rel}","templated":true}]}}