{"id":5615,"date":"2014-08-07T07:18:52","date_gmt":"2014-08-07T07:18:52","guid":{"rendered":"http:\/\/artout.ro\/reviste\/blog\/?p=5615"},"modified":"2014-08-07T07:19:17","modified_gmt":"2014-08-07T07:19:17","slug":"prima-editie-festivalul-international-de-muzica-clasica-clara-haskil","status":"publish","type":"post","link":"https:\/\/www.artout.ro\/lounge\/articole-art-out\/prima-editie-festivalul-international-de-muzica-clasica-clara-haskil\/","title":{"rendered":"Prima edi\u021bie a Festivalul Interna\u021bional de Muzic\u0103 Clasic\u0103 \u201eClara Haskil\u201d"},"content":{"rendered":"<p>&nbsp;<\/p>\n<p>\u00cen perioada <strong>30 august \u2013 4 septembrie<\/strong>, \u00een Sala Thalia a Filarmonicii din<strong> Sibiu<\/strong> va avea loc prima edi\u021bie a <strong>Festivalului Interna\u021bional de Muzic\u0103 Clasic\u0103 \u201eClara Haskil\u201d<\/strong>, primul proiect de talie interna\u021bional\u0103 din Rom\u00e2nia care onoreaz\u0103 memoria legendarei pianiste de origine rom\u00e2n\u0103.<\/p>\n<p>Timp de \u0219ase zile, \u0219ase nume importante ale scenei muzicale interna\u021bionale al\u0103turi de arti\u0219ti rom\u00e2ni consacra\u021bi vor sus\u021bine o serie de recitaluri \u0219i concerte unice, cu muzic\u0103 de Ludwig van Beethoven, Franz Schubert, Johann-Sebastian Bach, Claude Debussy, George Enescu sau Dinu Lipatti.<a href=\"http:\/\/artout.ro\/reviste\/blog\/wp-content\/uploads\/2014\/08\/sigla-festivalul-clara-haskil.jpg\"><img fetchpriority=\"high\" decoding=\"async\" class=\"aligncenter  wp-image-5616\" src=\"http:\/\/artout.ro\/reviste\/blog\/wp-content\/uploads\/2014\/08\/sigla-festivalul-clara-haskil-300x300.jpg\" alt=\"sigla festivalul clara haskil\" width=\"284\" height=\"284\" data-id=\"5616\" srcset=\"https:\/\/www.artout.ro\/lounge\/wp-content\/uploads\/2014\/08\/sigla-festivalul-clara-haskil-300x300.jpg 300w, https:\/\/www.artout.ro\/lounge\/wp-content\/uploads\/2014\/08\/sigla-festivalul-clara-haskil-100x100.jpg 100w, https:\/\/www.artout.ro\/lounge\/wp-content\/uploads\/2014\/08\/sigla-festivalul-clara-haskil-600x600.jpg 600w, https:\/\/www.artout.ro\/lounge\/wp-content\/uploads\/2014\/08\/sigla-festivalul-clara-haskil-150x150.jpg 150w, https:\/\/www.artout.ro\/lounge\/wp-content\/uploads\/2014\/08\/sigla-festivalul-clara-haskil-624x624.jpg 624w, https:\/\/www.artout.ro\/lounge\/wp-content\/uploads\/2014\/08\/sigla-festivalul-clara-haskil-120x120.jpg 120w, https:\/\/www.artout.ro\/lounge\/wp-content\/uploads\/2014\/08\/sigla-festivalul-clara-haskil.jpg 800w\" sizes=\"(max-width: 284px) 100vw, 284px\" \/><\/a><\/p>\n<p><strong>Dirijorul Tiberiu Soare<\/strong>, <strong>Orchestra Simfonic\u0103 Bucure\u0219ti<\/strong> \u2013 cunoscut\u0103 pentru turneele sale interna\u021bionale de amploare, <strong>Cvartetul Arcadia <\/strong>\u2013 unul dintre cele mai aclamate \u0219i premiate cvartete rom\u00e2ne\u0219ti ale ultimilor ani \u2013 \u0219i <strong>arti\u0219ti interna\u021bionali de prim rang<\/strong> \u2013 <strong>Marina Chiche<\/strong> (Fran\u0163a) \u2013 \u201eo violonist\u0103 de talie mondial\u0103\u201d, potrivit <em>St\u00fcddeutsche Zeitung<\/em>, <strong>Istv\u00e1n V\u00e1rdai<\/strong> (Ungaria) \u2013 unul dintre cei mai aprecia\u0163i violonceli\u015fti ai scenei muzicale interna\u0163ionale din noua genera\u0163ie, <strong>Adam Laloum <\/strong>(Fran\u0163a) \u2013 c\u00ee\u0219tig\u0103torul prestigiosului Concurs Interna\u021bional \u201eClara Haskil\u201d (Vevey, Elve\u021bia) \u00een anul 2009, \u201eun pianist care este deja un mare artist \u0219i, \u00een egal\u0103 m\u0103sur\u0103, un poet\u201d (<em>Le Monde<\/em>), <strong>Fran\u00e7ois-Xavier Poizat<\/strong> (Elve\u0163ia) &#8211; \u201eun pianist de o remarcabil\u0103 virtuozitate \u0219i cu un lirism profund\u201d, \u00een aprecierea cunoscutei pianiste Martha Argerich, <strong>Julien Quentin<\/strong> (Fran\u021ba) \u2013\u00a0muzician complex, cu o profunzime \u0219i o claritate distinct\u0103 a interpret\u0103rii,\u00a0\u201eun talent remarcabil\u201d (<em>The Herald Times<\/em>)\u015fi <strong>Alina Azario<\/strong> \u2013 remarcabila pianist\u0103 de origine rom\u00e2n\u0103 care a reu\u015fit deja s\u0103 cucereasc\u0103 scena interna\u0163ional\u0103, c\u00e2\u0219tig\u0103toare a numeroase competi\u021bii interna\u021bionale \u2013 sunt arti\u0219tii pe care publicul \u00eei va putea asculta \u00een cadrul primei edi\u021bii a festivalului.<\/p>\n<p>Biletele sunt disponibile pe Eventim.ro \u015fi la casieria Filarmonicii din Sibiu.<\/p>\n<p><strong>\u00a0<\/strong>Pentru mai multe informa\u0163ii, vizita\u0163i site-ul festivalului: <a href=\"http:\/\/www.clarahaskil.ro\/\">http:\/\/www.clarahaskil.ro<\/a><\/p>\n<p>&nbsp;<\/p>\n<p>&nbsp;<\/p>\n","protected":false},"excerpt":{"rendered":"<p>&nbsp; \u00cen perioada 30 august \u2013 4 septembrie, \u00een Sala Thalia a Filarmonicii din Sibiu va avea loc prima edi\u021bie a Festivalului Interna\u021bional de Muzic\u0103 Clasic\u0103 \u201eClara Haskil\u201d, primul proiect de talie interna\u021bional\u0103 din Rom\u00e2nia care onoreaz\u0103 memoria legendarei pianiste de origine rom\u00e2n\u0103. Timp de \u0219ase zile, \u0219ase nume importante ale scenei muzicale interna\u021bionale al\u0103turi [&hellip;]<\/p>\n","protected":false},"author":1,"featured_media":5617,"comment_status":"open","ping_status":"open","sticky":false,"template":"","format":"standard","meta":{"ocean_post_layout":"","ocean_both_sidebars_style":"","ocean_both_sidebars_content_width":0,"ocean_both_sidebars_sidebars_width":0,"ocean_sidebar":"","ocean_second_sidebar":"","ocean_disable_margins":"enable","ocean_add_body_class":"","ocean_shortcode_before_top_bar":"","ocean_shortcode_after_top_bar":"","ocean_shortcode_before_header":"","ocean_shortcode_after_header":"","ocean_has_shortcode":"","ocean_shortcode_after_title":"","ocean_shortcode_before_footer_widgets":"","ocean_shortcode_after_footer_widgets":"","ocean_shortcode_before_footer_bottom":"","ocean_shortcode_after_footer_bottom":"","ocean_display_top_bar":"default","ocean_display_header":"default","ocean_header_style":"","ocean_center_header_left_menu":"","ocean_custom_header_template":"","ocean_custom_logo":0,"ocean_custom_retina_logo":0,"ocean_custom_logo_max_width":0,"ocean_custom_logo_tablet_max_width":0,"ocean_custom_logo_mobile_max_width":0,"ocean_custom_logo_max_height":0,"ocean_custom_logo_tablet_max_height":0,"ocean_custom_logo_mobile_max_height":0,"ocean_header_custom_menu":"","ocean_menu_typo_font_family":"","ocean_menu_typo_font_subset":"","ocean_menu_typo_font_size":0,"ocean_menu_typo_font_size_tablet":0,"ocean_menu_typo_font_size_mobile":0,"ocean_menu_typo_font_size_unit":"px","ocean_menu_typo_font_weight":"","ocean_menu_typo_font_weight_tablet":"","ocean_menu_typo_font_weight_mobile":"","ocean_menu_typo_transform":"","ocean_menu_typo_transform_tablet":"","ocean_menu_typo_transform_mobile":"","ocean_menu_typo_line_height":0,"ocean_menu_typo_line_height_tablet":0,"ocean_menu_typo_line_height_mobile":0,"ocean_menu_typo_line_height_unit":"","ocean_menu_typo_spacing":0,"ocean_menu_typo_spacing_tablet":0,"ocean_menu_typo_spacing_mobile":0,"ocean_menu_typo_spacing_unit":"","ocean_menu_link_color":"","ocean_menu_link_color_hover":"","ocean_menu_link_color_active":"","ocean_menu_link_background":"","ocean_menu_link_hover_background":"","ocean_menu_link_active_background":"","ocean_menu_social_links_bg":"","ocean_menu_social_hover_links_bg":"","ocean_menu_social_links_color":"","ocean_menu_social_hover_links_color":"","ocean_disable_title":"default","ocean_disable_heading":"default","ocean_post_title":"","ocean_post_subheading":"","ocean_post_title_style":"","ocean_post_title_background_color":"","ocean_post_title_background":0,"ocean_post_title_bg_image_position":"","ocean_post_title_bg_image_attachment":"","ocean_post_title_bg_image_repeat":"","ocean_post_title_bg_image_size":"","ocean_post_title_height":0,"ocean_post_title_bg_overlay":0.5,"ocean_post_title_bg_overlay_color":"","ocean_disable_breadcrumbs":"default","ocean_breadcrumbs_color":"","ocean_breadcrumbs_separator_color":"","ocean_breadcrumbs_links_color":"","ocean_breadcrumbs_links_hover_color":"","ocean_display_footer_widgets":"default","ocean_display_footer_bottom":"default","ocean_custom_footer_template":"","ocean_post_oembed":"","ocean_post_self_hosted_media":"","ocean_post_video_embed":"","ocean_link_format":"","ocean_link_format_target":"self","ocean_quote_format":"","ocean_quote_format_link":"post","ocean_gallery_link_images":"on","ocean_gallery_id":[],"footnotes":""},"categories":[1,14],"tags":[3336,3334,3335,1573,3337],"class_list":["post-5615","post","type-post","status-publish","format-standard","has-post-thumbnail","hentry","category-articole-art-out","category-stiri","tag-alina-anuzio","tag-festivalul-international-de-muzica-clasica-clara-haskil","tag-filarmonica-din-sibiu","tag-orchestra-simfonica-bucuresti","tag-tiberiu-soare","entry","has-media","owp-thumbs-layout-horizontal","owp-btn-normal","owp-tabs-layout-horizontal","has-no-thumbnails","has-product-nav"],"yoast_head":"<!-- This site is optimized with the Yoast SEO plugin v27.5 - https:\/\/yoast.com\/product\/yoast-seo-wordpress\/ -->\n<title>Festivalul Interna\u021bional de Muzic\u0103 Clasic\u0103 \u201eClara Haskil\u201d - ART OUT BLOG<\/title>\n<meta name=\"description\" content=\"Festivalul Interna\u021bional de Muzic\u0103 Clasic\u0103 \u201eClara Haskil\u201d, Filarmonica din Sibiu, Orchestra Simfonic\u0103 Bucure\u0219ti, Alina Anuzio, Tiberiu Soare\" \/>\n<meta name=\"robots\" content=\"index, follow, max-snippet:-1, max-image-preview:large, max-video-preview:-1\" \/>\n<link rel=\"canonical\" href=\"https:\/\/www.artout.ro\/lounge\/articole-art-out\/prima-editie-festivalul-international-de-muzica-clasica-clara-haskil\/\" \/>\n<meta property=\"og:locale\" content=\"ro_RO\" \/>\n<meta property=\"og:type\" content=\"article\" \/>\n<meta property=\"og:title\" content=\"Festivalul Interna\u021bional de Muzic\u0103 Clasic\u0103 \u201eClara Haskil\u201d - ART OUT BLOG\" \/>\n<meta property=\"og:description\" content=\"Festivalul Interna\u021bional de Muzic\u0103 Clasic\u0103 \u201eClara Haskil\u201d, Filarmonica din Sibiu, Orchestra Simfonic\u0103 Bucure\u0219ti, Alina Anuzio, Tiberiu Soare\" \/>\n<meta property=\"og:url\" content=\"https:\/\/www.artout.ro\/lounge\/articole-art-out\/prima-editie-festivalul-international-de-muzica-clasica-clara-haskil\/\" \/>\n<meta property=\"og:site_name\" content=\"Art Out Lounge\" \/>\n<meta property=\"article:published_time\" content=\"2014-08-07T07:18:52+00:00\" \/>\n<meta property=\"article:modified_time\" content=\"2014-08-07T07:19:17+00:00\" \/>\n<meta property=\"og:image\" content=\"https:\/\/www.artout.ro\/lounge\/wp-content\/uploads\/2014\/08\/afis-festivalul-clara-haskil.jpg\" \/>\n\t<meta property=\"og:image:width\" content=\"900\" \/>\n\t<meta property=\"og:image:height\" content=\"1273\" \/>\n\t<meta property=\"og:image:type\" content=\"image\/jpeg\" \/>\n<meta name=\"author\" content=\"adminart1\" \/>\n<meta name=\"twitter:card\" content=\"summary_large_image\" \/>\n<meta name=\"twitter:label1\" content=\"Scris de\" \/>\n\t<meta name=\"twitter:data1\" content=\"adminart1\" \/>\n\t<meta name=\"twitter:label2\" content=\"Timp estimat pentru citire\" \/>\n\t<meta name=\"twitter:data2\" content=\"2 minute\" \/>\n<script type=\"application\/ld+json\" class=\"yoast-schema-graph\">{\"@context\":\"https:\\\/\\\/schema.org\",\"@graph\":[{\"@type\":\"Article\",\"@id\":\"https:\\\/\\\/www.artout.ro\\\/lounge\\\/articole-art-out\\\/prima-editie-festivalul-international-de-muzica-clasica-clara-haskil\\\/#article\",\"isPartOf\":{\"@id\":\"https:\\\/\\\/www.artout.ro\\\/lounge\\\/articole-art-out\\\/prima-editie-festivalul-international-de-muzica-clasica-clara-haskil\\\/\"},\"author\":{\"name\":\"adminart1\",\"@id\":\"https:\\\/\\\/www.artout.ro\\\/lounge\\\/#\\\/schema\\\/person\\\/694ebdf3dcd6a599566a6c01d745d1f8\"},\"headline\":\"Prima edi\u021bie a Festivalul Interna\u021bional de Muzic\u0103 Clasic\u0103 \u201eClara Haskil\u201d\",\"datePublished\":\"2014-08-07T07:18:52+00:00\",\"dateModified\":\"2014-08-07T07:19:17+00:00\",\"mainEntityOfPage\":{\"@id\":\"https:\\\/\\\/www.artout.ro\\\/lounge\\\/articole-art-out\\\/prima-editie-festivalul-international-de-muzica-clasica-clara-haskil\\\/\"},\"wordCount\":331,\"commentCount\":0,\"publisher\":{\"@id\":\"https:\\\/\\\/www.artout.ro\\\/lounge\\\/#organization\"},\"image\":{\"@id\":\"https:\\\/\\\/www.artout.ro\\\/lounge\\\/articole-art-out\\\/prima-editie-festivalul-international-de-muzica-clasica-clara-haskil\\\/#primaryimage\"},\"thumbnailUrl\":\"https:\\\/\\\/www.artout.ro\\\/lounge\\\/wp-content\\\/uploads\\\/2014\\\/08\\\/afis-festivalul-clara-haskil.jpg\",\"keywords\":[\"Alina Anuzio\",\"Festivalul Interna\u021bional de Muzic\u0103 Clasic\u0103 \u201eClara Haskil\u201d\",\"Filarmonica din Sibiu\",\"orchestra simfonica bucuresti\",\"Tiberiu Soare\"],\"articleSection\":[\"General\",\"\u0218tiri\"],\"inLanguage\":\"ro-RO\",\"potentialAction\":[{\"@type\":\"CommentAction\",\"name\":\"Comment\",\"target\":[\"https:\\\/\\\/www.artout.ro\\\/lounge\\\/articole-art-out\\\/prima-editie-festivalul-international-de-muzica-clasica-clara-haskil\\\/#respond\"]}]},{\"@type\":\"WebPage\",\"@id\":\"https:\\\/\\\/www.artout.ro\\\/lounge\\\/articole-art-out\\\/prima-editie-festivalul-international-de-muzica-clasica-clara-haskil\\\/\",\"url\":\"https:\\\/\\\/www.artout.ro\\\/lounge\\\/articole-art-out\\\/prima-editie-festivalul-international-de-muzica-clasica-clara-haskil\\\/\",\"name\":\"Festivalul Interna\u021bional de Muzic\u0103 Clasic\u0103 \u201eClara Haskil\u201d - ART OUT BLOG\",\"isPartOf\":{\"@id\":\"https:\\\/\\\/www.artout.ro\\\/lounge\\\/#website\"},\"primaryImageOfPage\":{\"@id\":\"https:\\\/\\\/www.artout.ro\\\/lounge\\\/articole-art-out\\\/prima-editie-festivalul-international-de-muzica-clasica-clara-haskil\\\/#primaryimage\"},\"image\":{\"@id\":\"https:\\\/\\\/www.artout.ro\\\/lounge\\\/articole-art-out\\\/prima-editie-festivalul-international-de-muzica-clasica-clara-haskil\\\/#primaryimage\"},\"thumbnailUrl\":\"https:\\\/\\\/www.artout.ro\\\/lounge\\\/wp-content\\\/uploads\\\/2014\\\/08\\\/afis-festivalul-clara-haskil.jpg\",\"datePublished\":\"2014-08-07T07:18:52+00:00\",\"dateModified\":\"2014-08-07T07:19:17+00:00\",\"description\":\"Festivalul Interna\u021bional de Muzic\u0103 Clasic\u0103 \u201eClara Haskil\u201d, Filarmonica din Sibiu, Orchestra Simfonic\u0103 Bucure\u0219ti, Alina Anuzio, Tiberiu Soare\",\"breadcrumb\":{\"@id\":\"https:\\\/\\\/www.artout.ro\\\/lounge\\\/articole-art-out\\\/prima-editie-festivalul-international-de-muzica-clasica-clara-haskil\\\/#breadcrumb\"},\"inLanguage\":\"ro-RO\",\"potentialAction\":[{\"@type\":\"ReadAction\",\"target\":[\"https:\\\/\\\/www.artout.ro\\\/lounge\\\/articole-art-out\\\/prima-editie-festivalul-international-de-muzica-clasica-clara-haskil\\\/\"]}]},{\"@type\":\"ImageObject\",\"inLanguage\":\"ro-RO\",\"@id\":\"https:\\\/\\\/www.artout.ro\\\/lounge\\\/articole-art-out\\\/prima-editie-festivalul-international-de-muzica-clasica-clara-haskil\\\/#primaryimage\",\"url\":\"https:\\\/\\\/www.artout.ro\\\/lounge\\\/wp-content\\\/uploads\\\/2014\\\/08\\\/afis-festivalul-clara-haskil.jpg\",\"contentUrl\":\"https:\\\/\\\/www.artout.ro\\\/lounge\\\/wp-content\\\/uploads\\\/2014\\\/08\\\/afis-festivalul-clara-haskil.jpg\",\"width\":900,\"height\":1273},{\"@type\":\"BreadcrumbList\",\"@id\":\"https:\\\/\\\/www.artout.ro\\\/lounge\\\/articole-art-out\\\/prima-editie-festivalul-international-de-muzica-clasica-clara-haskil\\\/#breadcrumb\",\"itemListElement\":[{\"@type\":\"ListItem\",\"position\":1,\"name\":\"Prima pagin\u0103\",\"item\":\"https:\\\/\\\/www.artout.ro\\\/lounge\\\/\"},{\"@type\":\"ListItem\",\"position\":2,\"name\":\"Prima edi\u021bie a Festivalul Interna\u021bional de Muzic\u0103 Clasic\u0103 \u201eClara Haskil\u201d\"}]},{\"@type\":\"WebSite\",\"@id\":\"https:\\\/\\\/www.artout.ro\\\/lounge\\\/#website\",\"url\":\"https:\\\/\\\/www.artout.ro\\\/lounge\\\/\",\"name\":\"Art Out Lounge\",\"description\":\"Revista, Arta, Arhitectura, Patrimoniu, Restaurare\",\"publisher\":{\"@id\":\"https:\\\/\\\/www.artout.ro\\\/lounge\\\/#organization\"},\"potentialAction\":[{\"@type\":\"SearchAction\",\"target\":{\"@type\":\"EntryPoint\",\"urlTemplate\":\"https:\\\/\\\/www.artout.ro\\\/lounge\\\/?s={search_term_string}\"},\"query-input\":{\"@type\":\"PropertyValueSpecification\",\"valueRequired\":true,\"valueName\":\"search_term_string\"}}],\"inLanguage\":\"ro-RO\"},{\"@type\":\"Organization\",\"@id\":\"https:\\\/\\\/www.artout.ro\\\/lounge\\\/#organization\",\"name\":\"Art Out Lounge\",\"url\":\"https:\\\/\\\/www.artout.ro\\\/lounge\\\/\",\"logo\":{\"@type\":\"ImageObject\",\"inLanguage\":\"ro-RO\",\"@id\":\"https:\\\/\\\/www.artout.ro\\\/lounge\\\/#\\\/schema\\\/logo\\\/image\\\/\",\"url\":\"https:\\\/\\\/www.artout.ro\\\/lounge\\\/wp-content\\\/uploads\\\/2021\\\/10\\\/cropped-ART-OUT-LOGO-slogan-vectorial.png\",\"contentUrl\":\"https:\\\/\\\/www.artout.ro\\\/lounge\\\/wp-content\\\/uploads\\\/2021\\\/10\\\/cropped-ART-OUT-LOGO-slogan-vectorial.png\",\"width\":1802,\"height\":854,\"caption\":\"Art Out Lounge\"},\"image\":{\"@id\":\"https:\\\/\\\/www.artout.ro\\\/lounge\\\/#\\\/schema\\\/logo\\\/image\\\/\"}},{\"@type\":\"Person\",\"@id\":\"https:\\\/\\\/www.artout.ro\\\/lounge\\\/#\\\/schema\\\/person\\\/694ebdf3dcd6a599566a6c01d745d1f8\",\"name\":\"adminart1\",\"image\":{\"@type\":\"ImageObject\",\"inLanguage\":\"ro-RO\",\"@id\":\"https:\\\/\\\/secure.gravatar.com\\\/avatar\\\/bad556cca06d8b6aecc6e4cb9c7d1587290a15c36b7c88aecf54a4e919aec5a8?s=96&d=mm&r=g\",\"url\":\"https:\\\/\\\/secure.gravatar.com\\\/avatar\\\/bad556cca06d8b6aecc6e4cb9c7d1587290a15c36b7c88aecf54a4e919aec5a8?s=96&d=mm&r=g\",\"contentUrl\":\"https:\\\/\\\/secure.gravatar.com\\\/avatar\\\/bad556cca06d8b6aecc6e4cb9c7d1587290a15c36b7c88aecf54a4e919aec5a8?s=96&d=mm&r=g\",\"caption\":\"adminart1\"},\"sameAs\":[\"https:\\\/\\\/artout.ro\"]}]}<\/script>\n<!-- \/ Yoast SEO plugin. -->","yoast_head_json":{"title":"Festivalul Interna\u021bional de Muzic\u0103 Clasic\u0103 \u201eClara Haskil\u201d - ART OUT BLOG","description":"Festivalul Interna\u021bional de Muzic\u0103 Clasic\u0103 \u201eClara Haskil\u201d, Filarmonica din Sibiu, Orchestra Simfonic\u0103 Bucure\u0219ti, Alina Anuzio, Tiberiu Soare","robots":{"index":"index","follow":"follow","max-snippet":"max-snippet:-1","max-image-preview":"max-image-preview:large","max-video-preview":"max-video-preview:-1"},"canonical":"https:\/\/www.artout.ro\/lounge\/articole-art-out\/prima-editie-festivalul-international-de-muzica-clasica-clara-haskil\/","og_locale":"ro_RO","og_type":"article","og_title":"Festivalul Interna\u021bional de Muzic\u0103 Clasic\u0103 \u201eClara Haskil\u201d - ART OUT BLOG","og_description":"Festivalul Interna\u021bional de Muzic\u0103 Clasic\u0103 \u201eClara Haskil\u201d, Filarmonica din Sibiu, Orchestra Simfonic\u0103 Bucure\u0219ti, Alina Anuzio, Tiberiu Soare","og_url":"https:\/\/www.artout.ro\/lounge\/articole-art-out\/prima-editie-festivalul-international-de-muzica-clasica-clara-haskil\/","og_site_name":"Art Out Lounge","article_published_time":"2014-08-07T07:18:52+00:00","article_modified_time":"2014-08-07T07:19:17+00:00","og_image":[{"width":900,"height":1273,"url":"https:\/\/www.artout.ro\/lounge\/wp-content\/uploads\/2014\/08\/afis-festivalul-clara-haskil.jpg","type":"image\/jpeg"}],"author":"adminart1","twitter_card":"summary_large_image","twitter_misc":{"Scris de":"adminart1","Timp estimat pentru citire":"2 minute"},"schema":{"@context":"https:\/\/schema.org","@graph":[{"@type":"Article","@id":"https:\/\/www.artout.ro\/lounge\/articole-art-out\/prima-editie-festivalul-international-de-muzica-clasica-clara-haskil\/#article","isPartOf":{"@id":"https:\/\/www.artout.ro\/lounge\/articole-art-out\/prima-editie-festivalul-international-de-muzica-clasica-clara-haskil\/"},"author":{"name":"adminart1","@id":"https:\/\/www.artout.ro\/lounge\/#\/schema\/person\/694ebdf3dcd6a599566a6c01d745d1f8"},"headline":"Prima edi\u021bie a Festivalul Interna\u021bional de Muzic\u0103 Clasic\u0103 \u201eClara Haskil\u201d","datePublished":"2014-08-07T07:18:52+00:00","dateModified":"2014-08-07T07:19:17+00:00","mainEntityOfPage":{"@id":"https:\/\/www.artout.ro\/lounge\/articole-art-out\/prima-editie-festivalul-international-de-muzica-clasica-clara-haskil\/"},"wordCount":331,"commentCount":0,"publisher":{"@id":"https:\/\/www.artout.ro\/lounge\/#organization"},"image":{"@id":"https:\/\/www.artout.ro\/lounge\/articole-art-out\/prima-editie-festivalul-international-de-muzica-clasica-clara-haskil\/#primaryimage"},"thumbnailUrl":"https:\/\/www.artout.ro\/lounge\/wp-content\/uploads\/2014\/08\/afis-festivalul-clara-haskil.jpg","keywords":["Alina Anuzio","Festivalul Interna\u021bional de Muzic\u0103 Clasic\u0103 \u201eClara Haskil\u201d","Filarmonica din Sibiu","orchestra simfonica bucuresti","Tiberiu Soare"],"articleSection":["General","\u0218tiri"],"inLanguage":"ro-RO","potentialAction":[{"@type":"CommentAction","name":"Comment","target":["https:\/\/www.artout.ro\/lounge\/articole-art-out\/prima-editie-festivalul-international-de-muzica-clasica-clara-haskil\/#respond"]}]},{"@type":"WebPage","@id":"https:\/\/www.artout.ro\/lounge\/articole-art-out\/prima-editie-festivalul-international-de-muzica-clasica-clara-haskil\/","url":"https:\/\/www.artout.ro\/lounge\/articole-art-out\/prima-editie-festivalul-international-de-muzica-clasica-clara-haskil\/","name":"Festivalul Interna\u021bional de Muzic\u0103 Clasic\u0103 \u201eClara Haskil\u201d - ART OUT BLOG","isPartOf":{"@id":"https:\/\/www.artout.ro\/lounge\/#website"},"primaryImageOfPage":{"@id":"https:\/\/www.artout.ro\/lounge\/articole-art-out\/prima-editie-festivalul-international-de-muzica-clasica-clara-haskil\/#primaryimage"},"image":{"@id":"https:\/\/www.artout.ro\/lounge\/articole-art-out\/prima-editie-festivalul-international-de-muzica-clasica-clara-haskil\/#primaryimage"},"thumbnailUrl":"https:\/\/www.artout.ro\/lounge\/wp-content\/uploads\/2014\/08\/afis-festivalul-clara-haskil.jpg","datePublished":"2014-08-07T07:18:52+00:00","dateModified":"2014-08-07T07:19:17+00:00","description":"Festivalul Interna\u021bional de Muzic\u0103 Clasic\u0103 \u201eClara Haskil\u201d, Filarmonica din Sibiu, Orchestra Simfonic\u0103 Bucure\u0219ti, Alina Anuzio, Tiberiu Soare","breadcrumb":{"@id":"https:\/\/www.artout.ro\/lounge\/articole-art-out\/prima-editie-festivalul-international-de-muzica-clasica-clara-haskil\/#breadcrumb"},"inLanguage":"ro-RO","potentialAction":[{"@type":"ReadAction","target":["https:\/\/www.artout.ro\/lounge\/articole-art-out\/prima-editie-festivalul-international-de-muzica-clasica-clara-haskil\/"]}]},{"@type":"ImageObject","inLanguage":"ro-RO","@id":"https:\/\/www.artout.ro\/lounge\/articole-art-out\/prima-editie-festivalul-international-de-muzica-clasica-clara-haskil\/#primaryimage","url":"https:\/\/www.artout.ro\/lounge\/wp-content\/uploads\/2014\/08\/afis-festivalul-clara-haskil.jpg","contentUrl":"https:\/\/www.artout.ro\/lounge\/wp-content\/uploads\/2014\/08\/afis-festivalul-clara-haskil.jpg","width":900,"height":1273},{"@type":"BreadcrumbList","@id":"https:\/\/www.artout.ro\/lounge\/articole-art-out\/prima-editie-festivalul-international-de-muzica-clasica-clara-haskil\/#breadcrumb","itemListElement":[{"@type":"ListItem","position":1,"name":"Prima pagin\u0103","item":"https:\/\/www.artout.ro\/lounge\/"},{"@type":"ListItem","position":2,"name":"Prima edi\u021bie a Festivalul Interna\u021bional de Muzic\u0103 Clasic\u0103 \u201eClara Haskil\u201d"}]},{"@type":"WebSite","@id":"https:\/\/www.artout.ro\/lounge\/#website","url":"https:\/\/www.artout.ro\/lounge\/","name":"Art Out Lounge","description":"Revista, Arta, Arhitectura, Patrimoniu, Restaurare","publisher":{"@id":"https:\/\/www.artout.ro\/lounge\/#organization"},"potentialAction":[{"@type":"SearchAction","target":{"@type":"EntryPoint","urlTemplate":"https:\/\/www.artout.ro\/lounge\/?s={search_term_string}"},"query-input":{"@type":"PropertyValueSpecification","valueRequired":true,"valueName":"search_term_string"}}],"inLanguage":"ro-RO"},{"@type":"Organization","@id":"https:\/\/www.artout.ro\/lounge\/#organization","name":"Art Out Lounge","url":"https:\/\/www.artout.ro\/lounge\/","logo":{"@type":"ImageObject","inLanguage":"ro-RO","@id":"https:\/\/www.artout.ro\/lounge\/#\/schema\/logo\/image\/","url":"https:\/\/www.artout.ro\/lounge\/wp-content\/uploads\/2021\/10\/cropped-ART-OUT-LOGO-slogan-vectorial.png","contentUrl":"https:\/\/www.artout.ro\/lounge\/wp-content\/uploads\/2021\/10\/cropped-ART-OUT-LOGO-slogan-vectorial.png","width":1802,"height":854,"caption":"Art Out Lounge"},"image":{"@id":"https:\/\/www.artout.ro\/lounge\/#\/schema\/logo\/image\/"}},{"@type":"Person","@id":"https:\/\/www.artout.ro\/lounge\/#\/schema\/person\/694ebdf3dcd6a599566a6c01d745d1f8","name":"adminart1","image":{"@type":"ImageObject","inLanguage":"ro-RO","@id":"https:\/\/secure.gravatar.com\/avatar\/bad556cca06d8b6aecc6e4cb9c7d1587290a15c36b7c88aecf54a4e919aec5a8?s=96&d=mm&r=g","url":"https:\/\/secure.gravatar.com\/avatar\/bad556cca06d8b6aecc6e4cb9c7d1587290a15c36b7c88aecf54a4e919aec5a8?s=96&d=mm&r=g","contentUrl":"https:\/\/secure.gravatar.com\/avatar\/bad556cca06d8b6aecc6e4cb9c7d1587290a15c36b7c88aecf54a4e919aec5a8?s=96&d=mm&r=g","caption":"adminart1"},"sameAs":["https:\/\/artout.ro"]}]}},"_links":{"self":[{"href":"https:\/\/www.artout.ro\/lounge\/wp-json\/wp\/v2\/posts\/5615","targetHints":{"allow":["GET"]}}],"collection":[{"href":"https:\/\/www.artout.ro\/lounge\/wp-json\/wp\/v2\/posts"}],"about":[{"href":"https:\/\/www.artout.ro\/lounge\/wp-json\/wp\/v2\/types\/post"}],"author":[{"embeddable":true,"href":"https:\/\/www.artout.ro\/lounge\/wp-json\/wp\/v2\/users\/1"}],"replies":[{"embeddable":true,"href":"https:\/\/www.artout.ro\/lounge\/wp-json\/wp\/v2\/comments?post=5615"}],"version-history":[{"count":2,"href":"https:\/\/www.artout.ro\/lounge\/wp-json\/wp\/v2\/posts\/5615\/revisions"}],"predecessor-version":[{"id":5619,"href":"https:\/\/www.artout.ro\/lounge\/wp-json\/wp\/v2\/posts\/5615\/revisions\/5619"}],"wp:featuredmedia":[{"embeddable":true,"href":"https:\/\/www.artout.ro\/lounge\/wp-json\/wp\/v2\/media\/5617"}],"wp:attachment":[{"href":"https:\/\/www.artout.ro\/lounge\/wp-json\/wp\/v2\/media?parent=5615"}],"wp:term":[{"taxonomy":"category","embeddable":true,"href":"https:\/\/www.artout.ro\/lounge\/wp-json\/wp\/v2\/categories?post=5615"},{"taxonomy":"post_tag","embeddable":true,"href":"https:\/\/www.artout.ro\/lounge\/wp-json\/wp\/v2\/tags?post=5615"}],"curies":[{"name":"wp","href":"https:\/\/api.w.org\/{rel}","templated":true}]}}