{"id":7015,"date":"2015-01-27T16:37:23","date_gmt":"2015-01-27T16:37:23","guid":{"rendered":"http:\/\/artout.ro\/reviste\/blog\/?p=7015"},"modified":"2015-01-27T16:37:23","modified_gmt":"2015-01-27T16:37:23","slug":"invitatie-epozitie-premiantii-salonului-national-de-pictura-si-lansarea-catalogului","status":"publish","type":"post","link":"https:\/\/www.artout.ro\/lounge\/articole-art-out\/invitatie-epozitie-premiantii-salonului-national-de-pictura-si-lansarea-catalogului\/","title":{"rendered":"Invita\u0163ie Epozi\u0163ie: Premian\u0163ii Salonului Na\u0163ional de Pictur\u0103 \u015fi lansarea Catalogului"},"content":{"rendered":"<p><a href=\"http:\/\/artout.ro\/reviste\/blog\/wp-content\/uploads\/2015\/01\/SNP-Afis-e-jpg.jpg\"><img fetchpriority=\"high\" decoding=\"async\" data-id=\"7016\"  src=\"http:\/\/artout.ro\/reviste\/blog\/wp-content\/uploads\/2015\/01\/SNP-Afis-e-jpg-210x300.jpg\" alt=\"SNP Afis-e jpg\" width=\"210\" height=\"300\" class=\"alignnone size-medium wp-image-7016\" srcset=\"https:\/\/www.artout.ro\/lounge\/wp-content\/uploads\/2015\/01\/SNP-Afis-e-jpg-210x300.jpg 210w, https:\/\/www.artout.ro\/lounge\/wp-content\/uploads\/2015\/01\/SNP-Afis-e-jpg-600x857.jpg 600w, https:\/\/www.artout.ro\/lounge\/wp-content\/uploads\/2015\/01\/SNP-Afis-e-jpg-624x891.jpg 624w, https:\/\/www.artout.ro\/lounge\/wp-content\/uploads\/2015\/01\/SNP-Afis-e-jpg.jpg 700w\" sizes=\"(max-width: 210px) 100vw, 210px\" \/><\/a><br \/>\nUniunea Artistilor Plastici din Rom\u00e2nia \u0219i Filiala Pictur\u0103 Bucure\u0219ti, au pl\u0103cerea de a v\u0103 invita s\u0103 vizita\u021bi Expozi\u021bia Premian\u021bilor Salonului Na\u021bional de Pictur\u0103, \u00een perioada 13-30 ianuarie 2015, la Galeria Centrul Artelor Vizuale, Str. Biserica Enei 16, Curator: Ionu\u021b Theodor Barbu<\/p>\n<p>Expun:<\/p>\n<p>Gheorghe ANGHEL Premiul de EXCELEN\u021a\u0102, Liviu NEDELCU Premiul pentru PICTUR\u0102 al UAP din Rom\u00e2nia, Lucian CIOAT\u0102 Premiul pentru PICTUR\u0102 al Filialei Pictur\u0103 Bucure\u0219tia UAP din Rom\u00e2nia, Maria BALEA Premiul pentru PICTUR\u0102 al Filialei Pictur\u0103 Bucure\u0219ti a UAP din Rom\u00e2nia, Ioan Augustin POP Premiul pentru PICTUR\u0102 al UAP din Rom\u00e2nia, Aurora KIR\u00c1LY Premiul pentru PICTUR\u0102 al Filialei Pictur\u0103 Bucure\u0219tia UAP din Rom\u00e2nia, Carmen-Mirela TR\u0102ISTARU Premiul pentru PICTUR\u0102 al Filialei Pictur\u0103 Bucure\u0219ti a UAP din Rom\u00e2nia, Drago\u0219 BOJIN Premiul pentru PICTUR\u0102 al UAP din Rom\u00e2nia, Constantin RUSU Premiul pentru PICTUR\u0102 al Filialei Pictur\u0103 Bucure\u0219ti a UAP din Rom\u00e2nia, Ecaterina VRANA Premiul pentru PICTUR\u0102 al Filialei Pictur\u0103 Bucure\u0219ti a UAP din Rom\u00e2nia, Florin CIUBOTARU Premiul pentru PICTO-OBIECT al UAP din Rom\u00e2nia, Ionu\u021b-Theodor BARBU Premiul pentru PICTO-OBIECT al Filialei Pictur\u0103 Bucure\u0219ti a UAP din Rom\u00e2nia <\/p>\n<p>Lansarea Catalogului Salonului Na\u021bional de Pictur\u0103 va avea loc \u00een data de 20 ianuarie 2015 ora 18.00, la Galeria Centrul Artelor Vizuale, Str. Biserica Enei 16.   <\/p>\n","protected":false},"excerpt":{"rendered":"<p>Uniunea Artistilor Plastici din Rom\u00e2nia \u0219i Filiala Pictur\u0103 Bucure\u0219ti, au pl\u0103cerea de a v\u0103 invita s\u0103 vizita\u021bi Expozi\u021bia Premian\u021bilor Salonului Na\u021bional de Pictur\u0103, \u00een perioada 13-30 ianuarie 2015, la Galeria Centrul Artelor Vizuale, Str. Biserica Enei 16, Curator: Ionu\u021b Theodor Barbu Expun: Gheorghe ANGHEL Premiul de EXCELEN\u021a\u0102, Liviu NEDELCU Premiul pentru PICTUR\u0102 al UAP din [&hellip;]<\/p>\n","protected":false},"author":1,"featured_media":0,"comment_status":"open","ping_status":"open","sticky":false,"template":"","format":"standard","meta":{"ocean_post_layout":"","ocean_both_sidebars_style":"","ocean_both_sidebars_content_width":0,"ocean_both_sidebars_sidebars_width":0,"ocean_sidebar":"","ocean_second_sidebar":"","ocean_disable_margins":"enable","ocean_add_body_class":"","ocean_shortcode_before_top_bar":"","ocean_shortcode_after_top_bar":"","ocean_shortcode_before_header":"","ocean_shortcode_after_header":"","ocean_has_shortcode":"","ocean_shortcode_after_title":"","ocean_shortcode_before_footer_widgets":"","ocean_shortcode_after_footer_widgets":"","ocean_shortcode_before_footer_bottom":"","ocean_shortcode_after_footer_bottom":"","ocean_display_top_bar":"default","ocean_display_header":"default","ocean_header_style":"","ocean_center_header_left_menu":"","ocean_custom_header_template":"","ocean_custom_logo":0,"ocean_custom_retina_logo":0,"ocean_custom_logo_max_width":0,"ocean_custom_logo_tablet_max_width":0,"ocean_custom_logo_mobile_max_width":0,"ocean_custom_logo_max_height":0,"ocean_custom_logo_tablet_max_height":0,"ocean_custom_logo_mobile_max_height":0,"ocean_header_custom_menu":"","ocean_menu_typo_font_family":"","ocean_menu_typo_font_subset":"","ocean_menu_typo_font_size":0,"ocean_menu_typo_font_size_tablet":0,"ocean_menu_typo_font_size_mobile":0,"ocean_menu_typo_font_size_unit":"px","ocean_menu_typo_font_weight":"","ocean_menu_typo_font_weight_tablet":"","ocean_menu_typo_font_weight_mobile":"","ocean_menu_typo_transform":"","ocean_menu_typo_transform_tablet":"","ocean_menu_typo_transform_mobile":"","ocean_menu_typo_line_height":0,"ocean_menu_typo_line_height_tablet":0,"ocean_menu_typo_line_height_mobile":0,"ocean_menu_typo_line_height_unit":"","ocean_menu_typo_spacing":0,"ocean_menu_typo_spacing_tablet":0,"ocean_menu_typo_spacing_mobile":0,"ocean_menu_typo_spacing_unit":"","ocean_menu_link_color":"","ocean_menu_link_color_hover":"","ocean_menu_link_color_active":"","ocean_menu_link_background":"","ocean_menu_link_hover_background":"","ocean_menu_link_active_background":"","ocean_menu_social_links_bg":"","ocean_menu_social_hover_links_bg":"","ocean_menu_social_links_color":"","ocean_menu_social_hover_links_color":"","ocean_disable_title":"default","ocean_disable_heading":"default","ocean_post_title":"","ocean_post_subheading":"","ocean_post_title_style":"","ocean_post_title_background_color":"","ocean_post_title_background":0,"ocean_post_title_bg_image_position":"","ocean_post_title_bg_image_attachment":"","ocean_post_title_bg_image_repeat":"","ocean_post_title_bg_image_size":"","ocean_post_title_height":0,"ocean_post_title_bg_overlay":0.5,"ocean_post_title_bg_overlay_color":"","ocean_disable_breadcrumbs":"default","ocean_breadcrumbs_color":"","ocean_breadcrumbs_separator_color":"","ocean_breadcrumbs_links_color":"","ocean_breadcrumbs_links_hover_color":"","ocean_display_footer_widgets":"default","ocean_display_footer_bottom":"default","ocean_custom_footer_template":"","ocean_post_oembed":"","ocean_post_self_hosted_media":"","ocean_post_video_embed":"","ocean_link_format":"","ocean_link_format_target":"self","ocean_quote_format":"","ocean_quote_format_link":"post","ocean_gallery_link_images":"on","ocean_gallery_id":[],"footnotes":""},"categories":[1],"tags":[],"class_list":["post-7015","post","type-post","status-publish","format-standard","hentry","category-articole-art-out","entry","owp-thumbs-layout-horizontal","owp-btn-normal","owp-tabs-layout-horizontal","has-no-thumbnails","has-product-nav"],"yoast_head":"<!-- This site is optimized with the Yoast SEO plugin v27.5 - https:\/\/yoast.com\/product\/yoast-seo-wordpress\/ -->\n<title>Invita\u0163ie Epozi\u0163ie: Premian\u0163ii Salonului Na\u0163ional de Pictur\u0103 \u015fi lansarea Catalogului<\/title>\n<meta name=\"robots\" content=\"index, follow, max-snippet:-1, max-image-preview:large, max-video-preview:-1\" \/>\n<link rel=\"canonical\" href=\"https:\/\/www.artout.ro\/lounge\/articole-art-out\/invitatie-epozitie-premiantii-salonului-national-de-pictura-si-lansarea-catalogului\/\" \/>\n<meta property=\"og:locale\" content=\"ro_RO\" \/>\n<meta property=\"og:type\" content=\"article\" \/>\n<meta property=\"og:title\" content=\"Invita\u0163ie Epozi\u0163ie: Premian\u0163ii Salonului Na\u0163ional de Pictur\u0103 \u015fi lansarea Catalogului\" \/>\n<meta property=\"og:description\" content=\"Uniunea Artistilor Plastici din Rom\u00e2nia \u0219i Filiala Pictur\u0103 Bucure\u0219ti, au pl\u0103cerea de a v\u0103 invita s\u0103 vizita\u021bi Expozi\u021bia Premian\u021bilor Salonului Na\u021bional de Pictur\u0103, \u00een perioada 13-30 ianuarie 2015, la Galeria Centrul Artelor Vizuale, Str. Biserica Enei 16, Curator: Ionu\u021b Theodor Barbu Expun: Gheorghe ANGHEL Premiul de EXCELEN\u021a\u0102, Liviu NEDELCU Premiul pentru PICTUR\u0102 al UAP din [&hellip;]\" \/>\n<meta property=\"og:url\" content=\"https:\/\/www.artout.ro\/lounge\/articole-art-out\/invitatie-epozitie-premiantii-salonului-national-de-pictura-si-lansarea-catalogului\/\" \/>\n<meta property=\"og:site_name\" content=\"Art Out Lounge\" \/>\n<meta property=\"article:published_time\" content=\"2015-01-27T16:37:23+00:00\" \/>\n<meta property=\"og:image\" content=\"http:\/\/artout.ro\/reviste\/blog\/wp-content\/uploads\/2015\/01\/SNP-Afis-e-jpg-210x300.jpg\" \/>\n<meta name=\"author\" content=\"adminart1\" \/>\n<meta name=\"twitter:card\" content=\"summary_large_image\" \/>\n<meta name=\"twitter:label1\" content=\"Scris de\" \/>\n\t<meta name=\"twitter:data1\" content=\"adminart1\" \/>\n\t<meta name=\"twitter:label2\" content=\"Timp estimat pentru citire\" \/>\n\t<meta name=\"twitter:data2\" content=\"1 minut\" \/>\n<script type=\"application\/ld+json\" class=\"yoast-schema-graph\">{\"@context\":\"https:\\\/\\\/schema.org\",\"@graph\":[{\"@type\":\"Article\",\"@id\":\"https:\\\/\\\/www.artout.ro\\\/lounge\\\/articole-art-out\\\/invitatie-epozitie-premiantii-salonului-national-de-pictura-si-lansarea-catalogului\\\/#article\",\"isPartOf\":{\"@id\":\"https:\\\/\\\/www.artout.ro\\\/lounge\\\/articole-art-out\\\/invitatie-epozitie-premiantii-salonului-national-de-pictura-si-lansarea-catalogului\\\/\"},\"author\":{\"name\":\"adminart1\",\"@id\":\"https:\\\/\\\/www.artout.ro\\\/lounge\\\/#\\\/schema\\\/person\\\/694ebdf3dcd6a599566a6c01d745d1f8\"},\"headline\":\"Invita\u0163ie Epozi\u0163ie: Premian\u0163ii Salonului Na\u0163ional de Pictur\u0103 \u015fi lansarea Catalogului\",\"datePublished\":\"2015-01-27T16:37:23+00:00\",\"mainEntityOfPage\":{\"@id\":\"https:\\\/\\\/www.artout.ro\\\/lounge\\\/articole-art-out\\\/invitatie-epozitie-premiantii-salonului-national-de-pictura-si-lansarea-catalogului\\\/\"},\"wordCount\":236,\"commentCount\":0,\"publisher\":{\"@id\":\"https:\\\/\\\/www.artout.ro\\\/lounge\\\/#organization\"},\"image\":{\"@id\":\"https:\\\/\\\/www.artout.ro\\\/lounge\\\/articole-art-out\\\/invitatie-epozitie-premiantii-salonului-national-de-pictura-si-lansarea-catalogului\\\/#primaryimage\"},\"thumbnailUrl\":\"http:\\\/\\\/artout.ro\\\/reviste\\\/blog\\\/wp-content\\\/uploads\\\/2015\\\/01\\\/SNP-Afis-e-jpg-210x300.jpg\",\"articleSection\":[\"General\"],\"inLanguage\":\"ro-RO\",\"potentialAction\":[{\"@type\":\"CommentAction\",\"name\":\"Comment\",\"target\":[\"https:\\\/\\\/www.artout.ro\\\/lounge\\\/articole-art-out\\\/invitatie-epozitie-premiantii-salonului-national-de-pictura-si-lansarea-catalogului\\\/#respond\"]}]},{\"@type\":\"WebPage\",\"@id\":\"https:\\\/\\\/www.artout.ro\\\/lounge\\\/articole-art-out\\\/invitatie-epozitie-premiantii-salonului-national-de-pictura-si-lansarea-catalogului\\\/\",\"url\":\"https:\\\/\\\/www.artout.ro\\\/lounge\\\/articole-art-out\\\/invitatie-epozitie-premiantii-salonului-national-de-pictura-si-lansarea-catalogului\\\/\",\"name\":\"Invita\u0163ie Epozi\u0163ie: Premian\u0163ii Salonului Na\u0163ional de Pictur\u0103 \u015fi lansarea Catalogului\",\"isPartOf\":{\"@id\":\"https:\\\/\\\/www.artout.ro\\\/lounge\\\/#website\"},\"primaryImageOfPage\":{\"@id\":\"https:\\\/\\\/www.artout.ro\\\/lounge\\\/articole-art-out\\\/invitatie-epozitie-premiantii-salonului-national-de-pictura-si-lansarea-catalogului\\\/#primaryimage\"},\"image\":{\"@id\":\"https:\\\/\\\/www.artout.ro\\\/lounge\\\/articole-art-out\\\/invitatie-epozitie-premiantii-salonului-national-de-pictura-si-lansarea-catalogului\\\/#primaryimage\"},\"thumbnailUrl\":\"http:\\\/\\\/artout.ro\\\/reviste\\\/blog\\\/wp-content\\\/uploads\\\/2015\\\/01\\\/SNP-Afis-e-jpg-210x300.jpg\",\"datePublished\":\"2015-01-27T16:37:23+00:00\",\"breadcrumb\":{\"@id\":\"https:\\\/\\\/www.artout.ro\\\/lounge\\\/articole-art-out\\\/invitatie-epozitie-premiantii-salonului-national-de-pictura-si-lansarea-catalogului\\\/#breadcrumb\"},\"inLanguage\":\"ro-RO\",\"potentialAction\":[{\"@type\":\"ReadAction\",\"target\":[\"https:\\\/\\\/www.artout.ro\\\/lounge\\\/articole-art-out\\\/invitatie-epozitie-premiantii-salonului-national-de-pictura-si-lansarea-catalogului\\\/\"]}]},{\"@type\":\"ImageObject\",\"inLanguage\":\"ro-RO\",\"@id\":\"https:\\\/\\\/www.artout.ro\\\/lounge\\\/articole-art-out\\\/invitatie-epozitie-premiantii-salonului-national-de-pictura-si-lansarea-catalogului\\\/#primaryimage\",\"url\":\"http:\\\/\\\/artout.ro\\\/reviste\\\/blog\\\/wp-content\\\/uploads\\\/2015\\\/01\\\/SNP-Afis-e-jpg-210x300.jpg\",\"contentUrl\":\"http:\\\/\\\/artout.ro\\\/reviste\\\/blog\\\/wp-content\\\/uploads\\\/2015\\\/01\\\/SNP-Afis-e-jpg-210x300.jpg\"},{\"@type\":\"BreadcrumbList\",\"@id\":\"https:\\\/\\\/www.artout.ro\\\/lounge\\\/articole-art-out\\\/invitatie-epozitie-premiantii-salonului-national-de-pictura-si-lansarea-catalogului\\\/#breadcrumb\",\"itemListElement\":[{\"@type\":\"ListItem\",\"position\":1,\"name\":\"Prima pagin\u0103\",\"item\":\"https:\\\/\\\/www.artout.ro\\\/lounge\\\/\"},{\"@type\":\"ListItem\",\"position\":2,\"name\":\"Invita\u0163ie Epozi\u0163ie: Premian\u0163ii Salonului Na\u0163ional de Pictur\u0103 \u015fi lansarea Catalogului\"}]},{\"@type\":\"WebSite\",\"@id\":\"https:\\\/\\\/www.artout.ro\\\/lounge\\\/#website\",\"url\":\"https:\\\/\\\/www.artout.ro\\\/lounge\\\/\",\"name\":\"Art Out Lounge\",\"description\":\"Revista, Arta, Arhitectura, Patrimoniu, Restaurare\",\"publisher\":{\"@id\":\"https:\\\/\\\/www.artout.ro\\\/lounge\\\/#organization\"},\"potentialAction\":[{\"@type\":\"SearchAction\",\"target\":{\"@type\":\"EntryPoint\",\"urlTemplate\":\"https:\\\/\\\/www.artout.ro\\\/lounge\\\/?s={search_term_string}\"},\"query-input\":{\"@type\":\"PropertyValueSpecification\",\"valueRequired\":true,\"valueName\":\"search_term_string\"}}],\"inLanguage\":\"ro-RO\"},{\"@type\":\"Organization\",\"@id\":\"https:\\\/\\\/www.artout.ro\\\/lounge\\\/#organization\",\"name\":\"Art Out Lounge\",\"url\":\"https:\\\/\\\/www.artout.ro\\\/lounge\\\/\",\"logo\":{\"@type\":\"ImageObject\",\"inLanguage\":\"ro-RO\",\"@id\":\"https:\\\/\\\/www.artout.ro\\\/lounge\\\/#\\\/schema\\\/logo\\\/image\\\/\",\"url\":\"https:\\\/\\\/www.artout.ro\\\/lounge\\\/wp-content\\\/uploads\\\/2021\\\/10\\\/cropped-ART-OUT-LOGO-slogan-vectorial.png\",\"contentUrl\":\"https:\\\/\\\/www.artout.ro\\\/lounge\\\/wp-content\\\/uploads\\\/2021\\\/10\\\/cropped-ART-OUT-LOGO-slogan-vectorial.png\",\"width\":1802,\"height\":854,\"caption\":\"Art Out Lounge\"},\"image\":{\"@id\":\"https:\\\/\\\/www.artout.ro\\\/lounge\\\/#\\\/schema\\\/logo\\\/image\\\/\"}},{\"@type\":\"Person\",\"@id\":\"https:\\\/\\\/www.artout.ro\\\/lounge\\\/#\\\/schema\\\/person\\\/694ebdf3dcd6a599566a6c01d745d1f8\",\"name\":\"adminart1\",\"image\":{\"@type\":\"ImageObject\",\"inLanguage\":\"ro-RO\",\"@id\":\"https:\\\/\\\/secure.gravatar.com\\\/avatar\\\/bad556cca06d8b6aecc6e4cb9c7d1587290a15c36b7c88aecf54a4e919aec5a8?s=96&d=mm&r=g\",\"url\":\"https:\\\/\\\/secure.gravatar.com\\\/avatar\\\/bad556cca06d8b6aecc6e4cb9c7d1587290a15c36b7c88aecf54a4e919aec5a8?s=96&d=mm&r=g\",\"contentUrl\":\"https:\\\/\\\/secure.gravatar.com\\\/avatar\\\/bad556cca06d8b6aecc6e4cb9c7d1587290a15c36b7c88aecf54a4e919aec5a8?s=96&d=mm&r=g\",\"caption\":\"adminart1\"},\"sameAs\":[\"https:\\\/\\\/artout.ro\"]}]}<\/script>\n<!-- \/ Yoast SEO plugin. -->","yoast_head_json":{"title":"Invita\u0163ie Epozi\u0163ie: Premian\u0163ii Salonului Na\u0163ional de Pictur\u0103 \u015fi lansarea Catalogului","robots":{"index":"index","follow":"follow","max-snippet":"max-snippet:-1","max-image-preview":"max-image-preview:large","max-video-preview":"max-video-preview:-1"},"canonical":"https:\/\/www.artout.ro\/lounge\/articole-art-out\/invitatie-epozitie-premiantii-salonului-national-de-pictura-si-lansarea-catalogului\/","og_locale":"ro_RO","og_type":"article","og_title":"Invita\u0163ie Epozi\u0163ie: Premian\u0163ii Salonului Na\u0163ional de Pictur\u0103 \u015fi lansarea Catalogului","og_description":"Uniunea Artistilor Plastici din Rom\u00e2nia \u0219i Filiala Pictur\u0103 Bucure\u0219ti, au pl\u0103cerea de a v\u0103 invita s\u0103 vizita\u021bi Expozi\u021bia Premian\u021bilor Salonului Na\u021bional de Pictur\u0103, \u00een perioada 13-30 ianuarie 2015, la Galeria Centrul Artelor Vizuale, Str. Biserica Enei 16, Curator: Ionu\u021b Theodor Barbu Expun: Gheorghe ANGHEL Premiul de EXCELEN\u021a\u0102, Liviu NEDELCU Premiul pentru PICTUR\u0102 al UAP din [&hellip;]","og_url":"https:\/\/www.artout.ro\/lounge\/articole-art-out\/invitatie-epozitie-premiantii-salonului-national-de-pictura-si-lansarea-catalogului\/","og_site_name":"Art Out Lounge","article_published_time":"2015-01-27T16:37:23+00:00","og_image":[{"url":"http:\/\/artout.ro\/reviste\/blog\/wp-content\/uploads\/2015\/01\/SNP-Afis-e-jpg-210x300.jpg","type":"","width":"","height":""}],"author":"adminart1","twitter_card":"summary_large_image","twitter_misc":{"Scris de":"adminart1","Timp estimat pentru citire":"1 minut"},"schema":{"@context":"https:\/\/schema.org","@graph":[{"@type":"Article","@id":"https:\/\/www.artout.ro\/lounge\/articole-art-out\/invitatie-epozitie-premiantii-salonului-national-de-pictura-si-lansarea-catalogului\/#article","isPartOf":{"@id":"https:\/\/www.artout.ro\/lounge\/articole-art-out\/invitatie-epozitie-premiantii-salonului-national-de-pictura-si-lansarea-catalogului\/"},"author":{"name":"adminart1","@id":"https:\/\/www.artout.ro\/lounge\/#\/schema\/person\/694ebdf3dcd6a599566a6c01d745d1f8"},"headline":"Invita\u0163ie Epozi\u0163ie: Premian\u0163ii Salonului Na\u0163ional de Pictur\u0103 \u015fi lansarea Catalogului","datePublished":"2015-01-27T16:37:23+00:00","mainEntityOfPage":{"@id":"https:\/\/www.artout.ro\/lounge\/articole-art-out\/invitatie-epozitie-premiantii-salonului-national-de-pictura-si-lansarea-catalogului\/"},"wordCount":236,"commentCount":0,"publisher":{"@id":"https:\/\/www.artout.ro\/lounge\/#organization"},"image":{"@id":"https:\/\/www.artout.ro\/lounge\/articole-art-out\/invitatie-epozitie-premiantii-salonului-national-de-pictura-si-lansarea-catalogului\/#primaryimage"},"thumbnailUrl":"http:\/\/artout.ro\/reviste\/blog\/wp-content\/uploads\/2015\/01\/SNP-Afis-e-jpg-210x300.jpg","articleSection":["General"],"inLanguage":"ro-RO","potentialAction":[{"@type":"CommentAction","name":"Comment","target":["https:\/\/www.artout.ro\/lounge\/articole-art-out\/invitatie-epozitie-premiantii-salonului-national-de-pictura-si-lansarea-catalogului\/#respond"]}]},{"@type":"WebPage","@id":"https:\/\/www.artout.ro\/lounge\/articole-art-out\/invitatie-epozitie-premiantii-salonului-national-de-pictura-si-lansarea-catalogului\/","url":"https:\/\/www.artout.ro\/lounge\/articole-art-out\/invitatie-epozitie-premiantii-salonului-national-de-pictura-si-lansarea-catalogului\/","name":"Invita\u0163ie Epozi\u0163ie: Premian\u0163ii Salonului Na\u0163ional de Pictur\u0103 \u015fi lansarea Catalogului","isPartOf":{"@id":"https:\/\/www.artout.ro\/lounge\/#website"},"primaryImageOfPage":{"@id":"https:\/\/www.artout.ro\/lounge\/articole-art-out\/invitatie-epozitie-premiantii-salonului-national-de-pictura-si-lansarea-catalogului\/#primaryimage"},"image":{"@id":"https:\/\/www.artout.ro\/lounge\/articole-art-out\/invitatie-epozitie-premiantii-salonului-national-de-pictura-si-lansarea-catalogului\/#primaryimage"},"thumbnailUrl":"http:\/\/artout.ro\/reviste\/blog\/wp-content\/uploads\/2015\/01\/SNP-Afis-e-jpg-210x300.jpg","datePublished":"2015-01-27T16:37:23+00:00","breadcrumb":{"@id":"https:\/\/www.artout.ro\/lounge\/articole-art-out\/invitatie-epozitie-premiantii-salonului-national-de-pictura-si-lansarea-catalogului\/#breadcrumb"},"inLanguage":"ro-RO","potentialAction":[{"@type":"ReadAction","target":["https:\/\/www.artout.ro\/lounge\/articole-art-out\/invitatie-epozitie-premiantii-salonului-national-de-pictura-si-lansarea-catalogului\/"]}]},{"@type":"ImageObject","inLanguage":"ro-RO","@id":"https:\/\/www.artout.ro\/lounge\/articole-art-out\/invitatie-epozitie-premiantii-salonului-national-de-pictura-si-lansarea-catalogului\/#primaryimage","url":"http:\/\/artout.ro\/reviste\/blog\/wp-content\/uploads\/2015\/01\/SNP-Afis-e-jpg-210x300.jpg","contentUrl":"http:\/\/artout.ro\/reviste\/blog\/wp-content\/uploads\/2015\/01\/SNP-Afis-e-jpg-210x300.jpg"},{"@type":"BreadcrumbList","@id":"https:\/\/www.artout.ro\/lounge\/articole-art-out\/invitatie-epozitie-premiantii-salonului-national-de-pictura-si-lansarea-catalogului\/#breadcrumb","itemListElement":[{"@type":"ListItem","position":1,"name":"Prima pagin\u0103","item":"https:\/\/www.artout.ro\/lounge\/"},{"@type":"ListItem","position":2,"name":"Invita\u0163ie Epozi\u0163ie: Premian\u0163ii Salonului Na\u0163ional de Pictur\u0103 \u015fi lansarea Catalogului"}]},{"@type":"WebSite","@id":"https:\/\/www.artout.ro\/lounge\/#website","url":"https:\/\/www.artout.ro\/lounge\/","name":"Art Out Lounge","description":"Revista, Arta, Arhitectura, Patrimoniu, Restaurare","publisher":{"@id":"https:\/\/www.artout.ro\/lounge\/#organization"},"potentialAction":[{"@type":"SearchAction","target":{"@type":"EntryPoint","urlTemplate":"https:\/\/www.artout.ro\/lounge\/?s={search_term_string}"},"query-input":{"@type":"PropertyValueSpecification","valueRequired":true,"valueName":"search_term_string"}}],"inLanguage":"ro-RO"},{"@type":"Organization","@id":"https:\/\/www.artout.ro\/lounge\/#organization","name":"Art Out Lounge","url":"https:\/\/www.artout.ro\/lounge\/","logo":{"@type":"ImageObject","inLanguage":"ro-RO","@id":"https:\/\/www.artout.ro\/lounge\/#\/schema\/logo\/image\/","url":"https:\/\/www.artout.ro\/lounge\/wp-content\/uploads\/2021\/10\/cropped-ART-OUT-LOGO-slogan-vectorial.png","contentUrl":"https:\/\/www.artout.ro\/lounge\/wp-content\/uploads\/2021\/10\/cropped-ART-OUT-LOGO-slogan-vectorial.png","width":1802,"height":854,"caption":"Art Out Lounge"},"image":{"@id":"https:\/\/www.artout.ro\/lounge\/#\/schema\/logo\/image\/"}},{"@type":"Person","@id":"https:\/\/www.artout.ro\/lounge\/#\/schema\/person\/694ebdf3dcd6a599566a6c01d745d1f8","name":"adminart1","image":{"@type":"ImageObject","inLanguage":"ro-RO","@id":"https:\/\/secure.gravatar.com\/avatar\/bad556cca06d8b6aecc6e4cb9c7d1587290a15c36b7c88aecf54a4e919aec5a8?s=96&d=mm&r=g","url":"https:\/\/secure.gravatar.com\/avatar\/bad556cca06d8b6aecc6e4cb9c7d1587290a15c36b7c88aecf54a4e919aec5a8?s=96&d=mm&r=g","contentUrl":"https:\/\/secure.gravatar.com\/avatar\/bad556cca06d8b6aecc6e4cb9c7d1587290a15c36b7c88aecf54a4e919aec5a8?s=96&d=mm&r=g","caption":"adminart1"},"sameAs":["https:\/\/artout.ro"]}]}},"_links":{"self":[{"href":"https:\/\/www.artout.ro\/lounge\/wp-json\/wp\/v2\/posts\/7015","targetHints":{"allow":["GET"]}}],"collection":[{"href":"https:\/\/www.artout.ro\/lounge\/wp-json\/wp\/v2\/posts"}],"about":[{"href":"https:\/\/www.artout.ro\/lounge\/wp-json\/wp\/v2\/types\/post"}],"author":[{"embeddable":true,"href":"https:\/\/www.artout.ro\/lounge\/wp-json\/wp\/v2\/users\/1"}],"replies":[{"embeddable":true,"href":"https:\/\/www.artout.ro\/lounge\/wp-json\/wp\/v2\/comments?post=7015"}],"version-history":[{"count":1,"href":"https:\/\/www.artout.ro\/lounge\/wp-json\/wp\/v2\/posts\/7015\/revisions"}],"predecessor-version":[{"id":7017,"href":"https:\/\/www.artout.ro\/lounge\/wp-json\/wp\/v2\/posts\/7015\/revisions\/7017"}],"wp:attachment":[{"href":"https:\/\/www.artout.ro\/lounge\/wp-json\/wp\/v2\/media?parent=7015"}],"wp:term":[{"taxonomy":"category","embeddable":true,"href":"https:\/\/www.artout.ro\/lounge\/wp-json\/wp\/v2\/categories?post=7015"},{"taxonomy":"post_tag","embeddable":true,"href":"https:\/\/www.artout.ro\/lounge\/wp-json\/wp\/v2\/tags?post=7015"}],"curies":[{"name":"wp","href":"https:\/\/api.w.org\/{rel}","templated":true}]}}