{"id":9010,"date":"2015-10-14T19:47:01","date_gmt":"2015-10-14T19:47:01","guid":{"rendered":"http:\/\/artout.ro\/reviste\/blog\/?p=9010"},"modified":"2015-10-14T19:47:01","modified_gmt":"2015-10-14T19:47:01","slug":"programul-concertului-john-abercrombie-quartet-de-la-sala-radio","status":"publish","type":"post","link":"https:\/\/www.artout.ro\/lounge\/articole-art-out\/programul-concertului-john-abercrombie-quartet-de-la-sala-radio\/","title":{"rendered":"Programul concertului JOHN ABERCROMBIE Quartet, de la Sala Radio"},"content":{"rendered":"<p>Mai sunt doar c\u00e2teva zile p\u00e2n\u0103 la concertul pe care legendarul jazzman <strong>JOHN ABERCROMBIE<\/strong> \u00eel va sus\u021bine la Sala Radio, din Bucure\u0219ti.<\/p>\n<p>Evenimentul va avea loc s\u00e2mb\u0103t\u0103, 17 octombrie, de la ora <strong>20.00<\/strong>, urm\u00e2nd ca accesul spectatorilor \u00een sal\u0103 s\u0103 se fac\u0103 \u00eencep\u00e2nd cu ora <strong>19.00<\/strong>.<\/p>\n<p>\u00cen acest moment, mai exist\u0103 un num\u0103r limitat de bilete, care se pot achizi\u021biona din <strong>Re\u021belele Eventim.ro \u0219i Iabilet.ro.<\/strong><\/p>\n<p><strong>\u00a0<\/strong><strong>\u00a0 \u00a0 \u00a0 \u00a0 \u00a0 \u00a0 Biletele se vor putea cump\u0103ra \u0219i de la intrare, la acela\u0219i pre\u021b.<\/strong><\/p>\n<p><strong>\u00a0<\/strong><strong>\u00a0 \u00a0 \u00a0 \u00a0 \u00a0 \u00a0 JOHN ABERCROMBIE<\/strong> revine \u00een Rom\u00e2nia la \u0219ase ani dup\u0103 ce a concertat pe scena celebrului <strong>Festival de Jazz de la G\u0103r\u00e2na<\/strong>.\u00a0 Al\u0103turi de <strong>ABERCROMBIE<\/strong>, pe scena S\u0103lii Radio vor mai urca <strong>Marc Copland<\/strong> (pian), <strong>Drew Gress<\/strong> (bass) \u0219i <strong>Joey Baron<\/strong> (baterie).<\/p>\n<p>Cu o carier\u0103 de peste 40 de ani \u0219i aproape 50 de albume, <strong>JOHN ABERCROMBIE<\/strong> s-a impus ca unul dintre marii mae\u0219trii jazz. Favoriz\u00e2nd sunete neconven\u021bionale ( cum ar fi, spre exemplu, mandolina electronic\u0103) \u0219i ansambluri netradi\u021bionale, <strong>ABERCROMBIE<\/strong> este un mare experimentator, reu\u0219ind s\u0103 uimeasc\u0103 \u0219i s\u0103 inoveze de fiecare dat\u0103.<\/p>\n<p>V\u0103 reamintim c\u0103 <strong>Jazz Syndicate Live Sessions <\/strong>vine \u00een \u00eent\u00e2mpinarea publicului \u0219i ofer\u0103 bilete &#8211; abonament la trei dintre cele mai spectaculoase concerte de jazz din aceast\u0103 toamn\u0103, de la Sala Radio.<\/p>\n<p>Astfel, \u00een Re\u021beaua Eventim, au fost puse \u00een v\u00e2nzare abonamente pentru concertele <strong>John Abercrombie<\/strong>, din data de 17 octombrie, <strong>Charlie Parker &amp; Dizzy Gillespie Tribute<\/strong>, din data de 15 noiembrie \u0219i <strong>Marc Cary<\/strong>, din 22 noiembrie.<\/p>\n<p>Abonamentele pot fi cump\u0103rate la pre\u021buri \u00eencep\u00e2nd cu <strong>190 de lei<\/strong> \u0219i permit accesul la toate cele trei concerte.<\/p>\n<p>&nbsp;<\/p>\n<p>Abonamentele pot fi achizi\u021bionate acces\u00e2nd urm\u0103torul link:<\/p>\n<p><a href=\"http:\/\/www.eventim.ro\/ro\/bilete\/jazz-syndicate-live-sessions-bucuresti-sala-radio-409832\/event.html\">http:\/\/www.eventim.ro\/ro\/bilete\/jazz-syndicate-live-sessions-bucuresti-sala-radio-409832\/event.html<\/a><\/p>\n<p><strong>Video:<\/strong><\/p>\n<p><a href=\"https:\/\/www.youtube.com\/watch?v=9E9eA-RmY4k\">https:\/\/www.youtube.com\/watch?v=9E9eA-RmY4k<\/a><\/p>\n<p><strong>Facebook Event:<\/strong><\/p>\n<p><a href=\"https:\/\/www.facebook.com\/events\/1628427434080572\">https:\/\/www.facebook.com\/events\/1628427434080572<\/a><\/p>\n<p>Un eveniment organizat de <strong>Jazz Syndicate Live Sessions <\/strong>\u0219i recomandat de <strong>MAGIC FM<\/strong><\/p>\n<p>&nbsp;<\/p>\n<p>&nbsp;<\/p>\n<p>&nbsp;<\/p>\n","protected":false},"excerpt":{"rendered":"<p>Mai sunt doar c\u00e2teva zile p\u00e2n\u0103 la concertul pe care legendarul jazzman JOHN ABERCROMBIE \u00eel va sus\u021bine la Sala Radio, din Bucure\u0219ti. Evenimentul va avea loc s\u00e2mb\u0103t\u0103, 17 octombrie, de la ora 20.00, urm\u00e2nd ca accesul spectatorilor \u00een sal\u0103 s\u0103 se fac\u0103 \u00eencep\u00e2nd cu ora 19.00. \u00cen acest moment, mai exist\u0103 un num\u0103r limitat de [&hellip;]<\/p>\n","protected":false},"author":4,"featured_media":0,"comment_status":"open","ping_status":"open","sticky":false,"template":"","format":"standard","meta":{"ocean_post_layout":"","ocean_both_sidebars_style":"","ocean_both_sidebars_content_width":0,"ocean_both_sidebars_sidebars_width":0,"ocean_sidebar":"","ocean_second_sidebar":"","ocean_disable_margins":"enable","ocean_add_body_class":"","ocean_shortcode_before_top_bar":"","ocean_shortcode_after_top_bar":"","ocean_shortcode_before_header":"","ocean_shortcode_after_header":"","ocean_has_shortcode":"","ocean_shortcode_after_title":"","ocean_shortcode_before_footer_widgets":"","ocean_shortcode_after_footer_widgets":"","ocean_shortcode_before_footer_bottom":"","ocean_shortcode_after_footer_bottom":"","ocean_display_top_bar":"default","ocean_display_header":"default","ocean_header_style":"","ocean_center_header_left_menu":"","ocean_custom_header_template":"","ocean_custom_logo":0,"ocean_custom_retina_logo":0,"ocean_custom_logo_max_width":0,"ocean_custom_logo_tablet_max_width":0,"ocean_custom_logo_mobile_max_width":0,"ocean_custom_logo_max_height":0,"ocean_custom_logo_tablet_max_height":0,"ocean_custom_logo_mobile_max_height":0,"ocean_header_custom_menu":"","ocean_menu_typo_font_family":"","ocean_menu_typo_font_subset":"","ocean_menu_typo_font_size":0,"ocean_menu_typo_font_size_tablet":0,"ocean_menu_typo_font_size_mobile":0,"ocean_menu_typo_font_size_unit":"px","ocean_menu_typo_font_weight":"","ocean_menu_typo_font_weight_tablet":"","ocean_menu_typo_font_weight_mobile":"","ocean_menu_typo_transform":"","ocean_menu_typo_transform_tablet":"","ocean_menu_typo_transform_mobile":"","ocean_menu_typo_line_height":0,"ocean_menu_typo_line_height_tablet":0,"ocean_menu_typo_line_height_mobile":0,"ocean_menu_typo_line_height_unit":"","ocean_menu_typo_spacing":0,"ocean_menu_typo_spacing_tablet":0,"ocean_menu_typo_spacing_mobile":0,"ocean_menu_typo_spacing_unit":"","ocean_menu_link_color":"","ocean_menu_link_color_hover":"","ocean_menu_link_color_active":"","ocean_menu_link_background":"","ocean_menu_link_hover_background":"","ocean_menu_link_active_background":"","ocean_menu_social_links_bg":"","ocean_menu_social_hover_links_bg":"","ocean_menu_social_links_color":"","ocean_menu_social_hover_links_color":"","ocean_disable_title":"default","ocean_disable_heading":"default","ocean_post_title":"","ocean_post_subheading":"","ocean_post_title_style":"","ocean_post_title_background_color":"","ocean_post_title_background":0,"ocean_post_title_bg_image_position":"","ocean_post_title_bg_image_attachment":"","ocean_post_title_bg_image_repeat":"","ocean_post_title_bg_image_size":"","ocean_post_title_height":0,"ocean_post_title_bg_overlay":0.5,"ocean_post_title_bg_overlay_color":"","ocean_disable_breadcrumbs":"default","ocean_breadcrumbs_color":"","ocean_breadcrumbs_separator_color":"","ocean_breadcrumbs_links_color":"","ocean_breadcrumbs_links_hover_color":"","ocean_display_footer_widgets":"default","ocean_display_footer_bottom":"default","ocean_custom_footer_template":"","ocean_post_oembed":"","ocean_post_self_hosted_media":"","ocean_post_video_embed":"","ocean_link_format":"","ocean_link_format_target":"self","ocean_quote_format":"","ocean_quote_format_link":"post","ocean_gallery_link_images":"on","ocean_gallery_id":[],"footnotes":""},"categories":[1],"tags":[],"class_list":["post-9010","post","type-post","status-publish","format-standard","hentry","category-articole-art-out","entry","owp-thumbs-layout-horizontal","owp-btn-normal","owp-tabs-layout-horizontal","has-no-thumbnails","has-product-nav"],"yoast_head":"<!-- This site is optimized with the Yoast SEO plugin v27.5 - https:\/\/yoast.com\/product\/yoast-seo-wordpress\/ -->\n<title>Programul concertului JOHN ABERCROMBIE Quartet, de la Sala Radio - Art Out Lounge<\/title>\n<meta name=\"robots\" content=\"index, follow, max-snippet:-1, max-image-preview:large, max-video-preview:-1\" \/>\n<link rel=\"canonical\" href=\"https:\/\/www.artout.ro\/lounge\/articole-art-out\/programul-concertului-john-abercrombie-quartet-de-la-sala-radio\/\" \/>\n<meta property=\"og:locale\" content=\"ro_RO\" \/>\n<meta property=\"og:type\" content=\"article\" \/>\n<meta property=\"og:title\" content=\"Programul concertului JOHN ABERCROMBIE Quartet, de la Sala Radio - Art Out Lounge\" \/>\n<meta property=\"og:description\" content=\"Mai sunt doar c\u00e2teva zile p\u00e2n\u0103 la concertul pe care legendarul jazzman JOHN ABERCROMBIE \u00eel va sus\u021bine la Sala Radio, din Bucure\u0219ti. Evenimentul va avea loc s\u00e2mb\u0103t\u0103, 17 octombrie, de la ora 20.00, urm\u00e2nd ca accesul spectatorilor \u00een sal\u0103 s\u0103 se fac\u0103 \u00eencep\u00e2nd cu ora 19.00. \u00cen acest moment, mai exist\u0103 un num\u0103r limitat de [&hellip;]\" \/>\n<meta property=\"og:url\" content=\"https:\/\/www.artout.ro\/lounge\/articole-art-out\/programul-concertului-john-abercrombie-quartet-de-la-sala-radio\/\" \/>\n<meta property=\"og:site_name\" content=\"Art Out Lounge\" \/>\n<meta property=\"article:published_time\" content=\"2015-10-14T19:47:01+00:00\" \/>\n<meta name=\"twitter:card\" content=\"summary_large_image\" \/>\n<meta name=\"twitter:label1\" content=\"Scris de\" \/>\n\t<meta name=\"twitter:data1\" content=\"\" \/>\n\t<meta name=\"twitter:label2\" content=\"Timp estimat pentru citire\" \/>\n\t<meta name=\"twitter:data2\" content=\"2 minute\" \/>\n<script type=\"application\/ld+json\" class=\"yoast-schema-graph\">{\"@context\":\"https:\\\/\\\/schema.org\",\"@graph\":[{\"@type\":\"Article\",\"@id\":\"https:\\\/\\\/www.artout.ro\\\/lounge\\\/articole-art-out\\\/programul-concertului-john-abercrombie-quartet-de-la-sala-radio\\\/#article\",\"isPartOf\":{\"@id\":\"https:\\\/\\\/www.artout.ro\\\/lounge\\\/articole-art-out\\\/programul-concertului-john-abercrombie-quartet-de-la-sala-radio\\\/\"},\"author\":{\"name\":\"\",\"@id\":\"\"},\"headline\":\"Programul concertului JOHN ABERCROMBIE Quartet, de la Sala Radio\",\"datePublished\":\"2015-10-14T19:47:01+00:00\",\"mainEntityOfPage\":{\"@id\":\"https:\\\/\\\/www.artout.ro\\\/lounge\\\/articole-art-out\\\/programul-concertului-john-abercrombie-quartet-de-la-sala-radio\\\/\"},\"wordCount\":339,\"commentCount\":0,\"publisher\":{\"@id\":\"https:\\\/\\\/www.artout.ro\\\/lounge\\\/#organization\"},\"articleSection\":[\"General\"],\"inLanguage\":\"ro-RO\",\"potentialAction\":[{\"@type\":\"CommentAction\",\"name\":\"Comment\",\"target\":[\"https:\\\/\\\/www.artout.ro\\\/lounge\\\/articole-art-out\\\/programul-concertului-john-abercrombie-quartet-de-la-sala-radio\\\/#respond\"]}]},{\"@type\":\"WebPage\",\"@id\":\"https:\\\/\\\/www.artout.ro\\\/lounge\\\/articole-art-out\\\/programul-concertului-john-abercrombie-quartet-de-la-sala-radio\\\/\",\"url\":\"https:\\\/\\\/www.artout.ro\\\/lounge\\\/articole-art-out\\\/programul-concertului-john-abercrombie-quartet-de-la-sala-radio\\\/\",\"name\":\"Programul concertului JOHN ABERCROMBIE Quartet, de la Sala Radio - Art Out Lounge\",\"isPartOf\":{\"@id\":\"https:\\\/\\\/www.artout.ro\\\/lounge\\\/#website\"},\"datePublished\":\"2015-10-14T19:47:01+00:00\",\"breadcrumb\":{\"@id\":\"https:\\\/\\\/www.artout.ro\\\/lounge\\\/articole-art-out\\\/programul-concertului-john-abercrombie-quartet-de-la-sala-radio\\\/#breadcrumb\"},\"inLanguage\":\"ro-RO\",\"potentialAction\":[{\"@type\":\"ReadAction\",\"target\":[\"https:\\\/\\\/www.artout.ro\\\/lounge\\\/articole-art-out\\\/programul-concertului-john-abercrombie-quartet-de-la-sala-radio\\\/\"]}]},{\"@type\":\"BreadcrumbList\",\"@id\":\"https:\\\/\\\/www.artout.ro\\\/lounge\\\/articole-art-out\\\/programul-concertului-john-abercrombie-quartet-de-la-sala-radio\\\/#breadcrumb\",\"itemListElement\":[{\"@type\":\"ListItem\",\"position\":1,\"name\":\"Prima pagin\u0103\",\"item\":\"https:\\\/\\\/www.artout.ro\\\/lounge\\\/\"},{\"@type\":\"ListItem\",\"position\":2,\"name\":\"Programul concertului JOHN ABERCROMBIE Quartet, de la Sala Radio\"}]},{\"@type\":\"WebSite\",\"@id\":\"https:\\\/\\\/www.artout.ro\\\/lounge\\\/#website\",\"url\":\"https:\\\/\\\/www.artout.ro\\\/lounge\\\/\",\"name\":\"Art Out Lounge\",\"description\":\"Revista, Arta, Arhitectura, Patrimoniu, Restaurare\",\"publisher\":{\"@id\":\"https:\\\/\\\/www.artout.ro\\\/lounge\\\/#organization\"},\"potentialAction\":[{\"@type\":\"SearchAction\",\"target\":{\"@type\":\"EntryPoint\",\"urlTemplate\":\"https:\\\/\\\/www.artout.ro\\\/lounge\\\/?s={search_term_string}\"},\"query-input\":{\"@type\":\"PropertyValueSpecification\",\"valueRequired\":true,\"valueName\":\"search_term_string\"}}],\"inLanguage\":\"ro-RO\"},{\"@type\":\"Organization\",\"@id\":\"https:\\\/\\\/www.artout.ro\\\/lounge\\\/#organization\",\"name\":\"Art Out Lounge\",\"url\":\"https:\\\/\\\/www.artout.ro\\\/lounge\\\/\",\"logo\":{\"@type\":\"ImageObject\",\"inLanguage\":\"ro-RO\",\"@id\":\"https:\\\/\\\/www.artout.ro\\\/lounge\\\/#\\\/schema\\\/logo\\\/image\\\/\",\"url\":\"https:\\\/\\\/www.artout.ro\\\/lounge\\\/wp-content\\\/uploads\\\/2021\\\/10\\\/cropped-ART-OUT-LOGO-slogan-vectorial.png\",\"contentUrl\":\"https:\\\/\\\/www.artout.ro\\\/lounge\\\/wp-content\\\/uploads\\\/2021\\\/10\\\/cropped-ART-OUT-LOGO-slogan-vectorial.png\",\"width\":1802,\"height\":854,\"caption\":\"Art Out Lounge\"},\"image\":{\"@id\":\"https:\\\/\\\/www.artout.ro\\\/lounge\\\/#\\\/schema\\\/logo\\\/image\\\/\"}},{\"@type\":\"Person\",\"@id\":\"\"}]}<\/script>\n<!-- \/ Yoast SEO plugin. -->","yoast_head_json":{"title":"Programul concertului JOHN ABERCROMBIE Quartet, de la Sala Radio - Art Out Lounge","robots":{"index":"index","follow":"follow","max-snippet":"max-snippet:-1","max-image-preview":"max-image-preview:large","max-video-preview":"max-video-preview:-1"},"canonical":"https:\/\/www.artout.ro\/lounge\/articole-art-out\/programul-concertului-john-abercrombie-quartet-de-la-sala-radio\/","og_locale":"ro_RO","og_type":"article","og_title":"Programul concertului JOHN ABERCROMBIE Quartet, de la Sala Radio - Art Out Lounge","og_description":"Mai sunt doar c\u00e2teva zile p\u00e2n\u0103 la concertul pe care legendarul jazzman JOHN ABERCROMBIE \u00eel va sus\u021bine la Sala Radio, din Bucure\u0219ti. Evenimentul va avea loc s\u00e2mb\u0103t\u0103, 17 octombrie, de la ora 20.00, urm\u00e2nd ca accesul spectatorilor \u00een sal\u0103 s\u0103 se fac\u0103 \u00eencep\u00e2nd cu ora 19.00. \u00cen acest moment, mai exist\u0103 un num\u0103r limitat de [&hellip;]","og_url":"https:\/\/www.artout.ro\/lounge\/articole-art-out\/programul-concertului-john-abercrombie-quartet-de-la-sala-radio\/","og_site_name":"Art Out Lounge","article_published_time":"2015-10-14T19:47:01+00:00","twitter_card":"summary_large_image","twitter_misc":{"Scris de":"","Timp estimat pentru citire":"2 minute"},"schema":{"@context":"https:\/\/schema.org","@graph":[{"@type":"Article","@id":"https:\/\/www.artout.ro\/lounge\/articole-art-out\/programul-concertului-john-abercrombie-quartet-de-la-sala-radio\/#article","isPartOf":{"@id":"https:\/\/www.artout.ro\/lounge\/articole-art-out\/programul-concertului-john-abercrombie-quartet-de-la-sala-radio\/"},"author":{"name":"","@id":""},"headline":"Programul concertului JOHN ABERCROMBIE Quartet, de la Sala Radio","datePublished":"2015-10-14T19:47:01+00:00","mainEntityOfPage":{"@id":"https:\/\/www.artout.ro\/lounge\/articole-art-out\/programul-concertului-john-abercrombie-quartet-de-la-sala-radio\/"},"wordCount":339,"commentCount":0,"publisher":{"@id":"https:\/\/www.artout.ro\/lounge\/#organization"},"articleSection":["General"],"inLanguage":"ro-RO","potentialAction":[{"@type":"CommentAction","name":"Comment","target":["https:\/\/www.artout.ro\/lounge\/articole-art-out\/programul-concertului-john-abercrombie-quartet-de-la-sala-radio\/#respond"]}]},{"@type":"WebPage","@id":"https:\/\/www.artout.ro\/lounge\/articole-art-out\/programul-concertului-john-abercrombie-quartet-de-la-sala-radio\/","url":"https:\/\/www.artout.ro\/lounge\/articole-art-out\/programul-concertului-john-abercrombie-quartet-de-la-sala-radio\/","name":"Programul concertului JOHN ABERCROMBIE Quartet, de la Sala Radio - Art Out Lounge","isPartOf":{"@id":"https:\/\/www.artout.ro\/lounge\/#website"},"datePublished":"2015-10-14T19:47:01+00:00","breadcrumb":{"@id":"https:\/\/www.artout.ro\/lounge\/articole-art-out\/programul-concertului-john-abercrombie-quartet-de-la-sala-radio\/#breadcrumb"},"inLanguage":"ro-RO","potentialAction":[{"@type":"ReadAction","target":["https:\/\/www.artout.ro\/lounge\/articole-art-out\/programul-concertului-john-abercrombie-quartet-de-la-sala-radio\/"]}]},{"@type":"BreadcrumbList","@id":"https:\/\/www.artout.ro\/lounge\/articole-art-out\/programul-concertului-john-abercrombie-quartet-de-la-sala-radio\/#breadcrumb","itemListElement":[{"@type":"ListItem","position":1,"name":"Prima pagin\u0103","item":"https:\/\/www.artout.ro\/lounge\/"},{"@type":"ListItem","position":2,"name":"Programul concertului JOHN ABERCROMBIE Quartet, de la Sala Radio"}]},{"@type":"WebSite","@id":"https:\/\/www.artout.ro\/lounge\/#website","url":"https:\/\/www.artout.ro\/lounge\/","name":"Art Out Lounge","description":"Revista, Arta, Arhitectura, Patrimoniu, Restaurare","publisher":{"@id":"https:\/\/www.artout.ro\/lounge\/#organization"},"potentialAction":[{"@type":"SearchAction","target":{"@type":"EntryPoint","urlTemplate":"https:\/\/www.artout.ro\/lounge\/?s={search_term_string}"},"query-input":{"@type":"PropertyValueSpecification","valueRequired":true,"valueName":"search_term_string"}}],"inLanguage":"ro-RO"},{"@type":"Organization","@id":"https:\/\/www.artout.ro\/lounge\/#organization","name":"Art Out Lounge","url":"https:\/\/www.artout.ro\/lounge\/","logo":{"@type":"ImageObject","inLanguage":"ro-RO","@id":"https:\/\/www.artout.ro\/lounge\/#\/schema\/logo\/image\/","url":"https:\/\/www.artout.ro\/lounge\/wp-content\/uploads\/2021\/10\/cropped-ART-OUT-LOGO-slogan-vectorial.png","contentUrl":"https:\/\/www.artout.ro\/lounge\/wp-content\/uploads\/2021\/10\/cropped-ART-OUT-LOGO-slogan-vectorial.png","width":1802,"height":854,"caption":"Art Out Lounge"},"image":{"@id":"https:\/\/www.artout.ro\/lounge\/#\/schema\/logo\/image\/"}},{"@type":"Person","@id":""}]}},"_links":{"self":[{"href":"https:\/\/www.artout.ro\/lounge\/wp-json\/wp\/v2\/posts\/9010","targetHints":{"allow":["GET"]}}],"collection":[{"href":"https:\/\/www.artout.ro\/lounge\/wp-json\/wp\/v2\/posts"}],"about":[{"href":"https:\/\/www.artout.ro\/lounge\/wp-json\/wp\/v2\/types\/post"}],"author":[{"embeddable":true,"href":"https:\/\/www.artout.ro\/lounge\/wp-json\/wp\/v2\/users\/4"}],"replies":[{"embeddable":true,"href":"https:\/\/www.artout.ro\/lounge\/wp-json\/wp\/v2\/comments?post=9010"}],"version-history":[{"count":1,"href":"https:\/\/www.artout.ro\/lounge\/wp-json\/wp\/v2\/posts\/9010\/revisions"}],"predecessor-version":[{"id":9011,"href":"https:\/\/www.artout.ro\/lounge\/wp-json\/wp\/v2\/posts\/9010\/revisions\/9011"}],"wp:attachment":[{"href":"https:\/\/www.artout.ro\/lounge\/wp-json\/wp\/v2\/media?parent=9010"}],"wp:term":[{"taxonomy":"category","embeddable":true,"href":"https:\/\/www.artout.ro\/lounge\/wp-json\/wp\/v2\/categories?post=9010"},{"taxonomy":"post_tag","embeddable":true,"href":"https:\/\/www.artout.ro\/lounge\/wp-json\/wp\/v2\/tags?post=9010"}],"curies":[{"name":"wp","href":"https:\/\/api.w.org\/{rel}","templated":true}]}}