{"id":9227,"date":"2015-11-25T12:11:05","date_gmt":"2015-11-25T12:11:05","guid":{"rendered":"http:\/\/artout.ro\/reviste\/blog\/?p=9227"},"modified":"2015-11-25T12:11:05","modified_gmt":"2015-11-25T12:11:05","slug":"2-cellos-va-invita-pe-6-decembrie-la-sala-palatului","status":"publish","type":"post","link":"https:\/\/www.artout.ro\/lounge\/articole-art-out\/2-cellos-va-invita-pe-6-decembrie-la-sala-palatului\/","title":{"rendered":"2 CELLOS VA INVITA PE 6 DECEMBRIE LA SALA PALATULUI"},"content":{"rendered":"<p><strong>Doua categorii de bilete pentru acest concert sunt epuizate<\/strong><strong>\u00a0<\/strong><\/p>\n<p>Celebra trupa 2Cellos, formata din doi muzicieni inzestrati cu calitati muzicale supra-omenesti, Luka Sulic si Stjepan Hauser revine in Romania, pe 6 Decembrie la Sala Palatului cu un show care nu trebuie ratat.<\/p>\n<p>Acompaniati de tobosarul Dusan Krajc , acestia vor sparge barierele intre muzica clasica si rock intr-o maniera cu totul orginala si ne vor arata ca Brahms, Elton John, ACDC sau Steve Vai au multe elemente in comun.<\/p>\n<p>2Cellos au sustinut anul trecut un concert senzational la Sala Palatului cu casa inchisa, acestia cucerind\u00a0 iremediabil publicul roman.<\/p>\n<p>Anul acesta, cei doi va invita sa luati parte la un show complex care va cuprinde atat eleganta si rafinamentul muzicii clasice, cat si momente de o nebunie muzicala si scenica absolut savuroase.<\/p>\n<p>Mai jos puteti urmari videoclipul cu invitatia baietilor:<\/p>\n<p><a href=\"https:\/\/www.youtube.com\/watch?v=LGERXUGxJ3s\">https:\/\/www.youtube.com\/watch?v=LGERXUGxJ3s<\/a><\/p>\n<p>Iubitorii de muzica care nu \u015fi-au achizitionat bilete pentru acest eveniment de amploare au motive s\u0103 se grabeasc\u0103, numarul locurilor disponibile scazand zilnic. Deocamdata, au mai ramas disponibile doar biletele la categoriile VIP,I si II. Biletele sunt disponibile in reteaua eventim si online pe <a href=\"http:\/\/www.eventim.ro\/\">www.eventim.ro<\/a>.<\/p>\n<p>&nbsp;<\/p>\n<p>&nbsp;<\/p>\n<p>&nbsp;<\/p>\n<p>&nbsp;<\/p>\n","protected":false},"excerpt":{"rendered":"<p>Doua categorii de bilete pentru acest concert sunt epuizate\u00a0 Celebra trupa 2Cellos, formata din doi muzicieni inzestrati cu calitati muzicale supra-omenesti, Luka Sulic si Stjepan Hauser revine in Romania, pe 6 Decembrie la Sala Palatului cu un show care nu trebuie ratat. Acompaniati de tobosarul Dusan Krajc , acestia vor sparge barierele intre muzica clasica [&hellip;]<\/p>\n","protected":false},"author":4,"featured_media":0,"comment_status":"open","ping_status":"open","sticky":false,"template":"","format":"standard","meta":{"ocean_post_layout":"","ocean_both_sidebars_style":"","ocean_both_sidebars_content_width":0,"ocean_both_sidebars_sidebars_width":0,"ocean_sidebar":"","ocean_second_sidebar":"","ocean_disable_margins":"enable","ocean_add_body_class":"","ocean_shortcode_before_top_bar":"","ocean_shortcode_after_top_bar":"","ocean_shortcode_before_header":"","ocean_shortcode_after_header":"","ocean_has_shortcode":"","ocean_shortcode_after_title":"","ocean_shortcode_before_footer_widgets":"","ocean_shortcode_after_footer_widgets":"","ocean_shortcode_before_footer_bottom":"","ocean_shortcode_after_footer_bottom":"","ocean_display_top_bar":"default","ocean_display_header":"default","ocean_header_style":"","ocean_center_header_left_menu":"","ocean_custom_header_template":"","ocean_custom_logo":0,"ocean_custom_retina_logo":0,"ocean_custom_logo_max_width":0,"ocean_custom_logo_tablet_max_width":0,"ocean_custom_logo_mobile_max_width":0,"ocean_custom_logo_max_height":0,"ocean_custom_logo_tablet_max_height":0,"ocean_custom_logo_mobile_max_height":0,"ocean_header_custom_menu":"","ocean_menu_typo_font_family":"","ocean_menu_typo_font_subset":"","ocean_menu_typo_font_size":0,"ocean_menu_typo_font_size_tablet":0,"ocean_menu_typo_font_size_mobile":0,"ocean_menu_typo_font_size_unit":"px","ocean_menu_typo_font_weight":"","ocean_menu_typo_font_weight_tablet":"","ocean_menu_typo_font_weight_mobile":"","ocean_menu_typo_transform":"","ocean_menu_typo_transform_tablet":"","ocean_menu_typo_transform_mobile":"","ocean_menu_typo_line_height":0,"ocean_menu_typo_line_height_tablet":0,"ocean_menu_typo_line_height_mobile":0,"ocean_menu_typo_line_height_unit":"","ocean_menu_typo_spacing":0,"ocean_menu_typo_spacing_tablet":0,"ocean_menu_typo_spacing_mobile":0,"ocean_menu_typo_spacing_unit":"","ocean_menu_link_color":"","ocean_menu_link_color_hover":"","ocean_menu_link_color_active":"","ocean_menu_link_background":"","ocean_menu_link_hover_background":"","ocean_menu_link_active_background":"","ocean_menu_social_links_bg":"","ocean_menu_social_hover_links_bg":"","ocean_menu_social_links_color":"","ocean_menu_social_hover_links_color":"","ocean_disable_title":"default","ocean_disable_heading":"default","ocean_post_title":"","ocean_post_subheading":"","ocean_post_title_style":"","ocean_post_title_background_color":"","ocean_post_title_background":0,"ocean_post_title_bg_image_position":"","ocean_post_title_bg_image_attachment":"","ocean_post_title_bg_image_repeat":"","ocean_post_title_bg_image_size":"","ocean_post_title_height":0,"ocean_post_title_bg_overlay":0.5,"ocean_post_title_bg_overlay_color":"","ocean_disable_breadcrumbs":"default","ocean_breadcrumbs_color":"","ocean_breadcrumbs_separator_color":"","ocean_breadcrumbs_links_color":"","ocean_breadcrumbs_links_hover_color":"","ocean_display_footer_widgets":"default","ocean_display_footer_bottom":"default","ocean_custom_footer_template":"","ocean_post_oembed":"","ocean_post_self_hosted_media":"","ocean_post_video_embed":"","ocean_link_format":"","ocean_link_format_target":"self","ocean_quote_format":"","ocean_quote_format_link":"post","ocean_gallery_link_images":"on","ocean_gallery_id":[],"footnotes":""},"categories":[1],"tags":[],"class_list":["post-9227","post","type-post","status-publish","format-standard","hentry","category-articole-art-out","entry","owp-thumbs-layout-horizontal","owp-btn-normal","owp-tabs-layout-horizontal","has-no-thumbnails","has-product-nav"],"yoast_head":"<!-- This site is optimized with the Yoast SEO plugin v27.5 - https:\/\/yoast.com\/product\/yoast-seo-wordpress\/ -->\n<title>2 CELLOS VA INVITA PE 6 DECEMBRIE LA SALA PALATULUI - Art Out Lounge<\/title>\n<meta name=\"robots\" content=\"index, follow, max-snippet:-1, max-image-preview:large, max-video-preview:-1\" \/>\n<link rel=\"canonical\" href=\"https:\/\/www.artout.ro\/lounge\/articole-art-out\/2-cellos-va-invita-pe-6-decembrie-la-sala-palatului\/\" \/>\n<meta property=\"og:locale\" content=\"ro_RO\" \/>\n<meta property=\"og:type\" content=\"article\" \/>\n<meta property=\"og:title\" content=\"2 CELLOS VA INVITA PE 6 DECEMBRIE LA SALA PALATULUI - Art Out Lounge\" \/>\n<meta property=\"og:description\" content=\"Doua categorii de bilete pentru acest concert sunt epuizate\u00a0 Celebra trupa 2Cellos, formata din doi muzicieni inzestrati cu calitati muzicale supra-omenesti, Luka Sulic si Stjepan Hauser revine in Romania, pe 6 Decembrie la Sala Palatului cu un show care nu trebuie ratat. Acompaniati de tobosarul Dusan Krajc , acestia vor sparge barierele intre muzica clasica [&hellip;]\" \/>\n<meta property=\"og:url\" content=\"https:\/\/www.artout.ro\/lounge\/articole-art-out\/2-cellos-va-invita-pe-6-decembrie-la-sala-palatului\/\" \/>\n<meta property=\"og:site_name\" content=\"Art Out Lounge\" \/>\n<meta property=\"article:published_time\" content=\"2015-11-25T12:11:05+00:00\" \/>\n<meta name=\"twitter:card\" content=\"summary_large_image\" \/>\n<meta name=\"twitter:label1\" content=\"Scris de\" \/>\n\t<meta name=\"twitter:data1\" content=\"\" \/>\n\t<meta name=\"twitter:label2\" content=\"Timp estimat pentru citire\" \/>\n\t<meta name=\"twitter:data2\" content=\"1 minut\" \/>\n<script type=\"application\/ld+json\" class=\"yoast-schema-graph\">{\"@context\":\"https:\\\/\\\/schema.org\",\"@graph\":[{\"@type\":\"Article\",\"@id\":\"https:\\\/\\\/www.artout.ro\\\/lounge\\\/articole-art-out\\\/2-cellos-va-invita-pe-6-decembrie-la-sala-palatului\\\/#article\",\"isPartOf\":{\"@id\":\"https:\\\/\\\/www.artout.ro\\\/lounge\\\/articole-art-out\\\/2-cellos-va-invita-pe-6-decembrie-la-sala-palatului\\\/\"},\"author\":{\"name\":\"\",\"@id\":\"\"},\"headline\":\"2 CELLOS VA INVITA PE 6 DECEMBRIE LA SALA PALATULUI\",\"datePublished\":\"2015-11-25T12:11:05+00:00\",\"mainEntityOfPage\":{\"@id\":\"https:\\\/\\\/www.artout.ro\\\/lounge\\\/articole-art-out\\\/2-cellos-va-invita-pe-6-decembrie-la-sala-palatului\\\/\"},\"wordCount\":205,\"commentCount\":0,\"publisher\":{\"@id\":\"https:\\\/\\\/www.artout.ro\\\/lounge\\\/#organization\"},\"articleSection\":[\"General\"],\"inLanguage\":\"ro-RO\",\"potentialAction\":[{\"@type\":\"CommentAction\",\"name\":\"Comment\",\"target\":[\"https:\\\/\\\/www.artout.ro\\\/lounge\\\/articole-art-out\\\/2-cellos-va-invita-pe-6-decembrie-la-sala-palatului\\\/#respond\"]}]},{\"@type\":\"WebPage\",\"@id\":\"https:\\\/\\\/www.artout.ro\\\/lounge\\\/articole-art-out\\\/2-cellos-va-invita-pe-6-decembrie-la-sala-palatului\\\/\",\"url\":\"https:\\\/\\\/www.artout.ro\\\/lounge\\\/articole-art-out\\\/2-cellos-va-invita-pe-6-decembrie-la-sala-palatului\\\/\",\"name\":\"2 CELLOS VA INVITA PE 6 DECEMBRIE LA SALA PALATULUI - Art Out Lounge\",\"isPartOf\":{\"@id\":\"https:\\\/\\\/www.artout.ro\\\/lounge\\\/#website\"},\"datePublished\":\"2015-11-25T12:11:05+00:00\",\"breadcrumb\":{\"@id\":\"https:\\\/\\\/www.artout.ro\\\/lounge\\\/articole-art-out\\\/2-cellos-va-invita-pe-6-decembrie-la-sala-palatului\\\/#breadcrumb\"},\"inLanguage\":\"ro-RO\",\"potentialAction\":[{\"@type\":\"ReadAction\",\"target\":[\"https:\\\/\\\/www.artout.ro\\\/lounge\\\/articole-art-out\\\/2-cellos-va-invita-pe-6-decembrie-la-sala-palatului\\\/\"]}]},{\"@type\":\"BreadcrumbList\",\"@id\":\"https:\\\/\\\/www.artout.ro\\\/lounge\\\/articole-art-out\\\/2-cellos-va-invita-pe-6-decembrie-la-sala-palatului\\\/#breadcrumb\",\"itemListElement\":[{\"@type\":\"ListItem\",\"position\":1,\"name\":\"Prima pagin\u0103\",\"item\":\"https:\\\/\\\/www.artout.ro\\\/lounge\\\/\"},{\"@type\":\"ListItem\",\"position\":2,\"name\":\"2 CELLOS VA INVITA PE 6 DECEMBRIE LA SALA PALATULUI\"}]},{\"@type\":\"WebSite\",\"@id\":\"https:\\\/\\\/www.artout.ro\\\/lounge\\\/#website\",\"url\":\"https:\\\/\\\/www.artout.ro\\\/lounge\\\/\",\"name\":\"Art Out Lounge\",\"description\":\"Revista, Arta, Arhitectura, Patrimoniu, Restaurare\",\"publisher\":{\"@id\":\"https:\\\/\\\/www.artout.ro\\\/lounge\\\/#organization\"},\"potentialAction\":[{\"@type\":\"SearchAction\",\"target\":{\"@type\":\"EntryPoint\",\"urlTemplate\":\"https:\\\/\\\/www.artout.ro\\\/lounge\\\/?s={search_term_string}\"},\"query-input\":{\"@type\":\"PropertyValueSpecification\",\"valueRequired\":true,\"valueName\":\"search_term_string\"}}],\"inLanguage\":\"ro-RO\"},{\"@type\":\"Organization\",\"@id\":\"https:\\\/\\\/www.artout.ro\\\/lounge\\\/#organization\",\"name\":\"Art Out Lounge\",\"url\":\"https:\\\/\\\/www.artout.ro\\\/lounge\\\/\",\"logo\":{\"@type\":\"ImageObject\",\"inLanguage\":\"ro-RO\",\"@id\":\"https:\\\/\\\/www.artout.ro\\\/lounge\\\/#\\\/schema\\\/logo\\\/image\\\/\",\"url\":\"https:\\\/\\\/www.artout.ro\\\/lounge\\\/wp-content\\\/uploads\\\/2021\\\/10\\\/cropped-ART-OUT-LOGO-slogan-vectorial.png\",\"contentUrl\":\"https:\\\/\\\/www.artout.ro\\\/lounge\\\/wp-content\\\/uploads\\\/2021\\\/10\\\/cropped-ART-OUT-LOGO-slogan-vectorial.png\",\"width\":1802,\"height\":854,\"caption\":\"Art Out Lounge\"},\"image\":{\"@id\":\"https:\\\/\\\/www.artout.ro\\\/lounge\\\/#\\\/schema\\\/logo\\\/image\\\/\"}},{\"@type\":\"Person\",\"@id\":\"\"}]}<\/script>\n<!-- \/ Yoast SEO plugin. -->","yoast_head_json":{"title":"2 CELLOS VA INVITA PE 6 DECEMBRIE LA SALA PALATULUI - Art Out Lounge","robots":{"index":"index","follow":"follow","max-snippet":"max-snippet:-1","max-image-preview":"max-image-preview:large","max-video-preview":"max-video-preview:-1"},"canonical":"https:\/\/www.artout.ro\/lounge\/articole-art-out\/2-cellos-va-invita-pe-6-decembrie-la-sala-palatului\/","og_locale":"ro_RO","og_type":"article","og_title":"2 CELLOS VA INVITA PE 6 DECEMBRIE LA SALA PALATULUI - Art Out Lounge","og_description":"Doua categorii de bilete pentru acest concert sunt epuizate\u00a0 Celebra trupa 2Cellos, formata din doi muzicieni inzestrati cu calitati muzicale supra-omenesti, Luka Sulic si Stjepan Hauser revine in Romania, pe 6 Decembrie la Sala Palatului cu un show care nu trebuie ratat. Acompaniati de tobosarul Dusan Krajc , acestia vor sparge barierele intre muzica clasica [&hellip;]","og_url":"https:\/\/www.artout.ro\/lounge\/articole-art-out\/2-cellos-va-invita-pe-6-decembrie-la-sala-palatului\/","og_site_name":"Art Out Lounge","article_published_time":"2015-11-25T12:11:05+00:00","twitter_card":"summary_large_image","twitter_misc":{"Scris de":"","Timp estimat pentru citire":"1 minut"},"schema":{"@context":"https:\/\/schema.org","@graph":[{"@type":"Article","@id":"https:\/\/www.artout.ro\/lounge\/articole-art-out\/2-cellos-va-invita-pe-6-decembrie-la-sala-palatului\/#article","isPartOf":{"@id":"https:\/\/www.artout.ro\/lounge\/articole-art-out\/2-cellos-va-invita-pe-6-decembrie-la-sala-palatului\/"},"author":{"name":"","@id":""},"headline":"2 CELLOS VA INVITA PE 6 DECEMBRIE LA SALA PALATULUI","datePublished":"2015-11-25T12:11:05+00:00","mainEntityOfPage":{"@id":"https:\/\/www.artout.ro\/lounge\/articole-art-out\/2-cellos-va-invita-pe-6-decembrie-la-sala-palatului\/"},"wordCount":205,"commentCount":0,"publisher":{"@id":"https:\/\/www.artout.ro\/lounge\/#organization"},"articleSection":["General"],"inLanguage":"ro-RO","potentialAction":[{"@type":"CommentAction","name":"Comment","target":["https:\/\/www.artout.ro\/lounge\/articole-art-out\/2-cellos-va-invita-pe-6-decembrie-la-sala-palatului\/#respond"]}]},{"@type":"WebPage","@id":"https:\/\/www.artout.ro\/lounge\/articole-art-out\/2-cellos-va-invita-pe-6-decembrie-la-sala-palatului\/","url":"https:\/\/www.artout.ro\/lounge\/articole-art-out\/2-cellos-va-invita-pe-6-decembrie-la-sala-palatului\/","name":"2 CELLOS VA INVITA PE 6 DECEMBRIE LA SALA PALATULUI - Art Out Lounge","isPartOf":{"@id":"https:\/\/www.artout.ro\/lounge\/#website"},"datePublished":"2015-11-25T12:11:05+00:00","breadcrumb":{"@id":"https:\/\/www.artout.ro\/lounge\/articole-art-out\/2-cellos-va-invita-pe-6-decembrie-la-sala-palatului\/#breadcrumb"},"inLanguage":"ro-RO","potentialAction":[{"@type":"ReadAction","target":["https:\/\/www.artout.ro\/lounge\/articole-art-out\/2-cellos-va-invita-pe-6-decembrie-la-sala-palatului\/"]}]},{"@type":"BreadcrumbList","@id":"https:\/\/www.artout.ro\/lounge\/articole-art-out\/2-cellos-va-invita-pe-6-decembrie-la-sala-palatului\/#breadcrumb","itemListElement":[{"@type":"ListItem","position":1,"name":"Prima pagin\u0103","item":"https:\/\/www.artout.ro\/lounge\/"},{"@type":"ListItem","position":2,"name":"2 CELLOS VA INVITA PE 6 DECEMBRIE LA SALA PALATULUI"}]},{"@type":"WebSite","@id":"https:\/\/www.artout.ro\/lounge\/#website","url":"https:\/\/www.artout.ro\/lounge\/","name":"Art Out Lounge","description":"Revista, Arta, Arhitectura, Patrimoniu, Restaurare","publisher":{"@id":"https:\/\/www.artout.ro\/lounge\/#organization"},"potentialAction":[{"@type":"SearchAction","target":{"@type":"EntryPoint","urlTemplate":"https:\/\/www.artout.ro\/lounge\/?s={search_term_string}"},"query-input":{"@type":"PropertyValueSpecification","valueRequired":true,"valueName":"search_term_string"}}],"inLanguage":"ro-RO"},{"@type":"Organization","@id":"https:\/\/www.artout.ro\/lounge\/#organization","name":"Art Out Lounge","url":"https:\/\/www.artout.ro\/lounge\/","logo":{"@type":"ImageObject","inLanguage":"ro-RO","@id":"https:\/\/www.artout.ro\/lounge\/#\/schema\/logo\/image\/","url":"https:\/\/www.artout.ro\/lounge\/wp-content\/uploads\/2021\/10\/cropped-ART-OUT-LOGO-slogan-vectorial.png","contentUrl":"https:\/\/www.artout.ro\/lounge\/wp-content\/uploads\/2021\/10\/cropped-ART-OUT-LOGO-slogan-vectorial.png","width":1802,"height":854,"caption":"Art Out Lounge"},"image":{"@id":"https:\/\/www.artout.ro\/lounge\/#\/schema\/logo\/image\/"}},{"@type":"Person","@id":""}]}},"_links":{"self":[{"href":"https:\/\/www.artout.ro\/lounge\/wp-json\/wp\/v2\/posts\/9227","targetHints":{"allow":["GET"]}}],"collection":[{"href":"https:\/\/www.artout.ro\/lounge\/wp-json\/wp\/v2\/posts"}],"about":[{"href":"https:\/\/www.artout.ro\/lounge\/wp-json\/wp\/v2\/types\/post"}],"author":[{"embeddable":true,"href":"https:\/\/www.artout.ro\/lounge\/wp-json\/wp\/v2\/users\/4"}],"replies":[{"embeddable":true,"href":"https:\/\/www.artout.ro\/lounge\/wp-json\/wp\/v2\/comments?post=9227"}],"version-history":[{"count":1,"href":"https:\/\/www.artout.ro\/lounge\/wp-json\/wp\/v2\/posts\/9227\/revisions"}],"predecessor-version":[{"id":9228,"href":"https:\/\/www.artout.ro\/lounge\/wp-json\/wp\/v2\/posts\/9227\/revisions\/9228"}],"wp:attachment":[{"href":"https:\/\/www.artout.ro\/lounge\/wp-json\/wp\/v2\/media?parent=9227"}],"wp:term":[{"taxonomy":"category","embeddable":true,"href":"https:\/\/www.artout.ro\/lounge\/wp-json\/wp\/v2\/categories?post=9227"},{"taxonomy":"post_tag","embeddable":true,"href":"https:\/\/www.artout.ro\/lounge\/wp-json\/wp\/v2\/tags?post=9227"}],"curies":[{"name":"wp","href":"https:\/\/api.w.org\/{rel}","templated":true}]}}